{"id":6849,"date":"2020-04-12T23:00:10","date_gmt":"2020-04-12T21:00:10","guid":{"rendered":"https:\/\/mbsniezna.rzeszow.pl\/?p=6849"},"modified":"2020-04-12T23:00:10","modified_gmt":"2020-04-12T21:00:10","slug":"poniedzialek-wielkanocny-ogloszenia-13-kwietnia-2020-r","status":"publish","type":"post","link":"https:\/\/mbsniezna.rzeszow.pl\/index.php\/2020\/04\/12\/poniedzialek-wielkanocny-ogloszenia-13-kwietnia-2020-r\/","title":{"rendered":"PONIEDZIA\u0141EK WIELKANOCNY \u2013 OG\u0141OSZENIA  13 KWIETNIA 2020 R."},"content":{"rendered":"<p>&nbsp;<\/p>\n<ol>\n<li>Trwa Oktawa Wielkanocna i Nowenna przed \u015awi\u0119tem Bo\u017cego Mi\u0142osierdzia.<span class=\"Apple-converted-space\">&nbsp;<\/span><\/li>\n<\/ol>\n<ol start=\"2\">\n<li>Ci\u0105gle obowi\u0105zuje nas zasada \u201ePozosta\u0144 w domu\u201d. W nabo\u017ce\u0144stwach mo\u017ce maksymalnie uczestniczy\u0107 5 os\u00f3b. Na niedziele i \u015bwi\u0119ta wszyscy mamy dyspens\u0119 od Mszy \u015bw. Uczestniczymy we Mszy \u015bw. za pomoc\u0105 medi\u00f3w. Dzisiaj transmisja Mszy \u015bw. o 10.30.<\/li>\n<\/ol>\n<ol start=\"3\">\n<li>W tygodniu Msza \u015bw. o 7.00 \u2013 z litani\u0105 do \u015bw. Rocha, patrona od zarazy i o 18.00 (z rozwa\u017caniem Bo\u017cego s\u0142owa) \u2013 transmitowana przez Internet.<\/li>\n<\/ol>\n<ol start=\"4\">\n<li>Ka\u017cdego dnia o 20.30 r\u00f3\u017caniec w intencji ustania epidemii \u2013 zapraszamy do wsp\u00f3lnej modlitwy poprzez Internet.<\/li>\n<\/ol>\n<ol start=\"5\">\n<li>W czwartek od 17.15 adoracja Naj\u015bwi\u0119tszego Sakramentu.<\/li>\n<\/ol>\n<ol start=\"6\">\n<li>W czwartek przypadaj\u0105 93 urodziny papie\u017ca Benedykta XVI \u2013 pami\u0119tajmy o nim w naszych modlitwach.<\/li>\n<\/ol>\n<ol start=\"7\">\n<li>W pi\u0105tek z racji Oktawy Wielkanocnej nie obowi\u0105zuje wstrzemi\u0119\u017aliwo\u015b\u0107 od pokarm\u00f3w mi\u0119snych.<\/li>\n<\/ol>\n<ol start=\"8\">\n<li>W przysz\u0142\u0105 niedziel\u0119 \u015awi\u0119to Bo\u017cego Mi\u0142osierdzia (dawniej Niedziela Bia\u0142a).<\/li>\n<\/ol>\n<ol start=\"9\">\n<li>Pragn\u0119 bardzo serdecznie podzi\u0119kowa\u0107 naszym ksi\u0119\u017com wikariuszom Damianowi i Micha\u0142owi: za zorganizowanie transmisji Mszy \u015bw. i innych nabo\u017ce\u0144stw, za prowadzenie duszpasterstwa doros\u0142ych, m\u0142odzie\u017cy i dzieci poprzez Internet oraz z przygotowanie i przeprowadzenie liturgii Triduum. Za pomoc dzi\u0119kujemy ks. Stanis\u0142awowi.<\/li>\n<\/ol>\n<ol start=\"10\">\n<li>Siostrom dzi\u0119kujemy za zaanga\u017cowanie w liturgi\u0119 i prowadzenie modlitw, a siostrze zakrystiance, pani sprz\u0105taj\u0105cej i osobom wspomagaj\u0105cym za przygotowanie ko\u015bcio\u0142a na \u015bwi\u0119ta. Dzi\u0119kujemy panu organi\u015bcie i panu \u0141ukaszowi.<\/li>\n<\/ol>\n<ol start=\"11\">\n<li>\u201eKoronawirus nie mo\u017ce zabi\u0107 naszej wiary w Jezusa, a wprowadzone obostrzenia powstrzyma\u0107 szczerej modlitwy w naszych domach\u201d (abp Pizzaballa \u2013 administrator \u0142aci\u0144skiego patriarchatu Jerozolimy). W tych realiach jakie s\u0105 dbajmy o nasz\u0105 wiar\u0119 i o nasze \u017cycie religijne, kt\u00f3re teraz spe\u0142nia si\u0119 g\u0142\u00f3wnie w rodzinach. Dzi\u0119kujemy wszystkim, kt\u00f3rzy rekolekcje wielkopostne, niedziele i<span class=\"Apple-converted-space\">&nbsp; <\/span>Triduum Paschalne prze\u017cywali z parafi\u0105 przez transmisje, i tym kt\u00f3rzy codziennie trwaj\u0105 z nami na modlitwie poprzez Internet. Dzi\u0119kujemy tym, kt\u00f3rzy przeprowadzali w rodzinach proponowane liturgie domowe. Zapewne przyniesie to owoce. Przez jaki\u015b czas b\u0119dziemy pozostawa\u0107 parafi\u0105 internetow\u0105. Prosimy \u015bledzi\u0107 parafialnego FB. B\u0119dziemy przedk\u0142adali r\u00f3\u017cne propozycje formacyjne \u2013 zapraszamy do wsp\u00f3\u0142pracy. Pomy\u015blmy te\u017c o domowym o\u0142tarzyku-k\u0105ciku do modlitwy.<\/li>\n<\/ol>\n","protected":false},"excerpt":{"rendered":"<p>&#8230;<\/p>\n","protected":false},"author":1,"featured_media":6845,"comment_status":"closed","ping_status":"open","sticky":false,"template":"","format":"standard","meta":{"ngg_post_thumbnail":0,"footnotes":""},"categories":[25,13,14],"tags":[],"class_list":["post-6849","post","type-post","status-publish","format-standard","has-post-thumbnail","hentry","category-news","category-newsy","category-ogloszenia_duszp"],"_links":{"self":[{"href":"https:\/\/mbsniezna.rzeszow.pl\/index.php\/wp-json\/wp\/v2\/posts\/6849","targetHints":{"allow":["GET"]}}],"collection":[{"href":"https:\/\/mbsniezna.rzeszow.pl\/index.php\/wp-json\/wp\/v2\/posts"}],"about":[{"href":"https:\/\/mbsniezna.rzeszow.pl\/index.php\/wp-json\/wp\/v2\/types\/post"}],"author":[{"embeddable":true,"href":"https:\/\/mbsniezna.rzeszow.pl\/index.php\/wp-json\/wp\/v2\/users\/1"}],"replies":[{"embeddable":true,"href":"https:\/\/mbsniezna.rzeszow.pl\/index.php\/wp-json\/wp\/v2\/comments?post=6849"}],"version-history":[{"count":2,"href":"https:\/\/mbsniezna.rzeszow.pl\/index.php\/wp-json\/wp\/v2\/posts\/6849\/revisions"}],"predecessor-version":[{"id":6851,"href":"https:\/\/mbsniezna.rzeszow.pl\/index.php\/wp-json\/wp\/v2\/posts\/6849\/revisions\/6851"}],"wp:featuredmedia":[{"embeddable":true,"href":"https:\/\/mbsniezna.rzeszow.pl\/index.php\/wp-json\/wp\/v2\/media\/6845"}],"wp:attachment":[{"href":"https:\/\/mbsniezna.rzeszow.pl\/index.php\/wp-json\/wp\/v2\/media?parent=6849"}],"wp:term":[{"taxonomy":"category","embeddable":true,"href":"https:\/\/mbsniezna.rzeszow.pl\/index.php\/wp-json\/wp\/v2\/categories?post=6849"},{"taxonomy":"post_tag","embeddable":true,"href":"https:\/\/mbsniezna.rzeszow.pl\/index.php\/wp-json\/wp\/v2\/tags?post=6849"}],"curies":[{"name":"wp","href":"https:\/\/api.w.org\/{rel}","templated":true}]}}