{"id":6897,"date":"2020-05-23T21:09:12","date_gmt":"2020-05-23T19:09:12","guid":{"rendered":"https:\/\/mbsniezna.rzeszow.pl\/?p=6897"},"modified":"2020-05-23T21:11:30","modified_gmt":"2020-05-23T19:11:30","slug":"intencje-mszalne-25-31-05-2020-r","status":"publish","type":"post","link":"https:\/\/mbsniezna.rzeszow.pl\/index.php\/2020\/05\/23\/intencje-mszalne-25-31-05-2020-r\/","title":{"rendered":"Intencje Mszalne 25- 31.05.2020 r."},"content":{"rendered":"<p>&nbsp;<\/p>\n<p>Poniedzia\u0142ek: 25.05<\/p>\n<table cellspacing=\"0\" cellpadding=\"0\">\n<tbody>\n<tr>\n<td valign=\"middle\">7.00<\/td>\n<td valign=\"top\">1. O Bo\u017ce b\u0142ogos\u0142awie\u0144stwo, dary Ducha \u015awi\u0119tego i opiek\u0119 Matki Bo\u017cej w \u017cyciu ma\u0142\u017ce\u0144skim dla Marii i Tomka<\/p>\n<p>2. + Zofia P\u0142onka (25)<\/p>\n<p>3. + J\u00f3zef Tobiasz od Zofii Anny Kalita<\/td>\n<\/tr>\n<tr>\n<td valign=\"middle\">18.00<\/td>\n<td valign=\"top\">1. + Maria, J\u00f3zef, Tadeusz, Mieczys\u0142aw G\u0142odowscy; + Zofia \u017bmuda (22) w Tarnoszynie<\/p>\n<p>2. + Eugeniusz Szura w 7 dzie\u0144 od \u015bmierci od rodziny G\u0142odowskich<\/p>\n<p>3. Dzi\u0119kczynna<span class=\"Apple-converted-space\">&nbsp; <\/span>za prze\u017cyte 74 lata z pro\u015bb\u0105 o dalsz\u0105 Bo\u017c\u0105 opiek\u0119 dla Zofii<\/td>\n<\/tr>\n<\/tbody>\n<\/table>\n<p>Wtorek: 26.05<\/p>\n<table cellspacing=\"0\" cellpadding=\"0\">\n<tbody>\n<tr>\n<td valign=\"middle\">7.00<\/td>\n<td valign=\"top\">1. O Bo\u017ce b\u0142ogos\u0142awie\u0144stwo, dary Ducha \u015awi\u0119tego i opiek\u0119 Matki Bo\u017cej w \u017cyciu ma\u0142\u017ce\u0144skim dla Marii i Tomka<\/p>\n<p>2. + Zofia P\u0142onka (26)<\/p>\n<p>3. + Julia, W\u0142adys\u0142aw, Eugeniusz<\/p>\n<p>4.<span class=\"Apple-converted-space\">&nbsp; <\/span>+ Kazimierz Piela od koleg\u00f3w syna Jana z Konsalmetu<\/td>\n<\/tr>\n<tr>\n<td valign=\"middle\">18.00<\/td>\n<td valign=\"top\">1. + Czes\u0142awa Ziemniak, Maria Mucha; + Zofia \u017bmuda (23)<span class=\"Apple-converted-space\">&nbsp; <\/span>w Tarnoszynie<\/p>\n<p>2. + Zofia Krok<\/p>\n<p>3. O zdrowie dla Wandy<\/td>\n<\/tr>\n<\/tbody>\n<\/table>\n<p>\u015aroda: 27.05<\/p>\n<table cellspacing=\"0\" cellpadding=\"0\">\n<tbody>\n<tr>\n<td valign=\"middle\">7.00<\/td>\n<td valign=\"top\">1. O Bo\u017ce b\u0142ogos\u0142awie\u0144stwo, Dary Ducha \u015awi\u0119tego i opiek\u0119 Matki Bo\u017cej z \u017cyciu ma\u0142\u017ce\u0144skim Marii i Tomka<\/p>\n<p>2. O Bo\u017ce b\u0142ogos\u0142awie\u0144stwo, dary Ducha \u015awi\u0119tego, opiek\u0119 Matki Bo\u017cej i \u0142ask\u0119 zdrowia dla Lucyny<\/p>\n<p>3. + Zofia P\u0142onka (27)<\/td>\n<\/tr>\n<tr>\n<td valign=\"middle\">18.00<\/td>\n<td valign=\"top\">1. + Maria Szczygie\u0142 (4 rocz.); + Zofia \u017bmuda (24)<span class=\"Apple-converted-space\">&nbsp; <\/span>w Tarnoszynie<\/p>\n<p>2. W intencji Grzegorza w 31 urodziny i Kamila w 29 urodziny o b\u0142og. Bo\u017ce i opiek\u0119 Matki Bo\u017cej \u015anie\u017cnej<\/td>\n<\/tr>\n<\/tbody>\n<\/table>\n<p>Czwartek: 28.05<\/p>\n<table cellspacing=\"0\" cellpadding=\"0\">\n<tbody>\n<tr>\n<td valign=\"middle\">7.00<\/td>\n<td valign=\"top\">1. O Bo\u017ce b\u0142ogos\u0142awie\u0144stwo, Dary Ducha \u015awi\u0119tego i opiek\u0119 Matki Bo\u017cej z \u017cyciu ma\u0142\u017ce\u0144skim Marii i Tomka<span class=\"Apple-converted-space\">&nbsp;<\/span><\/p>\n<p>2. + Zofia P\u0142onka (28)<\/td>\n<\/tr>\n<tr>\n<td valign=\"middle\">18.00<\/td>\n<td valign=\"top\">1. + Maria Kawa (1 rocz.), Antoni Kawa 930 rocz.); + Zofia \u017bmuda (25) w Tarnoszynie<\/p>\n<p>2. Dzi\u0119kczynna za szcz\u0119\u015bliw\u0105 operacj\u0119 i o zdrowie dla Danuty<\/td>\n<\/tr>\n<\/tbody>\n<\/table>\n<p>Pi\u0105tek: 29.05<\/p>\n<table cellspacing=\"0\" cellpadding=\"0\">\n<tbody>\n<tr>\n<td valign=\"middle\">7.00<\/td>\n<td valign=\"top\">1.<span class=\"Apple-converted-space\">&nbsp; <\/span>O Bo\u017ce b\u0142ogos\u0142awie\u0144stwo, Dary Ducha \u015awi\u0119tego i opiek\u0119 Matki Bo\u017cej z \u017cyciu ma\u0142\u017ce\u0144skim Marii i Tomka<\/p>\n<p>2. + Zofia P\u0142onka (29)<\/p>\n<p>3. + Julia, W\u0142adys\u0142aw, Eugeniusz<\/p>\n<p>4. + Teresa Zimny od Krystyny Wiercioszek<\/td>\n<\/tr>\n<tr>\n<td valign=\"middle\">18.00<\/td>\n<td valign=\"top\">1. +<span class=\"Apple-converted-space\">&nbsp; <\/span>Dorota R\u00f3g, Katarzyna i Jan Kawa; + Zofia \u017bmuda (26) w Tarnoszynie<\/p>\n<p>2. + Zofia \u017bmuda od Haliny T\u0142uczek z rodzin\u0105<\/td>\n<\/tr>\n<\/tbody>\n<\/table>\n<p>Sobota: 30.05<\/p>\n<table cellspacing=\"0\" cellpadding=\"0\">\n<tbody>\n<tr>\n<td valign=\"middle\">7.00<\/td>\n<td valign=\"top\">1. O Bo\u017ce b\u0142ogos\u0142awie\u0144stwo, Dary Ducha \u015awi\u0119tego i opiek\u0119 Matki Bo\u017cej z \u017cyciu ma\u0142\u017ce\u0144skim Marii i Tomka<\/p>\n<p>2. + Zofia P\u0142onka (30) \u2013 zako\u0144czenie Mszy gregoria\u0144skich<\/p>\n<p>3. + Jadwiga Dobek od Stanis\u0142awa Dobek z rodzin\u0105<\/td>\n<\/tr>\n<tr>\n<td valign=\"middle\">18.00<\/td>\n<td valign=\"top\">1. + J\u00f3zef Rze\u017anik i ++ z rodziny; + Zofia \u017bmuda (27) w Tarnoszynie<\/td>\n<\/tr>\n<\/tbody>\n<\/table>\n<p>NIEDZIELA: 31.05<\/p>\n<table cellspacing=\"0\" cellpadding=\"0\">\n<tbody>\n<tr>\n<td valign=\"middle\">7.00<\/td>\n<td valign=\"top\">1.<span class=\"Apple-converted-space\">&nbsp; <\/span>O b\u0142og. Bo\u017ce, dary Ducha \u015awi\u0119tego i opiek\u0119 Matki Bo\u017cej w \u017cyciu ma\u0142\u017ce\u0144skim dla Marii i Tomasza<\/td>\n<\/tr>\n<tr>\n<td valign=\"middle\">9.00<\/td>\n<td valign=\"top\">1. + Maria, Bronis\u0142awa, W\u0142adys\u0142aw Siwy; + Zofia \u017bmuda (28) w Tarnoszynie<\/p>\n<p>2. O b\u0142ogos\u0142awie\u0144stwo Bo\u017ce dla s. Anieli z racji imienin<\/td>\n<\/tr>\n<tr>\n<td valign=\"middle\">10.30<\/td>\n<td valign=\"top\">1. O b\u0142og. Bo\u017ce dla Mileny w 1 urodziny<\/p>\n<p>2. + Alfred Pa\u015bko, Janina<\/td>\n<\/tr>\n<tr>\n<td valign=\"middle\">12.00<\/td>\n<td valign=\"top\">1. Za parafian \u017cywych i zmar\u0142ych<\/td>\n<\/tr>\n<tr>\n<td valign=\"middle\">16.00<\/td>\n<td valign=\"top\">1. + Mieczys\u0142aw Trojan (12 rocz.)<\/td>\n<\/tr>\n<tr>\n<td valign=\"middle\">18.00<\/td>\n<td valign=\"top\">1. + Maria, Stanis\u0142aw Chmiel<\/td>\n<\/tr>\n<\/tbody>\n<\/table>\n","protected":false},"excerpt":{"rendered":"<p>&#8230;<\/p>\n","protected":false},"author":1,"featured_media":6902,"comment_status":"closed","ping_status":"open","sticky":false,"template":"","format":"standard","meta":{"ngg_post_thumbnail":0,"footnotes":""},"categories":[4,25,13],"tags":[],"class_list":["post-6897","post","type-post","status-publish","format-standard","has-post-thumbnail","hentry","category-intencje","category-news","category-newsy"],"_links":{"self":[{"href":"https:\/\/mbsniezna.rzeszow.pl\/index.php\/wp-json\/wp\/v2\/posts\/6897","targetHints":{"allow":["GET"]}}],"collection":[{"href":"https:\/\/mbsniezna.rzeszow.pl\/index.php\/wp-json\/wp\/v2\/posts"}],"about":[{"href":"https:\/\/mbsniezna.rzeszow.pl\/index.php\/wp-json\/wp\/v2\/types\/post"}],"author":[{"embeddable":true,"href":"https:\/\/mbsniezna.rzeszow.pl\/index.php\/wp-json\/wp\/v2\/users\/1"}],"replies":[{"embeddable":true,"href":"https:\/\/mbsniezna.rzeszow.pl\/index.php\/wp-json\/wp\/v2\/comments?post=6897"}],"version-history":[{"count":2,"href":"https:\/\/mbsniezna.rzeszow.pl\/index.php\/wp-json\/wp\/v2\/posts\/6897\/revisions"}],"predecessor-version":[{"id":6901,"href":"https:\/\/mbsniezna.rzeszow.pl\/index.php\/wp-json\/wp\/v2\/posts\/6897\/revisions\/6901"}],"wp:featuredmedia":[{"embeddable":true,"href":"https:\/\/mbsniezna.rzeszow.pl\/index.php\/wp-json\/wp\/v2\/media\/6902"}],"wp:attachment":[{"href":"https:\/\/mbsniezna.rzeszow.pl\/index.php\/wp-json\/wp\/v2\/media?parent=6897"}],"wp:term":[{"taxonomy":"category","embeddable":true,"href":"https:\/\/mbsniezna.rzeszow.pl\/index.php\/wp-json\/wp\/v2\/categories?post=6897"},{"taxonomy":"post_tag","embeddable":true,"href":"https:\/\/mbsniezna.rzeszow.pl\/index.php\/wp-json\/wp\/v2\/tags?post=6897"}],"curies":[{"name":"wp","href":"https:\/\/api.w.org\/{rel}","templated":true}]}}