{"id":6903,"date":"2020-05-23T21:12:22","date_gmt":"2020-05-23T19:12:22","guid":{"rendered":"https:\/\/mbsniezna.rzeszow.pl\/?p=6903"},"modified":"2020-05-23T21:12:22","modified_gmt":"2020-05-23T19:12:22","slug":"vii-niedziela-wielkanocna-wniebowstapienie-panskie-24-maja-2020-r","status":"publish","type":"post","link":"https:\/\/mbsniezna.rzeszow.pl\/index.php\/2020\/05\/23\/vii-niedziela-wielkanocna-wniebowstapienie-panskie-24-maja-2020-r\/","title":{"rendered":"VII NIEDZIELA WIELKANOCNA \u2013 WNIEBOWST\u0104PIENIE PA\u0143SKIE  24 MAJA 2020 R."},"content":{"rendered":"<p>&nbsp;<\/p>\n<ol>\n<li>Dzisiejsze transmisje: 10.30 Msza \u015bw. z nabo\u017ce\u0144stwem majowym, 20.30 r\u00f3\u017caniec.<\/li>\n<\/ol>\n<ol start=\"2\">\n<li>W tygodniu Msze \u015bw. o 7.00 z Litani\u0105 do \u015bw. Szymona z Lipnicy i 18.00 z nabo\u017ce\u0144stwem majowym i nowenn\u0105 przed Zes\u0142aniem Ducha \u015awi\u0119tego \u2013 transmisja.<\/li>\n<\/ol>\n<ol start=\"3\">\n<li>We wtorek Dzie\u0144 Matki. Z wdzi\u0119czno\u015bci\u0105 modlimy si\u0119 za nasze mamy \u017cyj\u0105ce i zmar\u0142e.<\/li>\n<\/ol>\n<ol start=\"4\">\n<li>Ka\u017cdego dnia o 20.30 r\u00f3\u017caniec w intencji ust\u0105pienia epidemii \u2013 transmisja.<\/li>\n<\/ol>\n<ol start=\"5\">\n<li>Zapraszamy do spowiedzi wielkanocnej p\u00f3\u0142 godziny przed Msz\u0105 porann\u0105 i wieczorn\u0105. Na spe\u0142nienie tej religijnej powinno\u015bci pozosta\u0142o nam jeszcze 2 tygodnie.<\/li>\n<\/ol>\n<ol start=\"6\">\n<li>Ko\u015bci\u00f3\u0142 jest otwarty ca\u0142y dzie\u0144 \u2013 zapraszamy na modlitw\u0119.<\/li>\n<\/ol>\n<ol start=\"7\">\n<li>Zapraszamy do udzia\u0142u we Mszach \u015bw. i nabo\u017ce\u0144stwach, oraz do korzystania z sakrament\u00f3w \u015bwi\u0119tych, ale z zachowaniem rygor\u00f3w stanu epidemii: wchodzimy do ko\u015bcio\u0142a bocznym wej\u015bciem, nos i usta mamy zas\u0142oni\u0119te maseczk\u0105, przy wej\u015bciu dokonujemy dezynfekcji r\u0105k, zajmujemy miejsca w 2-metrowej odleg\u0142o\u015bci od siebie, znak pokoju przekazujemy sk\u0142onem g\u0142owy, Komuni\u0119 \u015bw. przyjmujemy na r\u0119k\u0119 &#8211; na praw\u0105 d\u0142o\u0144 nak\u0142adamy lew\u0105, na kt\u00f3rej kap\u0142an po dialogu \u201eCia\u0142o Chrystusa \u2013 Amen\u201d k\u0142adzie nam Cia\u0142o Pa\u0144skie, kt\u00f3re bierzemy praw\u0105 d\u0142oni\u0105 i spo\u017cywamy. Po spo\u017cyciu wstajemy z kl\u0119czek i powracamy na miejsce. Limit os\u00f3b w ko\u015bciele 75.<\/li>\n<\/ol>\n<ol start=\"8\">\n<li>W czwartek od 17.15 adoracja i mo\u017cliwo\u015b\u0107 spowiedzi. O 20.30 nabo\u017ce\u0144stwo Drogi \u015awiat\u0142a \u2013 transmisja.<\/li>\n<\/ol>\n<ol start=\"9\">\n<li>W niedziel\u0119 uroczysto\u015b\u0107 Zes\u0142ania Ducha \u015awi\u0119tego (Zielone \u015awi\u0105tki).<\/li>\n<\/ol>\n<ol start=\"10\">\n<li>W naszej parafii codziennie s\u0105 I Komunie \u015bw. o charakterze rodzinnym. Dzieci wraz z rodzicami, rodzicami chrzestnymi, rodze\u0144stwem i dziadkami prosimy do spowiedzi dzie\u0144 wcze\u015bniej o 17.30 lub p\u00f3\u0142 godziny przed Msz\u0105 komunijn\u0105. Rodzicom dzi\u0119kujemy za przygotowanie ko\u015bcio\u0142a.<\/li>\n<\/ol>\n<ol start=\"11\">\n<li>Zapowiedzi: Robert G\u0142odowski- Dominika Tarnowska (zap. I); Dominik Chmiel \u2013 Katarzyna Konefa\u0142 (zap. II).<\/li>\n<\/ol>\n<ol start=\"12\">\n<li>B\u00f3g zap\u0142a\u0107 za ofiary na sprz\u0105tanie ko\u015bcio\u0142a, w tym tygodniu z ul. Jana Paw\u0142a II prosimy rodziny z numer\u00f3w: 121, 125, 137, 143, 147, 151, 153, 159, 171, 173, 183, 187, 189.<\/li>\n<\/ol>\n<ol start=\"13\">\n<li>Dzi\u0119kujemy za ofiary na funkcjonowanie parafii \u2013 przynoszone osobi\u015bcie lub wp\u0142acane na konto. W niedziel\u0119 ofiary mo\u017cemy sk\u0142ada\u0107 do koszyka przy bocznym wyj\u015bciu, w dni powszednie do skarbony w balaskach przed \u015bw. Antonim. Konto parafialne jest podane na stronie parafialnej oraz w og\u0142oszeniach: 52 9164 0008 2001 0002 4152 0001. B\u00f3g zap\u0142a\u0107<span class=\"Apple-converted-space\">&nbsp; <\/span>ofiarodawcom.<\/li>\n<\/ol>\n<ol start=\"14\">\n<li>Na stoliku za \u0142awkami s\u0105 nowe gazety oraz folderki o Janie Pawle II przygotowane przez Caritas.<\/li>\n<\/ol>\n","protected":false},"excerpt":{"rendered":"<p>&#8230;<\/p>\n","protected":false},"author":1,"featured_media":6899,"comment_status":"closed","ping_status":"open","sticky":false,"template":"","format":"standard","meta":{"ngg_post_thumbnail":0,"footnotes":""},"categories":[25,13,14],"tags":[],"class_list":["post-6903","post","type-post","status-publish","format-standard","has-post-thumbnail","hentry","category-news","category-newsy","category-ogloszenia_duszp"],"_links":{"self":[{"href":"https:\/\/mbsniezna.rzeszow.pl\/index.php\/wp-json\/wp\/v2\/posts\/6903","targetHints":{"allow":["GET"]}}],"collection":[{"href":"https:\/\/mbsniezna.rzeszow.pl\/index.php\/wp-json\/wp\/v2\/posts"}],"about":[{"href":"https:\/\/mbsniezna.rzeszow.pl\/index.php\/wp-json\/wp\/v2\/types\/post"}],"author":[{"embeddable":true,"href":"https:\/\/mbsniezna.rzeszow.pl\/index.php\/wp-json\/wp\/v2\/users\/1"}],"replies":[{"embeddable":true,"href":"https:\/\/mbsniezna.rzeszow.pl\/index.php\/wp-json\/wp\/v2\/comments?post=6903"}],"version-history":[{"count":2,"href":"https:\/\/mbsniezna.rzeszow.pl\/index.php\/wp-json\/wp\/v2\/posts\/6903\/revisions"}],"predecessor-version":[{"id":6905,"href":"https:\/\/mbsniezna.rzeszow.pl\/index.php\/wp-json\/wp\/v2\/posts\/6903\/revisions\/6905"}],"wp:featuredmedia":[{"embeddable":true,"href":"https:\/\/mbsniezna.rzeszow.pl\/index.php\/wp-json\/wp\/v2\/media\/6899"}],"wp:attachment":[{"href":"https:\/\/mbsniezna.rzeszow.pl\/index.php\/wp-json\/wp\/v2\/media?parent=6903"}],"wp:term":[{"taxonomy":"category","embeddable":true,"href":"https:\/\/mbsniezna.rzeszow.pl\/index.php\/wp-json\/wp\/v2\/categories?post=6903"},{"taxonomy":"post_tag","embeddable":true,"href":"https:\/\/mbsniezna.rzeszow.pl\/index.php\/wp-json\/wp\/v2\/tags?post=6903"}],"curies":[{"name":"wp","href":"https:\/\/api.w.org\/{rel}","templated":true}]}}