{"id":7009,"date":"2020-07-26T00:23:09","date_gmt":"2020-07-25T22:23:09","guid":{"rendered":"https:\/\/mbsniezna.rzeszow.pl\/?p=7009"},"modified":"2020-07-27T20:01:31","modified_gmt":"2020-07-27T18:01:31","slug":"intencje-mszalne-27-07-2-08-2020-r","status":"publish","type":"post","link":"https:\/\/mbsniezna.rzeszow.pl\/index.php\/2020\/07\/26\/intencje-mszalne-27-07-2-08-2020-r\/","title":{"rendered":"Intencje Mszalne 27.07- 2.08.2020 r."},"content":{"rendered":"<p>Poniedzia\u0142ek: 27.07<\/p>\n<table cellspacing=\"0\" cellpadding=\"0\">\n<tbody>\n<tr>\n<td valign=\"middle\">7.00<\/td>\n<td valign=\"top\">1. +Zofia Bem<\/p>\n<p>2. + J\u00f3zef Tobiasz od rodziny Tobiasz\u00f3w i \u0141uk\u00f3w z Tyczyna<\/p>\n<p>3. + Aleksandra G\u0142odowska od Marii i W\u0142odzimierza Fic<\/td>\n<\/tr>\n<tr>\n<td valign=\"middle\">18.00<\/td>\n<td valign=\"top\">1. + Kazimierz, Katarzyna Krok<\/p>\n<p>2. + Stanis\u0142awa, Pawe\u0142 Mikrut<\/p>\n<p>*+ Dorota Matu\u0142a (27) Tarnoszyn<\/td>\n<\/tr>\n<\/tbody>\n<\/table>\n<p>Wtorek: 28.07<\/p>\n<table cellspacing=\"0\" cellpadding=\"0\">\n<tbody>\n<tr>\n<td valign=\"middle\">7.00<\/td>\n<td valign=\"top\">1. + s. Edwiges Opali\u0144ski<\/p>\n<p>2. + Katarzyna Pr\u0119dka od Ireny Guga\u0142a<\/td>\n<\/tr>\n<tr>\n<td valign=\"middle\">18.00<\/td>\n<td valign=\"top\">1. + Marek, Czes\u0142aw Szyd\u0142owski<\/p>\n<p>2. O b\u0142og. Bo\u017ce dla Karoliny \u015alemp w 18 urodziny<\/p>\n<p>*+ Dorota Matu\u0142a (28) Tarnoszyn<\/td>\n<\/tr>\n<\/tbody>\n<\/table>\n<p>\u015aroda: 29.07<\/p>\n<table cellspacing=\"0\" cellpadding=\"0\">\n<tbody>\n<tr>\n<td valign=\"middle\">7.00<\/td>\n<td valign=\"top\">1. + s. Marina Ferrari<\/p>\n<p>2. + Adam Ha\u0142o\u0144 od wnuczki Karoliny<\/td>\n<\/tr>\n<tr>\n<td valign=\"middle\">18.00<\/td>\n<td valign=\"top\">1. + Janusz, Stanis\u0142aw Kotula<\/p>\n<p>*+ Dorota Matu\u0142a (29) Tarnoszyn<\/td>\n<\/tr>\n<\/tbody>\n<\/table>\n<p>Czwartek: 30.07<\/p>\n<table cellspacing=\"0\" cellpadding=\"0\">\n<tbody>\n<tr>\n<td valign=\"middle\">7.00<\/td>\n<td valign=\"top\">1. + Katarzyna Pr\u0119dka od wnuka Darka<\/p>\n<p>2. + Jan Rozmus od Krystyny Kardy\u015b z Grochowego<\/td>\n<\/tr>\n<tr>\n<td valign=\"middle\">18.00<\/td>\n<td valign=\"top\">1. + Emil Ko\u015bci\u00f3\u0142ek (14 rocz.)<\/p>\n<p>2. + Stefan P\u0105czek od Marii W\u0105sik<\/p>\n<p>*+ Dorota Matu\u0142a (30) \u2013 zako\u0144czenie Mszy gregoria\u0144skich w Tarnoszynie<\/td>\n<\/tr>\n<\/tbody>\n<\/table>\n<p>Pi\u0105tek: 31.07<\/p>\n<table cellspacing=\"0\" cellpadding=\"0\">\n<tbody>\n<tr>\n<td valign=\"middle\">7.00<\/td>\n<td valign=\"top\">1.<span class=\"Apple-converted-space\">&nbsp; <\/span>O b\u0142og. Bo\u017ce dla \u0141ucji Augustynek w 7 urodziny<\/p>\n<p>2. + Jadwiga Dobek (1 rocz.)<\/td>\n<\/tr>\n<tr>\n<td valign=\"middle\">18.00<\/td>\n<td valign=\"top\">1. + Antoni Kalandyk od syna Tadeusza z rodzin\u0105<\/p>\n<p>2. + Jan G\u0142\u00f3d od syna Tomasza z \u017con\u0105<\/td>\n<\/tr>\n<\/tbody>\n<\/table>\n<p>Sobota: 1.08<\/p>\n<table cellspacing=\"0\" cellpadding=\"0\">\n<tbody>\n<tr>\n<td valign=\"middle\">7.00<\/td>\n<td valign=\"top\">1. + Stefan P\u0105czek od Jadwigi Turo\u0144<\/p>\n<p>2. + Jan Rozmus od pracownik\u00f3w gospodarczych MSWiA w Rzeszowie<\/td>\n<\/tr>\n<tr>\n<td valign=\"middle\">18.00<\/td>\n<td valign=\"top\">1. + Albina Weron (7 rocz.), Henryk, Leszek<\/p>\n<p>2. + W\u0142odzimierz<span class=\"Apple-converted-space\">&nbsp; <\/span>Mr\u00f3z (29 rocz.)<\/td>\n<\/tr>\n<\/tbody>\n<\/table>\n<p>NIEDZIELA: 2.08<\/p>\n<table cellspacing=\"0\" cellpadding=\"0\">\n<tbody>\n<tr>\n<td valign=\"middle\">7.00<\/td>\n<td valign=\"top\">1.<span class=\"Apple-converted-space\">&nbsp; <\/span>Z r\u00f3\u017cy Alicji Szura \u2013 o<span class=\"Apple-converted-space\">&nbsp; <\/span>zdrowie i b\u0142og. Bo\u017ce dla \u017cyj\u0105cych, \u017cycie wieczne dla zmar\u0142ych<\/p>\n<p>2. + Antoni Kalandyk od c\u00f3rki Marii<\/td>\n<\/tr>\n<tr>\n<td valign=\"middle\">9.00<\/td>\n<td valign=\"top\">1. + Wiktoria, Kazimierz Goryl<\/p>\n<p>2. Dzi\u0119kczynna za otrzymane \u0142aski od uczni\u00f3w klasy VIIIa<\/td>\n<\/tr>\n<tr>\n<td valign=\"middle\">10.30<\/td>\n<td valign=\"top\">1. + J\u00f3zef Chotkowski (12 rocz.)<\/td>\n<\/tr>\n<tr>\n<td valign=\"middle\">12.00<\/td>\n<td valign=\"top\">1. Za parafian \u017cywych i zmar\u0142ych<\/p>\n<p>2. + Maciej W\u0119glarz (2 rocz.)<\/td>\n<\/tr>\n<tr>\n<td valign=\"middle\">16.00<\/td>\n<td valign=\"top\">1. + Krystyna S\u0142owik (10 rocz.)<\/td>\n<\/tr>\n<tr>\n<td valign=\"middle\">18.00<\/td>\n<td valign=\"top\">1. + Albina Prokop (5 rocz.), Marian, Stanis\u0142aw<\/td>\n<\/tr>\n<\/tbody>\n<\/table>\n","protected":false},"excerpt":{"rendered":"<p>&#8230;<\/p>\n","protected":false},"author":1,"featured_media":6844,"comment_status":"closed","ping_status":"open","sticky":false,"template":"","format":"standard","meta":{"ngg_post_thumbnail":0,"footnotes":""},"categories":[4,25,13],"tags":[],"class_list":["post-7009","post","type-post","status-publish","format-standard","has-post-thumbnail","hentry","category-intencje","category-news","category-newsy"],"_links":{"self":[{"href":"https:\/\/mbsniezna.rzeszow.pl\/index.php\/wp-json\/wp\/v2\/posts\/7009","targetHints":{"allow":["GET"]}}],"collection":[{"href":"https:\/\/mbsniezna.rzeszow.pl\/index.php\/wp-json\/wp\/v2\/posts"}],"about":[{"href":"https:\/\/mbsniezna.rzeszow.pl\/index.php\/wp-json\/wp\/v2\/types\/post"}],"author":[{"embeddable":true,"href":"https:\/\/mbsniezna.rzeszow.pl\/index.php\/wp-json\/wp\/v2\/users\/1"}],"replies":[{"embeddable":true,"href":"https:\/\/mbsniezna.rzeszow.pl\/index.php\/wp-json\/wp\/v2\/comments?post=7009"}],"version-history":[{"count":2,"href":"https:\/\/mbsniezna.rzeszow.pl\/index.php\/wp-json\/wp\/v2\/posts\/7009\/revisions"}],"predecessor-version":[{"id":7014,"href":"https:\/\/mbsniezna.rzeszow.pl\/index.php\/wp-json\/wp\/v2\/posts\/7009\/revisions\/7014"}],"wp:featuredmedia":[{"embeddable":true,"href":"https:\/\/mbsniezna.rzeszow.pl\/index.php\/wp-json\/wp\/v2\/media\/6844"}],"wp:attachment":[{"href":"https:\/\/mbsniezna.rzeszow.pl\/index.php\/wp-json\/wp\/v2\/media?parent=7009"}],"wp:term":[{"taxonomy":"category","embeddable":true,"href":"https:\/\/mbsniezna.rzeszow.pl\/index.php\/wp-json\/wp\/v2\/categories?post=7009"},{"taxonomy":"post_tag","embeddable":true,"href":"https:\/\/mbsniezna.rzeszow.pl\/index.php\/wp-json\/wp\/v2\/tags?post=7009"}],"curies":[{"name":"wp","href":"https:\/\/api.w.org\/{rel}","templated":true}]}}