{"id":7022,"date":"2020-08-01T23:50:14","date_gmt":"2020-08-01T21:50:14","guid":{"rendered":"https:\/\/mbsniezna.rzeszow.pl\/?p=7022"},"modified":"2020-08-01T23:50:14","modified_gmt":"2020-08-01T21:50:14","slug":"intencje-mszalne-3-9-08-2020-r","status":"publish","type":"post","link":"https:\/\/mbsniezna.rzeszow.pl\/index.php\/2020\/08\/01\/intencje-mszalne-3-9-08-2020-r\/","title":{"rendered":"Intencje Mszalne 3- 9.08.2020 r."},"content":{"rendered":"<p>Poniedzia\u0142ek: 3.08<br \/>\n7.00<br \/>\n1. + Marian, Janina, Stanis\u0142aw, Bronis\u0142awa Kotula<br \/>\n2. + Katarzyna Pr\u0119dka od Seweryna Pr\u0119dkiego z rodzin\u0105<br \/>\n3. + Jan G\u0142\u00f3d od szwagra Adama<br \/>\n4. + Adam Ha\u0142o\u0144 od Magdaleny Pa\u015bko z rodzin\u0105<\/p>\n<p>18.00<br \/>\n1. + Joanna, Stanis\u0142aw Bem<br \/>\n*+ J\u00f3zef Grzebyk (1) \u2013 rozpocz\u0119cie Mszy gregoria\u0144skich w Tarnoszynie<\/p>\n<p>Wtorek: 4.08<br \/>\n7.00<br \/>\n1. + Teresa Szczygie\u0142<br \/>\n2. + Maria, Harry<br \/>\n3. + katarzyna Pr\u0119dka od wnuczki Ma\u0142gorzaty z rodzin\u0105<\/p>\n<p>18.00<br \/>\n1. + Jan Fic<br \/>\n2. + Stefan P\u0105czek od Ireny P\u0105czek<br \/>\n*+ J\u00f3zef Grzebyk (2)Tarnoszyn<\/p>\n<p>\u015aroda: 5.08 \u2013 odpust parafialny ku czci M.B. \u015anie\u017cnej<br \/>\n7.00<br \/>\n1. O b\u0142og. Bo\u017ce dla Janiny Domaga\u0142a z racji urodzin<br \/>\n2. + Janina Szajna<\/p>\n<p>9.00<br \/>\n1. + Stefan Janda (54 rocz.), Aniela, Antonina Kustra, ++ z rodziny<br \/>\n2. O b\u0142og. Bo\u017ce dla si\u00f3str z r\u00f3\u017cy Teresy Basiura, o powo\u0142ania kap\u0142a\u0144skie, zakonne i misyjne<\/p>\n<p>11.00<br \/>\n1. + Anna, Tadeusz Domino<br \/>\n2. O b\u0142og. Bo\u017ce dla J\u00f3zefa i Ma\u0142gorzaty w 20-lecie \u015blubu<\/p>\n<p>18.00<br \/>\n1. + Za parafian \u017cywych i zmar\u0142ych<br \/>\n*+ J\u00f3zef Grzebyk (3) Tarnoszyn<\/p>\n<p>Czwartek: 6.08<br \/>\n7.00<br \/>\n1. O zdrowie, Bo\u017ce b\u0142og. dla Lucyny, Stanis\u0142awa, Teresy, Mieczys\u0142awa i ich rodzin<br \/>\n2. + Aleksandra G\u0142odowska od Aleksandry Skoczylas<br \/>\n3. + J\u00f3zef Tobiasz od siostrze\u0144ca S\u0142awomira<br \/>\n4. + Katarzyna Pr\u0119dka od c\u00f3rki Krystyny<\/p>\n<p>18.00<br \/>\n1. Dzi\u0119kczynno-b\u0142agalna w rocznice urodzin Bogumi\u0142y<br \/>\n2. + Jan Rozmus od bratanicy Ma\u0142gorzaty z m\u0119\u017cem Norbertem i c\u00f3rk\u0105 \u2013 zak. Mszy pogrzebowych<br \/>\n*+ J\u00f3zef Grzebyk (4) Tarnoszyn<\/p>\n<p>Pi\u0105tek: 7.08<br \/>\n7.00<br \/>\n1. + J\u00f3zef Tobiasz od wnuczki Moniki z m\u0119\u017cem<br \/>\n2. + Adam Ha\u0142o\u0144 od wnuka Karola i prawnuczka Hectorka<br \/>\n3. + Aleksandra G\u0142odowska od rodziny Pa\u015bkiewicz<\/p>\n<p>18.00<br \/>\n1. + Stefania \u017bmuda (4 rocz.)<br \/>\n2. O szcz\u0119\u015bliwe rozwi\u0105zanie dla Magdaleny<br \/>\n*+ J\u00f3zef Grzebyk (5) Tarnoszyn<\/p>\n<p>Sobota: 8.08<br \/>\n7.00<br \/>\n1. + Jadwiga Dobek od s. Stanis\u0142awy Dobek i Janiny Dobek \u2013 zako\u0144czenie Mszy pogrzebowych<br \/>\n2. + Jan G\u0142\u00f3d od c\u00f3rki Marii z rodzin\u0105<br \/>\n3. + Stefan P\u0105czek od Janiny i Dominika K\u0142os\u00f3w z dzie\u0107mi<br \/>\n4. + Antoni Kalandyk od wnuka Kamila z Dominik\u0105<\/p>\n<p>18.00<br \/>\n1. + Ludwik Fornal od c\u00f3rki z rodzin\u0105<br \/>\n2. + Aniela, J\u00f3zef Konkol<br \/>\n*+ J\u00f3zef Grzebyk (6) Tarnoszyn<\/p>\n<p>NIEDZIELA: 9.08<br \/>\n7.00<br \/>\n1. + Maria, Boles\u0142aw Kyc; Jan Cioch od wnuka Sebastiana z rodzin\u0105<br \/>\n9.00<br \/>\n1. + Anna, Edward Mazur<br \/>\n2. O b\u0142og. Bo\u017ce w szkole \u015bredniej dla uczni\u00f3w klasy VIIIa<br \/>\n10.30<br \/>\n1. + Henryk, Genowefa Myrda (20 rocz.)<br \/>\n*+ J\u00f3zef Grzebyk (7) Tarnoszyn<br \/>\n12.00<br \/>\n1. Za parafian \u017cywych i zmar\u0142ych<br \/>\n16.00<br \/>\n1. + W\u0142adys\u0142aw, Katarzyna Lasota, Alfred Pr\u0119dki<br \/>\n18.00<br \/>\n1. + O szcz\u0119\u015bliwe rozwi\u0105zanie i o zdrowie dla dziecka i matki<\/p>\n","protected":false},"excerpt":{"rendered":"<p>&#8230;<\/p>\n","protected":false},"author":1,"featured_media":6999,"comment_status":"closed","ping_status":"open","sticky":false,"template":"","format":"standard","meta":{"ngg_post_thumbnail":0,"footnotes":""},"categories":[4,25,13],"tags":[],"class_list":["post-7022","post","type-post","status-publish","format-standard","has-post-thumbnail","hentry","category-intencje","category-news","category-newsy"],"_links":{"self":[{"href":"https:\/\/mbsniezna.rzeszow.pl\/index.php\/wp-json\/wp\/v2\/posts\/7022","targetHints":{"allow":["GET"]}}],"collection":[{"href":"https:\/\/mbsniezna.rzeszow.pl\/index.php\/wp-json\/wp\/v2\/posts"}],"about":[{"href":"https:\/\/mbsniezna.rzeszow.pl\/index.php\/wp-json\/wp\/v2\/types\/post"}],"author":[{"embeddable":true,"href":"https:\/\/mbsniezna.rzeszow.pl\/index.php\/wp-json\/wp\/v2\/users\/1"}],"replies":[{"embeddable":true,"href":"https:\/\/mbsniezna.rzeszow.pl\/index.php\/wp-json\/wp\/v2\/comments?post=7022"}],"version-history":[{"count":1,"href":"https:\/\/mbsniezna.rzeszow.pl\/index.php\/wp-json\/wp\/v2\/posts\/7022\/revisions"}],"predecessor-version":[{"id":7023,"href":"https:\/\/mbsniezna.rzeszow.pl\/index.php\/wp-json\/wp\/v2\/posts\/7022\/revisions\/7023"}],"wp:featuredmedia":[{"embeddable":true,"href":"https:\/\/mbsniezna.rzeszow.pl\/index.php\/wp-json\/wp\/v2\/media\/6999"}],"wp:attachment":[{"href":"https:\/\/mbsniezna.rzeszow.pl\/index.php\/wp-json\/wp\/v2\/media?parent=7022"}],"wp:term":[{"taxonomy":"category","embeddable":true,"href":"https:\/\/mbsniezna.rzeszow.pl\/index.php\/wp-json\/wp\/v2\/categories?post=7022"},{"taxonomy":"post_tag","embeddable":true,"href":"https:\/\/mbsniezna.rzeszow.pl\/index.php\/wp-json\/wp\/v2\/tags?post=7022"}],"curies":[{"name":"wp","href":"https:\/\/api.w.org\/{rel}","templated":true}]}}