{"id":7054,"date":"2020-08-13T23:08:50","date_gmt":"2020-08-13T21:08:50","guid":{"rendered":"https:\/\/mbsniezna.rzeszow.pl\/?p=7054"},"modified":"2020-09-02T23:03:13","modified_gmt":"2020-09-02T21:03:13","slug":"rekolekcje-mlodziezowe-mlodosc-jest-wartosciowa-11-13-08-2020-r","status":"publish","type":"post","link":"https:\/\/mbsniezna.rzeszow.pl\/index.php\/2020\/08\/13\/rekolekcje-mlodziezowe-mlodosc-jest-wartosciowa-11-13-08-2020-r\/","title":{"rendered":"Rekolekcje m\u0142odzie\u017cowe &#8211; M\u0142odo\u015b\u0107 jest warto\u015bciowa 11-13.08.2020 r"},"content":{"rendered":"ngg_shortcode_0_placeholder\n<p>&nbsp;<\/p>\n<p><iframe loading=\"lazy\" title=\"Rekolekcje m\u0142odzie\u017cowe 2020 parafia MB \u015anie\u017cna\" width=\"500\" height=\"375\" src=\"https:\/\/www.youtube.com\/embed\/hqEK98v3_jo?feature=oembed\" frameborder=\"0\" allow=\"accelerometer; autoplay; clipboard-write; encrypted-media; gyroscope; picture-in-picture; web-share\" referrerpolicy=\"strict-origin-when-cross-origin\" allowfullscreen><\/iframe><\/p>\n<p><b>3+1, czyli 4 dni dla siebie i Jezusa<\/b><\/p>\n<p><b>1 &#8211; 11.08 &#8211; Wtorek<\/b><\/p>\n<p>16.00 &#8211; <b>Jezus Ci\u0119 zaprasza do wsp\u00f3lnoty<\/b> &#8211; integracja<\/p>\n<p>16.30 &#8211; <b>Jezus spotyka m\u0142odzie\u0144ca<\/b> &#8211; S\u0142owo Bo\u017ce i praca w grupach<\/p>\n<p>17.30 &#8211; Podsumowanie<span class=\"Apple-converted-space\">&nbsp;<\/span><\/p>\n<p>18.00 &#8211; Eucharystia &#8211; <b>Walcz o m\u0142odo\u015b\u0107, bo warto!<\/b><span class=\"Apple-converted-space\">&nbsp;<\/span><\/p>\n<p>18.45 &#8211; Film &#8211; <b>b\u0142. Chiara Luce Badano &#8211; m\u0142oda \u015bwi\u0119ta na dzi\u015b<\/b><\/p>\n<p>19.15 &#8211; <b>Pogadanka<\/b> <b>o \u017cyciu m\u0142odym<\/b><\/p>\n<p><b>2 &#8211; 12.08. &#8211; \u015aroda<\/b><\/p>\n<p>09.00 &#8211; Rajd na Przylasek <i>(przez ul. Potoki, Le\u015bnicz\u00f3wk\u0119) (ok. 1,5 h)<\/i><\/p>\n<p>11.00 &#8211; Eucharystia z katechez\u0105 &#8211; <b>M\u0142ody cz\u0142owiek musi umie\u0107 wybiera\u0107 warto\u015bci<\/b><\/p>\n<p>11.45 &#8211; Spotkanie w grupach &#8211; <b>Czym jest \u017cycie wed\u0142ug cia\u0142a, a czym \u017cycie wed\u0142ug Ducha? \u015bw. Pawe\u0142<span class=\"Apple-converted-space\">&nbsp;<\/span><\/b><\/p>\n<p>12.30 &#8211; powr\u00f3t do Ko\u015bcio\u0142a <i>(ok. 1 h)<\/i><\/p>\n<p><b>3. 13.08. &#8211; Czwartek<span class=\"Apple-converted-space\">&nbsp;<\/span><\/b><\/p>\n<p>17.15 &#8211; Adoracja prowadzona przez m\u0142odzie\u017c &#8211; <b>Wybieram Jezusa na nowo!<\/b><\/p>\n<p>18.00 &#8211; Eucharystia &#8211; <b>Jezus kocha mnie ponad wszystko<\/b><\/p>\n<p>18.45 &#8211; Agape &#8211; <b>Uczta \u201emi\u0142o\u015b\u0107\u201d z Jezusem<\/b> &#8211; Grill i zabawy<\/p>\n<p>21.00 &#8211; Apel i zako\u0144czenie<\/p>\n","protected":false},"excerpt":{"rendered":"<p>&#8230;<\/p>\n","protected":false},"author":1,"featured_media":7090,"comment_status":"closed","ping_status":"open","sticky":false,"template":"","format":"standard","meta":{"ngg_post_thumbnail":0,"footnotes":""},"categories":[74,25,13],"tags":[],"class_list":["post-7054","post","type-post","status-publish","format-standard","has-post-thumbnail","hentry","category-galeria2020","category-news","category-newsy"],"_links":{"self":[{"href":"https:\/\/mbsniezna.rzeszow.pl\/index.php\/wp-json\/wp\/v2\/posts\/7054","targetHints":{"allow":["GET"]}}],"collection":[{"href":"https:\/\/mbsniezna.rzeszow.pl\/index.php\/wp-json\/wp\/v2\/posts"}],"about":[{"href":"https:\/\/mbsniezna.rzeszow.pl\/index.php\/wp-json\/wp\/v2\/types\/post"}],"author":[{"embeddable":true,"href":"https:\/\/mbsniezna.rzeszow.pl\/index.php\/wp-json\/wp\/v2\/users\/1"}],"replies":[{"embeddable":true,"href":"https:\/\/mbsniezna.rzeszow.pl\/index.php\/wp-json\/wp\/v2\/comments?post=7054"}],"version-history":[{"count":4,"href":"https:\/\/mbsniezna.rzeszow.pl\/index.php\/wp-json\/wp\/v2\/posts\/7054\/revisions"}],"predecessor-version":[{"id":7154,"href":"https:\/\/mbsniezna.rzeszow.pl\/index.php\/wp-json\/wp\/v2\/posts\/7054\/revisions\/7154"}],"wp:featuredmedia":[{"embeddable":true,"href":"https:\/\/mbsniezna.rzeszow.pl\/index.php\/wp-json\/wp\/v2\/media\/7090"}],"wp:attachment":[{"href":"https:\/\/mbsniezna.rzeszow.pl\/index.php\/wp-json\/wp\/v2\/media?parent=7054"}],"wp:term":[{"taxonomy":"category","embeddable":true,"href":"https:\/\/mbsniezna.rzeszow.pl\/index.php\/wp-json\/wp\/v2\/categories?post=7054"},{"taxonomy":"post_tag","embeddable":true,"href":"https:\/\/mbsniezna.rzeszow.pl\/index.php\/wp-json\/wp\/v2\/tags?post=7054"}],"curies":[{"name":"wp","href":"https:\/\/api.w.org\/{rel}","templated":true}]}}