{"id":7237,"date":"2020-09-19T23:01:23","date_gmt":"2020-09-19T21:01:23","guid":{"rendered":"https:\/\/mbsniezna.rzeszow.pl\/?p=7237"},"modified":"2020-09-19T23:01:23","modified_gmt":"2020-09-19T21:01:23","slug":"intencje-mszalne-21-27-09-2020-r","status":"publish","type":"post","link":"https:\/\/mbsniezna.rzeszow.pl\/index.php\/2020\/09\/19\/intencje-mszalne-21-27-09-2020-r\/","title":{"rendered":"Intencje Mszalne 21- 27.09.2020 r."},"content":{"rendered":"<p>&nbsp;<\/p>\n<p>Poniedzia\u0142ek: 21.09<\/p>\n<table cellspacing=\"0\" cellpadding=\"0\">\n<tbody>\n<tr>\n<td valign=\"middle\">7.00<\/td>\n<td valign=\"top\">1. + Franciszek G\u0142\u00f3d (21)<\/p>\n<p>2. + Aleksandra G\u0142odowska od Anety i Wies\u0142awa Be\u0142ch\u00f3w z rodzin\u0105<\/p>\n<p>3. + Jan G\u0142\u00f3d od Antoniego i Danuty Krzanowskich<\/td>\n<\/tr>\n<tr>\n<td valign=\"middle\">18.00<\/td>\n<td valign=\"top\">1. W intencji rodziny: dzi\u0119kczynna i o Bo\u017ce b\u0142ogos\u0142awie\u0144stwo<\/p>\n<p>2. + Barbara \u017bmuda<\/p>\n<p>3. + Stanis\u0142awa Wac\u0142awek od c\u00f3rki Katarzyny<\/p>\n<p>*+ Antoni i Adela Kalandyk (21) Tarnoszyn; + Maria Kalandyk (21) Mo\u0142dawia<\/td>\n<\/tr>\n<\/tbody>\n<\/table>\n<p>Wtorek: 22.09<\/p>\n<table cellspacing=\"0\" cellpadding=\"0\">\n<tbody>\n<tr>\n<td valign=\"middle\">7.00<\/td>\n<td valign=\"top\">1. + Franciszek G\u0142\u00f3d (22)<span class=\"Apple-converted-space\">&nbsp;<\/span><\/p>\n<p>2. + Longin Pi\u0119ta od rodziny Warzybok\u00f3w<\/p>\n<p>3. + Wies\u0142aw Pasierb od syna Szczepana z rodzin\u0105<\/p>\n<p>4. + Kazimiera Chmiel od Heleny Sarna<\/td>\n<\/tr>\n<tr>\n<td valign=\"middle\">18.00<\/td>\n<td valign=\"top\">1. + Zofia, Tadeusz Bomba od wnuczki Diany z rodzin\u0105<\/p>\n<p>2. + Janusz, \u0141ukasz Pa\u015bko; Helena, Antoni Borowiec; Zofia, Antoni Pa\u015bko<\/p>\n<p>3. + W\u0142adys\u0142aw Szwed od wnuczki Eweliny<\/p>\n<p>*+ Antoni i Adela Kalandyk (22) Tarnoszyn; + Maria Kalandyk (22) Mo\u0142dawia<\/td>\n<\/tr>\n<\/tbody>\n<\/table>\n<p>\u015aroda: 23.09<\/p>\n<table cellspacing=\"0\" cellpadding=\"0\">\n<tbody>\n<tr>\n<td valign=\"middle\">7.00<\/td>\n<td valign=\"top\">1.<span class=\"Apple-converted-space\">&nbsp; <\/span>+ Franciszek G\u0142\u00f3d (23)<\/p>\n<p>2. + o. Adam Kotula od Agnieszki i Marii<\/p>\n<p>3. + Kazimiera Chmiel od El\u017cbiety i Zdzis\u0142awa<\/p>\n<p>4. O b\u0142og. Bo\u017ce dla Anny i Piotra w 25-lecie ma\u0142\u017ce\u0144stwa<\/td>\n<\/tr>\n<tr>\n<td valign=\"middle\">18.00<\/td>\n<td valign=\"top\">1. Dzi\u0119kczynna i o Bo\u017ce b\u0142og. dla Dariusza i Agaty w 20-lecie \u015blubu i o b\u0142og. Bo\u017ce dla Arkadiusza w 12 urodziny<\/p>\n<p>2. + Maria Ra\u0142owska od te\u015bciowej<\/p>\n<p>*+ Antoni i Adela Kalandyk (23) Tarnoszyn; + Maria Kalandyk (23) Mo\u0142dawia<\/td>\n<\/tr>\n<\/tbody>\n<\/table>\n<p>Czwartek: 24.09<\/p>\n<table cellspacing=\"0\" cellpadding=\"0\">\n<tbody>\n<tr>\n<td valign=\"middle\">7.00<\/td>\n<td valign=\"top\">1. + Franciszek G\u0142\u00f3d (24)<\/p>\n<p>2. + Aleksandra G\u0142odowska od pracownik\u00f3w Kliniki Chirurgii Szcz\u0119kowo-Twarzowej<\/p>\n<p>3. + Jan G\u0142\u00f3d od Gra\u017cyny i Tadeusza Maj z rodzin\u0105<\/p>\n<p>4. + Longin Pieta od Marty Filip z rodzin\u0105<\/td>\n<\/tr>\n<tr>\n<td valign=\"middle\">18.00<\/td>\n<td valign=\"top\">1. + Antoni Trafid\u0142o<\/p>\n<p>2. + W\u0142adys\u0142aw Szwed od syna Janusza z \u017con\u0105<\/p>\n<p>3. + Maria Ra\u0142owska od rodziny Pietruch\u00f3w<\/p>\n<p>*+ Antoni i Adela Kalandyk (24) Tarnoszyn; + Maria Kalandyk (24) Mo\u0142dawia<\/td>\n<\/tr>\n<\/tbody>\n<\/table>\n<p>Pi\u0105tek: 25.09<\/p>\n<table cellspacing=\"0\" cellpadding=\"0\">\n<tbody>\n<tr>\n<td valign=\"middle\">7.00<\/td>\n<td valign=\"top\">1. + Franciszek G\u0142\u00f3d (25)<\/p>\n<p>2.<span class=\"Apple-converted-space\">&nbsp; <\/span>+ Kazimiera Chmiel od Anny Kamyk<\/p>\n<p>3. + Jan G\u0142\u00f3d od Katarzyny D\u0105bek<\/p>\n<p>4. O b\u0142og. Bo\u017ce dla Filipa Augustynka w 10 urodziny<\/td>\n<\/tr>\n<tr>\n<td valign=\"middle\">18.00<\/td>\n<td valign=\"top\">1. + Zofia, Tadeusz Bomba od wnuczki Diany z rodz.<\/p>\n<p>2.<span class=\"Apple-converted-space\">&nbsp; <\/span>+ W\u0142adys\u0142aw Szwed od Zofii i Ma\u0142gorzaty Pa\u0142ka<\/p>\n<p>*+ Antoni i Adela Kalandyk (25) Tarnoszyn; + Maria Kalandyk (25) Mo\u0142dawia<\/td>\n<\/tr>\n<\/tbody>\n<\/table>\n<p>Sobota: 26.09<\/p>\n<table cellspacing=\"0\" cellpadding=\"0\">\n<tbody>\n<tr>\n<td valign=\"middle\">7.00<\/td>\n<td valign=\"top\">1. + Franciszek G\u0142\u00f3d (26)<\/p>\n<p>2. + Wies\u0142aw Pasierb od c\u00f3rki Aurelii<\/td>\n<\/tr>\n<tr>\n<td valign=\"middle\">18.00<\/td>\n<td valign=\"top\">1. + Dzi\u0119kczynna i o Bo\u017ce b\u0142og. dla Zofii i Jerzego w 55-lecie ma\u0142\u017ce\u0144stwa<\/p>\n<p>2. + Zofia Ko\u0142wa (15 rocz.), W\u0142adys\u0142aw<\/p>\n<p>*+ Antoni i Adela Kalandyk (26) Tarnoszyn; + Maria Kalandyk (26) Mo\u0142dawia<\/td>\n<\/tr>\n<\/tbody>\n<\/table>\n<p>NIEDZIELA: 27.09<\/p>\n<table cellspacing=\"0\" cellpadding=\"0\">\n<tbody>\n<tr>\n<td valign=\"middle\">7.00<\/td>\n<td valign=\"top\">1. + Aleksandra G\u0142odowska (1 rocz.) od c\u00f3rki<\/p>\n<p>*+ Antoni i Adela Kalandyk (27) Tarnoszyn; + Maria Kalandyk (27) Mo\u0142dawia<\/td>\n<\/tr>\n<tr>\n<td valign=\"middle\">9.00<\/td>\n<td valign=\"top\">1. + Franciszek Warzybok (30 rocz.)<\/p>\n<p>2. + Wiktoria, Stanis\u0142aw Zych<\/td>\n<\/tr>\n<tr>\n<td valign=\"middle\">10.30<\/td>\n<td valign=\"top\">1.<span class=\"Apple-converted-space\">&nbsp; <\/span>+ Franciszek G\u0142\u00f3d (27)<\/p>\n<p>2. Dzi\u0119kczynna za zbiory od Zespo\u0142u Budziwojce<\/td>\n<\/tr>\n<tr>\n<td valign=\"middle\">12.00<\/td>\n<td valign=\"top\">1. Za parafian \u017cywych i zmar\u0142ych<\/p>\n<p>2. O Bo\u017ce b\u0142og. dla Melanii w 18 urodziny<\/td>\n<\/tr>\n<tr>\n<td valign=\"middle\">16.00<\/td>\n<td valign=\"top\">1. + Katarzyna, W\u0142adys\u0142aw Jamr\u00f3z<\/td>\n<\/tr>\n<tr>\n<td valign=\"middle\">18.00<\/td>\n<td valign=\"top\">1. + Wac\u0142aw Pr\u0119dki od chrzestnej matki Marii Pr\u0119dkiej<\/td>\n<\/tr>\n<\/tbody>\n<\/table>\n","protected":false},"excerpt":{"rendered":"<p>&#8230;<\/p>\n","protected":false},"author":1,"featured_media":6730,"comment_status":"closed","ping_status":"open","sticky":false,"template":"","format":"standard","meta":{"ngg_post_thumbnail":0,"footnotes":""},"categories":[4,25,13],"tags":[],"class_list":["post-7237","post","type-post","status-publish","format-standard","has-post-thumbnail","hentry","category-intencje","category-news","category-newsy"],"_links":{"self":[{"href":"https:\/\/mbsniezna.rzeszow.pl\/index.php\/wp-json\/wp\/v2\/posts\/7237","targetHints":{"allow":["GET"]}}],"collection":[{"href":"https:\/\/mbsniezna.rzeszow.pl\/index.php\/wp-json\/wp\/v2\/posts"}],"about":[{"href":"https:\/\/mbsniezna.rzeszow.pl\/index.php\/wp-json\/wp\/v2\/types\/post"}],"author":[{"embeddable":true,"href":"https:\/\/mbsniezna.rzeszow.pl\/index.php\/wp-json\/wp\/v2\/users\/1"}],"replies":[{"embeddable":true,"href":"https:\/\/mbsniezna.rzeszow.pl\/index.php\/wp-json\/wp\/v2\/comments?post=7237"}],"version-history":[{"count":1,"href":"https:\/\/mbsniezna.rzeszow.pl\/index.php\/wp-json\/wp\/v2\/posts\/7237\/revisions"}],"predecessor-version":[{"id":7238,"href":"https:\/\/mbsniezna.rzeszow.pl\/index.php\/wp-json\/wp\/v2\/posts\/7237\/revisions\/7238"}],"wp:featuredmedia":[{"embeddable":true,"href":"https:\/\/mbsniezna.rzeszow.pl\/index.php\/wp-json\/wp\/v2\/media\/6730"}],"wp:attachment":[{"href":"https:\/\/mbsniezna.rzeszow.pl\/index.php\/wp-json\/wp\/v2\/media?parent=7237"}],"wp:term":[{"taxonomy":"category","embeddable":true,"href":"https:\/\/mbsniezna.rzeszow.pl\/index.php\/wp-json\/wp\/v2\/categories?post=7237"},{"taxonomy":"post_tag","embeddable":true,"href":"https:\/\/mbsniezna.rzeszow.pl\/index.php\/wp-json\/wp\/v2\/tags?post=7237"}],"curies":[{"name":"wp","href":"https:\/\/api.w.org\/{rel}","templated":true}]}}