{"id":7263,"date":"2020-09-26T22:42:16","date_gmt":"2020-09-26T20:42:16","guid":{"rendered":"https:\/\/mbsniezna.rzeszow.pl\/?p=7263"},"modified":"2020-09-26T22:42:16","modified_gmt":"2020-09-26T20:42:16","slug":"xxvii-niedziela-zwykla-ogloszenia-27-wrzesnia-2020-r","status":"publish","type":"post","link":"https:\/\/mbsniezna.rzeszow.pl\/index.php\/2020\/09\/26\/xxvii-niedziela-zwykla-ogloszenia-27-wrzesnia-2020-r\/","title":{"rendered":"XXVII NIEDZIELA ZWYK\u0141A \u2013 OG\u0141OSZENIA  27 WRZE\u015aNIA 2020 R."},"content":{"rendered":"<ol>\n<li>Jutro wspomnienie \u015bw. Wac\u0142awa. Po Mszy wieczornej nabo\u017ce\u0144stwo przy relikwiach \u015bw. Szarbela i zbi\u00f3rka kandydat\u00f3w na ministrant\u00f3w w ko\u015bciele.<\/li>\n<\/ol>\n<ol start=\"2\">\n<li>Tak\u017ce jutro jest og\u00f3lno\u015bwiatowa akcja modlitewna \u201eKoronka na ulicach miast \u015bwiata\u201d \u2013 zapraszamy na modlitw\u0119 o godz. 15.00 przy krzy\u017cu misyjnym obok ko\u015bcio\u0142a.<\/li>\n<\/ol>\n<ol start=\"3\">\n<li>We wtorek \u015bwi\u0119to \u015awi\u0119tych Archanio\u0142\u00f3w Micha\u0142a, Gabriela i Rafa\u0142a \u2013 po ka\u017cdej Mszy \u015bw. Litania do \u015bw. Micha\u0142a Archanio\u0142a. Zbi\u00f3rka ministrant\u00f3w.<\/li>\n<\/ol>\n<ol start=\"4\">\n<li>W \u015brod\u0119 \u015bw. Hieronima \u2013 nowenna do Matki Bo\u017cej \u015anie\u017cnej i katecheza dla doros\u0142ych.<\/li>\n<\/ol>\n<ol start=\"5\">\n<li>W czwartek rozpoczyna si\u0119 pa\u017adziernik \u2013 miesi\u0105c po\u015bwi\u0119cony modlitwie r\u00f3\u017ca\u0144cowej. W tygodniu r\u00f3\u017caniec b\u0119dzie po Mszy \u015bw. wieczornej \u2013 z wyj\u0105tkiem czwartku, a w niedziel\u0119 o 17.30. Zapraszamy do modlitwy r\u00f3\u017ca\u0144cowej dzieci, m\u0142odzie\u017c i doros\u0142ych. O<span class=\"Apple-converted-space\">&nbsp; <\/span>modlitw\u0119 na r\u00f3\u017ca\u0144cu prosi\u0142a Matka Bo\u017ca podczas objawie\u0144 w Fatimie: \u201eOdmawiajcie r\u00f3\u017caniec\u201d.<\/li>\n<\/ol>\n<ol start=\"6\">\n<li>I czwartek miesi\u0105ca &#8211; modlitwy o powo\u0142ania kap\u0142a\u0144skie, zakonne i misyjne. Od 17.15 adoracja i spowied\u017a. Po Mszy spotkanie kandydat\u00f3w do bierzmowania z klasy VIII.<\/li>\n<\/ol>\n<ol start=\"7\">\n<li>I pi\u0105tek miesi\u0105ca: 6.30 spowied\u017a, 7.00 Msza \u015bw. z nabo\u017ce\u0144stwem do Bo\u017cego Serca, 8.30 wyjazd do chorych w domach, kt\u00f3rych prosimy zg\u0142osi\u0107 do czwartku w zakrystii, 16.30 spowied\u017a, 17.00 i 17.30 Komunia \u015bw., 18.00 Msza \u015bw. Zapraszamy dzieci z klasy IV. Spotkania oazy: 16.30 m\u0142odsza, 19.00 starsza.<\/li>\n<\/ol>\n<ol start=\"8\">\n<li>I sobota miesi\u0105ca \u2013 po Mszy wieczornej r\u00f3\u017caniec fatimski. O 19.00 spotkanie duszpasterskie dla m\u0119\u017cczyzn.<\/li>\n<\/ol>\n<ol start=\"9\">\n<li>I niedziela miesi\u0105ca \u2013 po prymarii zmiana tajemnic, na ka\u017cdej Mszy \u015bw. aspersja. Przysz\u0142a niedziela b\u0119dzie po\u015bwi\u0119cona ma\u0142\u017ce\u0144stwu i rodzinie \u2013 na ka\u017cdej Mszy \u015bw. b\u0119dzie odnowienie przysi\u0119gi ma\u0142\u017ce\u0144skiej. Zajmujemy miejsca parami.<\/li>\n<\/ol>\n<ol start=\"10\">\n<li>Zapowiedzi: Artur Bomba i Ewelina Kotula (zap. I), Jacek Fornal i Ewelina Piwko, Bart\u0142omiej Bo\u017cek i Patrycja Ro\u015b, \u0141ukasz Wac\u0142awek i Marta Pa\u0142\u0119cka (zap. III).<\/li>\n<\/ol>\n<ol start=\"11\">\n<li>B\u00f3g zap\u0142a\u0107 za ofiary na sprz\u0105tanie ko\u015bcio\u0142a. W tym tygodniu z ul. Miejskiej prosimy rodziny z numer\u00f3w: 94, 98, 100, 108, 110, 112, 116, 118, 132, 134, 136, 140, 142, 152, 154,<span class=\"Apple-converted-space\">&nbsp; <\/span>160.<\/li>\n<\/ol>\n<ol start=\"12\">\n<li>B\u00f3g zap\u0142a\u0107 za sk\u0142adk\u0119 inwestycyjn\u0105 z ubieg\u0142ej niedzieli, kt\u00f3ra wynios\u0142a 9 tys. z\u0142.<\/li>\n<\/ol>\n<ol start=\"13\">\n<li>Jest nowy numer darmowej gazety \u201eDobre nowiny\u201d \u2013 zapraszamy do lektury.<\/li>\n<\/ol>\n<ol start=\"14\">\n<li>Dzi\u0119kujemy za sk\u0142adan\u0105 makulatur\u0119 na misje \u2013 kontener b\u0119dzie za miesi\u0105c.<\/li>\n<\/ol>\n<ol start=\"15\">\n<li>Na pielgrzymk\u0119 do Cz\u0119stochowy 5 pa\u017adziernika s\u0105<span class=\"Apple-converted-space\">&nbsp; <\/span>jeszcze wolne 4 miejsca.<\/li>\n<\/ol>\n<ol start=\"16\">\n<li>Dzisiaj po Mszach \u015bw. w zakrystii mo\u017cna odbiera\u0107 wypo\u017cyczone zdj\u0119cia ks. \u017bydzika.<\/li>\n<\/ol>\n<ol start=\"17\">\n<li>Bardzo serdecznie dzi\u0119kujemy ks. W\u0142adys\u0142awowi Srebrnemu z parafii b\u0142. Ks. W\u0142adys\u0142awa Findysza na Osiedlu Rzesz\u00f3w-S\u0142ocina za g\u0142oszone dzisiaj u nas s\u0142owo Bo\u017ce. Ks. W\u0142adys\u0142aw wraz z parafianami buduje nowa \u015bwi\u0105tyni\u0119, dlatego po Mszy \u015bw. przed ko\u015bcio\u0142em wraz z cz\u0142onkami Komitetu Budowy Ko\u015bcio\u0142a b\u0119dzie zbiera\u0142 ofiary na ten cel. Oka\u017cmy si\u0119 hojni. B\u00f3g zap\u0142a\u0107 wszystkim ofiarodawcom.<\/li>\n<\/ol>\n","protected":false},"excerpt":{"rendered":"<p>&#8230;<\/p>\n","protected":false},"author":1,"featured_media":6725,"comment_status":"closed","ping_status":"open","sticky":false,"template":"","format":"standard","meta":{"ngg_post_thumbnail":0,"footnotes":""},"categories":[25,13,14],"tags":[],"class_list":["post-7263","post","type-post","status-publish","format-standard","has-post-thumbnail","hentry","category-news","category-newsy","category-ogloszenia_duszp"],"_links":{"self":[{"href":"https:\/\/mbsniezna.rzeszow.pl\/index.php\/wp-json\/wp\/v2\/posts\/7263","targetHints":{"allow":["GET"]}}],"collection":[{"href":"https:\/\/mbsniezna.rzeszow.pl\/index.php\/wp-json\/wp\/v2\/posts"}],"about":[{"href":"https:\/\/mbsniezna.rzeszow.pl\/index.php\/wp-json\/wp\/v2\/types\/post"}],"author":[{"embeddable":true,"href":"https:\/\/mbsniezna.rzeszow.pl\/index.php\/wp-json\/wp\/v2\/users\/1"}],"replies":[{"embeddable":true,"href":"https:\/\/mbsniezna.rzeszow.pl\/index.php\/wp-json\/wp\/v2\/comments?post=7263"}],"version-history":[{"count":1,"href":"https:\/\/mbsniezna.rzeszow.pl\/index.php\/wp-json\/wp\/v2\/posts\/7263\/revisions"}],"predecessor-version":[{"id":7264,"href":"https:\/\/mbsniezna.rzeszow.pl\/index.php\/wp-json\/wp\/v2\/posts\/7263\/revisions\/7264"}],"wp:featuredmedia":[{"embeddable":true,"href":"https:\/\/mbsniezna.rzeszow.pl\/index.php\/wp-json\/wp\/v2\/media\/6725"}],"wp:attachment":[{"href":"https:\/\/mbsniezna.rzeszow.pl\/index.php\/wp-json\/wp\/v2\/media?parent=7263"}],"wp:term":[{"taxonomy":"category","embeddable":true,"href":"https:\/\/mbsniezna.rzeszow.pl\/index.php\/wp-json\/wp\/v2\/categories?post=7263"},{"taxonomy":"post_tag","embeddable":true,"href":"https:\/\/mbsniezna.rzeszow.pl\/index.php\/wp-json\/wp\/v2\/tags?post=7263"}],"curies":[{"name":"wp","href":"https:\/\/api.w.org\/{rel}","templated":true}]}}