{"id":7268,"date":"2020-10-04T17:06:30","date_gmt":"2020-10-04T15:06:30","guid":{"rendered":"https:\/\/mbsniezna.rzeszow.pl\/?p=7268"},"modified":"2020-10-04T17:06:30","modified_gmt":"2020-10-04T15:06:30","slug":"xxvii-niedziela-zwykla-ogloszenia-4-pazdziernika-2020-r","status":"publish","type":"post","link":"https:\/\/mbsniezna.rzeszow.pl\/index.php\/2020\/10\/04\/xxvii-niedziela-zwykla-ogloszenia-4-pazdziernika-2020-r\/","title":{"rendered":"XXVII NIEDZIELA ZWYK\u0141A \u2013 OG\u0141OSZENIA  4 PA\u0179DZIERNIKA\u00a0 2020 R."},"content":{"rendered":"<p>&nbsp;<\/p>\n<ol>\n<li>Dzisiaj odnawiamy \u015bluby ma\u0142\u017ce\u0144skie, o 14.00 pogrzeb \u015bp. Stanis\u0142awa Kozik z ul. Sportowc\u00f3w,<span class=\"Apple-converted-space\">&nbsp; <\/span>o 17.30 nabo\u017ce\u0144stwo r\u00f3\u017ca\u0144cowe. W tygodniu r\u00f3\u017caniec po Mszy wieczornej \u2013 serdecznie zapraszamy.<\/li>\n<\/ol>\n<ol start=\"2\">\n<li>Jutro o 3.30 wyjazd pielgrzymki do Cz\u0119stochowy \u2013 jeden autobus. Powr\u00f3t ok. 22.00.<span class=\"Apple-converted-space\">&nbsp;<\/span><\/li>\n<\/ol>\n<ol start=\"3\">\n<li>Jutro \u015bw. s. Faustyny. Po Mszy wieczornej spotkanie kandydat\u00f3w na ministrant\u00f3w.<\/li>\n<\/ol>\n<ol start=\"4\">\n<li>We wtorek po Mszy spotkanie lektor\u00f3w.<\/li>\n<\/ol>\n<ol start=\"5\">\n<li>W \u015brod\u0119 Matki Bo\u017cej R\u00f3\u017ca\u0144cowej. Katecheza dla doros\u0142ych.<\/li>\n<\/ol>\n<ol start=\"6\">\n<li>W czwartek od 17.15 adoracja i mo\u017cliwo\u015b\u0107 spowiedzi.<\/li>\n<\/ol>\n<ol start=\"7\">\n<li>W pi\u0105tek spotkania oazy: 16.30 \u2013 m\u0142odsza, 19.00 \u2013 starsza.<\/li>\n<\/ol>\n<ol start=\"8\">\n<li>W sobot\u0119 o 16.00 pr\u00f3ba scholii, po Mszy wieczornej spotkanie dla m\u0119\u017cczyzn, kt\u00f3rych serdecznie zapraszamy.<\/li>\n<\/ol>\n<ol start=\"9\">\n<li>W niedziel\u0119 Dzie\u0144 Papieski: zbi\u00f3rka do puszek na Dzie\u0142o Trzeciego Tysi\u0105clecia \u2013 stypendia dla m\u0142odzie\u017cy. R\u00f3\u017caniec r\u00f3\u017ca Teresy Basiura. Na Mszy \u015bw. o 10.30 uroczyste przyj\u0119cie nowych ministrant\u00f3w.<\/li>\n<\/ol>\n<ol start=\"10\">\n<li>Zapowiedzi: Artur Bomba i Ewelina Kotula (zap. II).<\/li>\n<\/ol>\n<ol start=\"11\">\n<li>Ks. W\u0142adys\u0142aw Srebrny \u2013 proboszcz z parafii b\u0142. Ks. W\u0142adys\u0142awa Findysza w Rzeszowie serdecznie dzi\u0119kuje za ofiary z ubieg\u0142ej niedzieli na budow\u0119 ko\u015bcio\u0142a \u2013 z\u0142o\u017cono 6&nbsp;500 z\u0142. B\u00f3g zap\u0142a\u0107 wszystkim ofiarodawcom.<\/li>\n<\/ol>\n<ol start=\"12\">\n<li>B\u00f3g zap\u0142a\u0107 za ofiary na sprz\u0105tanie ko\u015bcio\u0142a. W tym tygodniu z ul. Miejskiej prosimy rodziny z numer\u00f3w: 164, 168, 170, 170d, 172, 176, 178, 184, 186, 190, 192, 198, 208, 210, 212, 214.<\/li>\n<\/ol>\n","protected":false},"excerpt":{"rendered":"<p>&#8230;<\/p>\n","protected":false},"author":1,"featured_media":6999,"comment_status":"closed","ping_status":"open","sticky":false,"template":"","format":"standard","meta":{"ngg_post_thumbnail":0,"footnotes":""},"categories":[25,13,14],"tags":[],"class_list":["post-7268","post","type-post","status-publish","format-standard","has-post-thumbnail","hentry","category-news","category-newsy","category-ogloszenia_duszp"],"_links":{"self":[{"href":"https:\/\/mbsniezna.rzeszow.pl\/index.php\/wp-json\/wp\/v2\/posts\/7268","targetHints":{"allow":["GET"]}}],"collection":[{"href":"https:\/\/mbsniezna.rzeszow.pl\/index.php\/wp-json\/wp\/v2\/posts"}],"about":[{"href":"https:\/\/mbsniezna.rzeszow.pl\/index.php\/wp-json\/wp\/v2\/types\/post"}],"author":[{"embeddable":true,"href":"https:\/\/mbsniezna.rzeszow.pl\/index.php\/wp-json\/wp\/v2\/users\/1"}],"replies":[{"embeddable":true,"href":"https:\/\/mbsniezna.rzeszow.pl\/index.php\/wp-json\/wp\/v2\/comments?post=7268"}],"version-history":[{"count":1,"href":"https:\/\/mbsniezna.rzeszow.pl\/index.php\/wp-json\/wp\/v2\/posts\/7268\/revisions"}],"predecessor-version":[{"id":7269,"href":"https:\/\/mbsniezna.rzeszow.pl\/index.php\/wp-json\/wp\/v2\/posts\/7268\/revisions\/7269"}],"wp:featuredmedia":[{"embeddable":true,"href":"https:\/\/mbsniezna.rzeszow.pl\/index.php\/wp-json\/wp\/v2\/media\/6999"}],"wp:attachment":[{"href":"https:\/\/mbsniezna.rzeszow.pl\/index.php\/wp-json\/wp\/v2\/media?parent=7268"}],"wp:term":[{"taxonomy":"category","embeddable":true,"href":"https:\/\/mbsniezna.rzeszow.pl\/index.php\/wp-json\/wp\/v2\/categories?post=7268"},{"taxonomy":"post_tag","embeddable":true,"href":"https:\/\/mbsniezna.rzeszow.pl\/index.php\/wp-json\/wp\/v2\/tags?post=7268"}],"curies":[{"name":"wp","href":"https:\/\/api.w.org\/{rel}","templated":true}]}}