{"id":7278,"date":"2020-10-17T21:54:46","date_gmt":"2020-10-17T19:54:46","guid":{"rendered":"https:\/\/mbsniezna.rzeszow.pl\/?p=7278"},"modified":"2020-10-17T21:54:46","modified_gmt":"2020-10-17T19:54:46","slug":"xxix-niedziela-zwykla-ogloszenia-18-pazdziernika-2020-r","status":"publish","type":"post","link":"https:\/\/mbsniezna.rzeszow.pl\/index.php\/2020\/10\/17\/xxix-niedziela-zwykla-ogloszenia-18-pazdziernika-2020-r\/","title":{"rendered":"XXIX NIEDZIELA ZWYK\u0141A \u2013 OG\u0141OSZENIA  18 PA\u0179DZIERNIKA 2020 R."},"content":{"rendered":"<p><a href=\"https:\/\/mbsniezna.rzeszow.pl\/wp-content\/uploads\/2020\/10\/Eucharystia.jpg\"><img loading=\"lazy\" decoding=\"async\" class=\"wp-image-7279  aligncenter\" src=\"https:\/\/mbsniezna.rzeszow.pl\/wp-content\/uploads\/2020\/10\/Eucharystia-300x225.jpg\" alt=\"\" width=\"407\" height=\"305\" srcset=\"https:\/\/mbsniezna.rzeszow.pl\/wp-content\/uploads\/2020\/10\/Eucharystia-300x225.jpg 300w, https:\/\/mbsniezna.rzeszow.pl\/wp-content\/uploads\/2020\/10\/Eucharystia-1024x768.jpg 1024w, https:\/\/mbsniezna.rzeszow.pl\/wp-content\/uploads\/2020\/10\/Eucharystia-768x576.jpg 768w, https:\/\/mbsniezna.rzeszow.pl\/wp-content\/uploads\/2020\/10\/Eucharystia-1536x1152.jpg 1536w, https:\/\/mbsniezna.rzeszow.pl\/wp-content\/uploads\/2020\/10\/Eucharystia-2048x1536.jpg 2048w, https:\/\/mbsniezna.rzeszow.pl\/wp-content\/uploads\/2020\/10\/Eucharystia.jpg 1920w\" sizes=\"auto, (max-width: 407px) 100vw, 407px\" \/><\/a><\/p>\n<ol>\n<li>Dzisiaj o 10.30 Msza \u015bw. transmitowana parafialnym FB, o 14.30 Msza \u015bw. dla dzieci komunijnych z klas III i ich rodzic\u00f3w \u2013 po\u015bwi\u0119cenie r\u00f3\u017ca\u0144c\u00f3w, o 17.30 nabo\u017ce\u0144stwo r\u00f3\u017ca\u0144cowe. W Tygodniu<span class=\"Apple-converted-space\">&nbsp; <\/span>r\u00f3\u017caniec po Mszy wieczornej.<\/li>\n<\/ol>\n<ol start=\"2\">\n<li>W poniedzia\u0142ek wspomnienie b\u0142. Jerzego Popie\u0142uszki.<\/li>\n<\/ol>\n<ol start=\"3\">\n<li>We wtorek wspomnienie \u015bw. Jana Kantego.<\/li>\n<\/ol>\n<ol start=\"4\">\n<li>We czwartek wspomnienie \u015bw. Jana Paw\u0142a II.<\/li>\n<\/ol>\n<ol start=\"5\">\n<li>W pi\u0105tek wspomnienie \u015bw. J\u00f3zefa Bilczewskiego.<\/li>\n<\/ol>\n<ol start=\"6\">\n<li>W sobot\u0119 wspomnienie<span class=\"Apple-converted-space\">&nbsp; <\/span>b\u0142. |Jana Balickiego.<\/li>\n<\/ol>\n<ol start=\"7\">\n<li>W niedziel\u0119 r\u00f3\u017caniec r\u00f3\u017ca Olgi Kotula.<\/li>\n<\/ol>\n<ol start=\"8\">\n<li>Na stoliczku wy\u0142o\u017cone s\u0105 kartki na wypominki, kt\u00f3re sk\u0142adamy w kopertach na tac\u0119 lub u siostry w zakrystii.<\/li>\n<\/ol>\n<ol start=\"9\">\n<li>W zwi\u0105zku z rozwojem epidemii staramy si\u0119 przestrzega\u0107 wymog\u00f3w sanitarnych: maseczki na ustach i nosie, dezynfekcja r\u0105k przy wchodzeniu i wychodzeniu z ko\u015bcio\u0142a, zachowajmy te\u017c miedzy sob\u0105 pewien dystans. Ks. bp Jan W\u0105troba udzieli\u0142 dyspensy od niedzielnej Mszy \u015bw. dla os\u00f3b starszych wiekiem, chorych i boj\u0105cych si\u0119 zara\u017cenia. Osoby te powinny uczestniczy\u0107 we Mszy \u015bw. poprzez media. W ci\u0105gu tygodnia na Mszach \u015bw. jest mniejsza liczba wiernych \u2013 mo\u017cemy w nich<span class=\"Apple-converted-space\">&nbsp; <\/span>bezpiecznie uczestniczy\u0107.<\/li>\n<\/ol>\n<ol start=\"10\">\n<li>W tym tygodniu nie b\u0119dzie spotka\u0144 duszpasterskich. Spotkanie m\u0142odzie\u017cy oazowej b\u0119dzie w pi\u0105tek o 19.30 w wersji online poprzez platform\u0119 Microsoft Teams.<\/li>\n<\/ol>\n<ol start=\"11\">\n<li>B\u00f3g zap\u0142a\u0107 za ofiary na sprz\u0105tanie ko\u015bcio\u0142a, w tym tygodniu z ul. Miejskiej prosimy rodziny z numer\u00f3w: 213, 209, 207, 205, 199, 197, 195, 193, 189, 187a, 187, 183, 175, 167, 163.<\/li>\n<\/ol>\n","protected":false},"excerpt":{"rendered":"<p>&#8230;<\/p>\n","protected":false},"author":1,"featured_media":6755,"comment_status":"closed","ping_status":"open","sticky":false,"template":"","format":"standard","meta":{"ngg_post_thumbnail":0,"footnotes":""},"categories":[25,13,14],"tags":[],"class_list":["post-7278","post","type-post","status-publish","format-standard","has-post-thumbnail","hentry","category-news","category-newsy","category-ogloszenia_duszp"],"_links":{"self":[{"href":"https:\/\/mbsniezna.rzeszow.pl\/index.php\/wp-json\/wp\/v2\/posts\/7278","targetHints":{"allow":["GET"]}}],"collection":[{"href":"https:\/\/mbsniezna.rzeszow.pl\/index.php\/wp-json\/wp\/v2\/posts"}],"about":[{"href":"https:\/\/mbsniezna.rzeszow.pl\/index.php\/wp-json\/wp\/v2\/types\/post"}],"author":[{"embeddable":true,"href":"https:\/\/mbsniezna.rzeszow.pl\/index.php\/wp-json\/wp\/v2\/users\/1"}],"replies":[{"embeddable":true,"href":"https:\/\/mbsniezna.rzeszow.pl\/index.php\/wp-json\/wp\/v2\/comments?post=7278"}],"version-history":[{"count":1,"href":"https:\/\/mbsniezna.rzeszow.pl\/index.php\/wp-json\/wp\/v2\/posts\/7278\/revisions"}],"predecessor-version":[{"id":7280,"href":"https:\/\/mbsniezna.rzeszow.pl\/index.php\/wp-json\/wp\/v2\/posts\/7278\/revisions\/7280"}],"wp:featuredmedia":[{"embeddable":true,"href":"https:\/\/mbsniezna.rzeszow.pl\/index.php\/wp-json\/wp\/v2\/media\/6755"}],"wp:attachment":[{"href":"https:\/\/mbsniezna.rzeszow.pl\/index.php\/wp-json\/wp\/v2\/media?parent=7278"}],"wp:term":[{"taxonomy":"category","embeddable":true,"href":"https:\/\/mbsniezna.rzeszow.pl\/index.php\/wp-json\/wp\/v2\/categories?post=7278"},{"taxonomy":"post_tag","embeddable":true,"href":"https:\/\/mbsniezna.rzeszow.pl\/index.php\/wp-json\/wp\/v2\/tags?post=7278"}],"curies":[{"name":"wp","href":"https:\/\/api.w.org\/{rel}","templated":true}]}}