{"id":7285,"date":"2020-10-24T18:47:47","date_gmt":"2020-10-24T16:47:47","guid":{"rendered":"https:\/\/mbsniezna.rzeszow.pl\/?p=7285"},"modified":"2020-10-24T18:47:47","modified_gmt":"2020-10-24T16:47:47","slug":"xxx-niedzela-zwykla-ogloszenia-25-pazdziernika-2020-r","status":"publish","type":"post","link":"https:\/\/mbsniezna.rzeszow.pl\/index.php\/2020\/10\/24\/xxx-niedzela-zwykla-ogloszenia-25-pazdziernika-2020-r\/","title":{"rendered":"XXX NIEDZELA ZWYK\u0141A \u2013 OG\u0141OSZENIA  25 PA\u0179DZIERNIKA 2020 R."},"content":{"rendered":"<p>&nbsp;<\/p>\n<ol>\n<li>Dzisiaj po ka\u017cdej Mszy \u015bw. modlimy si\u0119 o ustanie epidemii: wystawienie w puszce, Litania do Serca Pana Jezusa i Suplikacje. O 17.30 r\u00f3\u017caniec.<\/li>\n<\/ol>\n<ol start=\"2\">\n<li>Od poniedzia\u0142ku ksi\u0119\u017ca s\u0105 na kwarantannie \u2013 dzi\u0119kuj\u0105 za \u017cyczliwe s\u0142owa i modlitw\u0119, zam\u00f3wione intencje odprawiaj\u0105 na plebanii. Ko\u015bci\u00f3\u0142 zosta\u0142 poddany dezynfekcji przez ozonowanie \u2013 jest bezpieczny. Kancelaria parafialna w tym tygodniu b\u0119dzie zamkni\u0119ta.<\/li>\n<\/ol>\n<ol start=\"3\">\n<li>Starajmy si\u0119 zachowa\u0107 wymogi sanitarne: dezynfekcja r\u0105k przy wchodzeniu i wychodzeniu z ko\u015bcio\u0142a, maseczki zas\u0142aniaj\u0105ce nos i usta, odpowiedni dystans mi\u0119dzy osobami, obserwujmy stan zdrowia \u2013 w razie potrzeby izolujmy si\u0119 od innych. W naszym ko\u015bciele na Mszy \u015bw. mo\u017ce by\u0107<span class=\"Apple-converted-space\">&nbsp; <\/span>ok. 100 os\u00f3b.<\/li>\n<\/ol>\n<ol start=\"4\">\n<li>W tygodniu Msza \u015bw. tylko wieczorem o 18.00 z nabo\u017ce\u0144stwem r\u00f3\u017ca\u0144cowym.<\/li>\n<\/ol>\n<ol start=\"5\">\n<li>We czwartek od 17.15 adoracja Naj\u015bwi\u0119tszego Sakramentu.<\/li>\n<\/ol>\n<ol start=\"6\">\n<li>B\u00f3g zap\u0142a\u0107 za ofiary na sprz\u0105tanie ko\u015bcio\u0142a, w tym tygodniu z ul. Miejskiej prosimy rodziny z numer\u00f3w: 157, 155, 153, 149, 147, 145, 141a, 143 \u2013 parter, 143-pi\u0119tro, 129, 127, 125, 123, 121, 119,<span class=\"Apple-converted-space\">&nbsp;<\/span><\/li>\n<\/ol>\n<ol start=\"7\">\n<li>Prosimy, aby w tym tygodniu dokona\u0107 sprz\u0105tania cmentarza. Konieczna jest segregacja \u015bmieci: do kontener\u00f3w blaszanych sk\u0142adamy tylko wypalone znicze, szk\u0142o i plastik, natomiast do pojemnika kamiennego sk\u0142adamy traw\u0119 i uschni\u0119te kwiaty (bez doniczek).<\/li>\n<\/ol>\n<ol start=\"8\">\n<li>W przysz\u0142\u0105 niedziel\u0119 Uroczysto\u015b\u0107 Wszystkich \u015awi\u0119tych: do po\u0142udnia Msze \u015bw. w porz\u0105dku niedzielnym, o 14.00 Msza \u015bw. w ko\u015bciele, a po niej modlitwy za naszych zmar\u0142ych \u2013 nie b\u0119dzie procesji na cmentarz, nie b\u0119dzie te\u017c Mszy \u015bw. o 16.00 i 18.00. Zaleca si\u0119, aby z racji bezpiecze\u0144stwa odwiedziny cmentarza roz\u0142o\u017cy\u0107 w czasie, aby jednorazowo nie by\u0142o tam zbyt wielu ludzi.<span class=\"Apple-converted-space\">&nbsp; <\/span>R\u00f3\u017caniec r\u00f3\u017ca Marii Mr\u00f3z &#8211; zmiana tajemnic b\u0119dzie 8 listopada.<\/li>\n<\/ol>\n<ol start=\"9\">\n<li>Starajmy si\u0119<span class=\"Apple-converted-space\">&nbsp; <\/span>na cmentarzach zachowa\u0107 umiar w kwiatach i zniczach, a bardziej zwr\u00f3cimy uwag\u0119 na stron\u0119 duchow\u0105: modlitwa za zmar\u0142ych, zaduma nad przemijaniem, rado\u015b\u0107 ze zwyci\u0119stwa Chrystusa nad \u015bmierci\u0105 przez zmartwychwstanie oraz nadzieja \u017cycia wiecznego. Za \u0142awkami wy\u0142o\u017cone s\u0105 kartki na wypominki, kt\u00f3re sk\u0142adamy na tac\u0119 lub u siostry w zakrystii.<\/li>\n<\/ol>\n<ol start=\"10\">\n<li>Rada Osiedla Rzesz\u00f3w-Budziw\u00f3j prosi mieszka\u0144c\u00f3w o udzia\u0142 w g\u0142osowaniu w ramach Rzeszowskiego Bud\u017cetu Obywatelskiego na 2021 r. i o dodanie g\u0142os\u00f3w na projekty zwi\u0105zane z naszym osiedlem: kategoria I \u2013 projekty 9 lub 10, kategoria II \u2013 projekt 19, kategoria III \u2013 projekt 82 lub 86. G\u0142osowanie trwa do 2 listopada drog\u0105 elektroniczn\u0105 ze strony: rbo.erzeszow.pl<\/li>\n<\/ol>\n","protected":false},"excerpt":{"rendered":"<p>&#8230;<\/p>\n","protected":false},"author":1,"featured_media":6725,"comment_status":"closed","ping_status":"open","sticky":false,"template":"","format":"standard","meta":{"ngg_post_thumbnail":0,"footnotes":""},"categories":[25,13,14],"tags":[],"class_list":["post-7285","post","type-post","status-publish","format-standard","has-post-thumbnail","hentry","category-news","category-newsy","category-ogloszenia_duszp"],"_links":{"self":[{"href":"https:\/\/mbsniezna.rzeszow.pl\/index.php\/wp-json\/wp\/v2\/posts\/7285","targetHints":{"allow":["GET"]}}],"collection":[{"href":"https:\/\/mbsniezna.rzeszow.pl\/index.php\/wp-json\/wp\/v2\/posts"}],"about":[{"href":"https:\/\/mbsniezna.rzeszow.pl\/index.php\/wp-json\/wp\/v2\/types\/post"}],"author":[{"embeddable":true,"href":"https:\/\/mbsniezna.rzeszow.pl\/index.php\/wp-json\/wp\/v2\/users\/1"}],"replies":[{"embeddable":true,"href":"https:\/\/mbsniezna.rzeszow.pl\/index.php\/wp-json\/wp\/v2\/comments?post=7285"}],"version-history":[{"count":1,"href":"https:\/\/mbsniezna.rzeszow.pl\/index.php\/wp-json\/wp\/v2\/posts\/7285\/revisions"}],"predecessor-version":[{"id":7286,"href":"https:\/\/mbsniezna.rzeszow.pl\/index.php\/wp-json\/wp\/v2\/posts\/7285\/revisions\/7286"}],"wp:featuredmedia":[{"embeddable":true,"href":"https:\/\/mbsniezna.rzeszow.pl\/index.php\/wp-json\/wp\/v2\/media\/6725"}],"wp:attachment":[{"href":"https:\/\/mbsniezna.rzeszow.pl\/index.php\/wp-json\/wp\/v2\/media?parent=7285"}],"wp:term":[{"taxonomy":"category","embeddable":true,"href":"https:\/\/mbsniezna.rzeszow.pl\/index.php\/wp-json\/wp\/v2\/categories?post=7285"},{"taxonomy":"post_tag","embeddable":true,"href":"https:\/\/mbsniezna.rzeszow.pl\/index.php\/wp-json\/wp\/v2\/tags?post=7285"}],"curies":[{"name":"wp","href":"https:\/\/api.w.org\/{rel}","templated":true}]}}