{"id":7293,"date":"2020-11-07T21:11:14","date_gmt":"2020-11-07T20:11:14","guid":{"rendered":"https:\/\/mbsniezna.rzeszow.pl\/?p=7293"},"modified":"2020-11-07T21:11:14","modified_gmt":"2020-11-07T20:11:14","slug":"intencje-mszalne-9-15-11-2020-r","status":"publish","type":"post","link":"https:\/\/mbsniezna.rzeszow.pl\/index.php\/2020\/11\/07\/intencje-mszalne-9-15-11-2020-r\/","title":{"rendered":"Intencje Mszalne 9-15.11.2020 r."},"content":{"rendered":"<p>&nbsp;<\/p>\n<p>Poniedzia\u0142ek 9.11<\/p>\n<table cellspacing=\"0\" cellpadding=\"0\">\n<tbody>\n<tr>\n<td valign=\"middle\">7.00<\/td>\n<td valign=\"top\">1. + Czes\u0142awa Kotula (9)<\/p>\n<p>2. Jan Miciuda od rodziny Fornali<\/p>\n<p>3. + Roman Fornal od rodziny Kyc\u00f3w<\/td>\n<\/tr>\n<tr>\n<td valign=\"middle\">18.00<\/td>\n<td valign=\"top\">1. + Maria,, Tomasz G\u0142odowski<\/p>\n<p>2. + Anzelm Szlachta od Agaty i Grzegorza Kad\u0142uczka<\/p>\n<p>3. + Antoni Kalandyk od Antoniego i Doroty z rodzin\u0105<\/p>\n<p>4. + W\u0142adys\u0142aw Szwed od chrzestnej Zdzis\u0142awy<\/p>\n<p>*+ Kazimiera Chmiel od wnuczki Magdaleny z rodzin\u0105 &#8211; Pietropaw\u0142owsk (Kamczatka)<\/td>\n<\/tr>\n<\/tbody>\n<\/table>\n<p>Wtorek: 10.11<\/p>\n<table cellspacing=\"0\" cellpadding=\"0\">\n<tbody>\n<tr>\n<td valign=\"middle\">7.00<\/td>\n<td valign=\"top\">1. + Czes\u0142awa Kotula (10)<\/p>\n<p>2. + Kazimiera Chmiel od Alicji i Andrzeja Szura<\/p>\n<p>3. + Anna Mazur od Marty Bielec z rodzin\u0105<\/p>\n<p>4. + Roman Fornal od Haliny Dudek<\/td>\n<\/tr>\n<tr>\n<td valign=\"middle\">18.00<\/td>\n<td valign=\"top\">1. + Jan, Janusz<\/p>\n<p>2. + Antoni Kalandyk od rodziny B\u0142o\u0144skich<\/p>\n<p>3. + W\u0142adys\u0142aw Szwed od wnuk\u00f3w Dawida i Marioli<\/p>\n<p>4. + O zdrowie dla Stanis\u0142awy i za dusze w czy\u015b\u0107cu cierpi\u0105ce<\/p>\n<p>*+ Maria Ra\u0142owska od rodziny Kotul\u00f3w \u2013 Pietropaw\u0142owsk (Kamczatka)<\/td>\n<\/tr>\n<\/tbody>\n<\/table>\n<p>\u015aroda: 11.11<\/p>\n<table cellspacing=\"0\" cellpadding=\"0\">\n<tbody>\n<tr>\n<td valign=\"middle\">7.00<\/td>\n<td valign=\"top\">1. + Czes\u0142awa Kotula (11)<\/p>\n<p>2. + Jan Miciuda<span class=\"Apple-converted-space\">&nbsp; <\/span>od c\u00f3rki Ma\u0142gorzaty z m\u0119\u017cem<\/p>\n<p>3. + Lucjan Borowiec od rodziny Chy\u0142\u00f3w z Siedlisk<\/p>\n<p>4. + Roman Fornal od chrze\u015bniaka Jacka z rodzin\u0105<\/td>\n<\/tr>\n<tr>\n<td valign=\"middle\">18.00<\/td>\n<td valign=\"top\">1. + Janina, Zbigniew G\u0142odowscy<\/p>\n<p>2. + Agnieszka Homik (2 rocz.)<\/p>\n<p>3. + Wies\u0142aw Pasierb od Zarz\u0105du i pracownik\u00f3w Firmy \u201eWidok\u201d<\/p>\n<p>*+ Maria Ra\u0142owska od rodziny P\u0142odzie\u0144 \u2013 Pietropaw\u0142owsk (Kamczatka)<\/td>\n<\/tr>\n<\/tbody>\n<\/table>\n<p>Czwartek: 12.11<\/p>\n<table cellspacing=\"0\" cellpadding=\"0\">\n<tbody>\n<tr>\n<td valign=\"middle\">7.00<\/td>\n<td valign=\"top\">1. + Czes\u0142awa Kotula (12)<\/p>\n<p>2. + Antoni Kalandyk od rodziny Cis\u0142\u00f3w<\/td>\n<\/tr>\n<tr>\n<td valign=\"middle\">18.00<\/td>\n<td valign=\"top\">1. + Anna Pelczar, W\u0142adys\u0142aw, Adam Wisz<\/p>\n<p>2. + Anzelm Szlachta od rodziny Szur\u00f3w<\/p>\n<p>3. + J\u00f3zef Sworze\u0144 od personelu przedszkola si\u00f3str w Budziwoju<\/p>\n<p>*+ Maria Ra\u0142owska od rodziny Kyc\u2013 Pietropaw\u0142owsk (Kamczatka)<\/td>\n<\/tr>\n<\/tbody>\n<\/table>\n<p>Pi\u0105tek: 13.11<\/p>\n<table cellspacing=\"0\" cellpadding=\"0\">\n<tbody>\n<tr>\n<td valign=\"middle\">7.00<\/td>\n<td valign=\"top\">1. + Czes\u0142awa Kotula (13)<\/p>\n<p>2. + Maria Pa\u015bkiewicz (2 rocz.)<\/p>\n<p>3. + Stanis\u0142aw Trojan<\/p>\n<p>4. + W\u0142adys\u0142aw Szwed od s\u0105siada Adama z rodzin\u0105<\/td>\n<\/tr>\n<tr>\n<td valign=\"middle\">18.00<\/td>\n<td valign=\"top\">1. + Adam Garlak (2 rocz.)<\/p>\n<p>2. + Katarzyna, Jan Skoczylas<\/p>\n<p>3. + Maciej Pa\u017adzior od c\u00f3rki<\/p>\n<p>4. + Anna Mazur od Haliny Jacek<\/p>\n<p>*+<span class=\"Apple-converted-space\">&nbsp; <\/span>Maria Ra\u0142owska od rodziny Pruc\u00f3w \u2013 Pietropaw\u0142owsk (Kamczatka)<\/td>\n<\/tr>\n<\/tbody>\n<\/table>\n<p>Sobota: 14.11<\/p>\n<table cellspacing=\"0\" cellpadding=\"0\">\n<tbody>\n<tr>\n<td valign=\"middle\">7.00<\/td>\n<td valign=\"top\">1. + Czes\u0142awa Kotula (14)<\/p>\n<p>2. + Roman Fornal od kolegi Czes\u0142awa<\/p>\n<p>3. + Lucjan Borowiec od Wojew\u00f3dk\u00f3w<\/p>\n<p>4. + Jan Miciuda od rodziny Kalemb\u00f3w<\/td>\n<\/tr>\n<tr>\n<td valign=\"middle\">18.00<\/td>\n<td valign=\"top\">1. + Franciszek, W\u0142adys\u0142aw Doksa<\/p>\n<p>2. + Maciej Pa\u017adzior od \u017cony<\/p>\n<p>3. + Antoni Kalandyk od chrzestnej El\u017cbiety z rodzin\u0105<\/p>\n<p>4. O przebaczenie grzech\u00f3w narodu polskiego<\/p>\n<p>*+ Maria Ra\u0142owska \u2013 Pietropaw\u0142owsk (Kamczatka)<\/td>\n<\/tr>\n<\/tbody>\n<\/table>\n<p>NIEDZIELA: 15.11<\/p>\n<table cellspacing=\"0\" cellpadding=\"0\">\n<tbody>\n<tr>\n<td valign=\"middle\">7.00<\/td>\n<td valign=\"top\">1. + Roman Fornal od brata z \u017con\u0105<\/td>\n<\/tr>\n<tr>\n<td valign=\"middle\">9.00<\/td>\n<td valign=\"top\">1. O Bo\u017ce b\u0142og. dla Wiktorii, Natalii i D\u017cesiki z racji urodzin<\/p>\n<p>2. + Czes\u0142awa Kotula (15)<\/td>\n<\/tr>\n<tr>\n<td valign=\"middle\">10.30<\/td>\n<td valign=\"top\">1.<span class=\"Apple-converted-space\">&nbsp; <\/span>+ Stanis\u0142aw, Janusz Kotula<\/p>\n<p>*+ Maria Ra\u0142owska od El\u017cbiety i Tadeusza Pa\u015bko \u2013 Pietropaw\u0142owska (Kamczatka)<\/td>\n<\/tr>\n<tr>\n<td valign=\"middle\">12.00<\/td>\n<td valign=\"top\">1. Za parafian \u017cywych i zmar\u0142ych<\/td>\n<\/tr>\n<tr>\n<td valign=\"middle\">16.00<\/td>\n<td valign=\"top\">1. + Katarzyna Szyd\u0142owska (37 rocz.)<\/td>\n<\/tr>\n<tr>\n<td valign=\"middle\">18.00<\/td>\n<td valign=\"top\">1. + Eugeniusz Skoczylas<\/td>\n<\/tr>\n<\/tbody>\n<\/table>\n<p>&nbsp;<\/p>\n","protected":false},"excerpt":{"rendered":"<p>&#8230;<\/p>\n","protected":false},"author":1,"featured_media":7294,"comment_status":"closed","ping_status":"open","sticky":false,"template":"","format":"standard","meta":{"ngg_post_thumbnail":0,"footnotes":""},"categories":[4,25,13],"tags":[],"class_list":["post-7293","post","type-post","status-publish","format-standard","has-post-thumbnail","hentry","category-intencje","category-news","category-newsy"],"_links":{"self":[{"href":"https:\/\/mbsniezna.rzeszow.pl\/index.php\/wp-json\/wp\/v2\/posts\/7293","targetHints":{"allow":["GET"]}}],"collection":[{"href":"https:\/\/mbsniezna.rzeszow.pl\/index.php\/wp-json\/wp\/v2\/posts"}],"about":[{"href":"https:\/\/mbsniezna.rzeszow.pl\/index.php\/wp-json\/wp\/v2\/types\/post"}],"author":[{"embeddable":true,"href":"https:\/\/mbsniezna.rzeszow.pl\/index.php\/wp-json\/wp\/v2\/users\/1"}],"replies":[{"embeddable":true,"href":"https:\/\/mbsniezna.rzeszow.pl\/index.php\/wp-json\/wp\/v2\/comments?post=7293"}],"version-history":[{"count":2,"href":"https:\/\/mbsniezna.rzeszow.pl\/index.php\/wp-json\/wp\/v2\/posts\/7293\/revisions"}],"predecessor-version":[{"id":7296,"href":"https:\/\/mbsniezna.rzeszow.pl\/index.php\/wp-json\/wp\/v2\/posts\/7293\/revisions\/7296"}],"wp:featuredmedia":[{"embeddable":true,"href":"https:\/\/mbsniezna.rzeszow.pl\/index.php\/wp-json\/wp\/v2\/media\/7294"}],"wp:attachment":[{"href":"https:\/\/mbsniezna.rzeszow.pl\/index.php\/wp-json\/wp\/v2\/media?parent=7293"}],"wp:term":[{"taxonomy":"category","embeddable":true,"href":"https:\/\/mbsniezna.rzeszow.pl\/index.php\/wp-json\/wp\/v2\/categories?post=7293"},{"taxonomy":"post_tag","embeddable":true,"href":"https:\/\/mbsniezna.rzeszow.pl\/index.php\/wp-json\/wp\/v2\/tags?post=7293"}],"curies":[{"name":"wp","href":"https:\/\/api.w.org\/{rel}","templated":true}]}}