{"id":7590,"date":"2021-01-09T22:32:28","date_gmt":"2021-01-09T21:32:28","guid":{"rendered":"https:\/\/mbsniezna.rzeszow.pl\/?p=7590"},"modified":"2021-01-09T22:32:28","modified_gmt":"2021-01-09T21:32:28","slug":"intencje-mszalne-11-17-01-2021","status":"publish","type":"post","link":"https:\/\/mbsniezna.rzeszow.pl\/index.php\/2021\/01\/09\/intencje-mszalne-11-17-01-2021\/","title":{"rendered":"Intencje Mszalne 11 \u2013 17.01.2021"},"content":{"rendered":"<p>&nbsp;<\/p>\n<p>Poniedzia\u0142ek<span class=\"Apple-converted-space\">&nbsp; <\/span>11.01<\/p>\n<table cellspacing=\"0\" cellpadding=\"0\">\n<tbody>\n<tr>\n<td valign=\"middle\">7.00<\/td>\n<td valign=\"top\">1. + Anna Mazur (11)<\/p>\n<p>2. + Boles\u0142aw<\/td>\n<\/tr>\n<tr>\n<td valign=\"middle\">18.00<\/td>\n<td valign=\"top\">1. W intencji parafian z ulic: Chmielna, Ustronna, Zak\u0105tkowa<\/p>\n<p>2. + Bogdan, J\u00f3zef Szcz\u0119ch<\/p>\n<p>3. + Tadeusz Pitera od rodziny G\u0142odowskich<\/p>\n<p>*+El\u017cbieta Nalepa (10) w Tarnoszynie, *+ Stefania Michalska od r\u00f3\u017cy Zofii Pa\u0142ka- Pietropaw\u0142owsk (Kamczatka)<\/td>\n<\/tr>\n<\/tbody>\n<\/table>\n<p>Wtorek: 12.01<\/p>\n<table cellspacing=\"0\" cellpadding=\"0\">\n<tbody>\n<tr>\n<td valign=\"middle\">7.00<\/td>\n<td valign=\"top\">1.+ Anna Mazur (12)<\/p>\n<p>2. + W\u0142adys\u0142awa Ciura od Wies\u0142awa i Ireny Cypry\u015b<\/p>\n<p>3. + Tadeusz Kozik od Zofii Puc<\/td>\n<\/tr>\n<tr>\n<td valign=\"middle\">18.00<\/td>\n<td valign=\"top\">1. W intencji parafian z ulic: Jana Paw\u0142a II \u2013 nieparzyste, Go\u015bcinna, Makuszy\u0144skiego<\/p>\n<p>2. + Wojciech Choma<\/p>\n<p>3. + J\u00f3zef Kielar od siostry<\/p>\n<p><span class=\"Apple-converted-space\">&nbsp;<\/span>*+El\u017cbieta Nalepa (11) \u2013 Tarnoszyn, *+Stefania Michalska od Krystyny Dara\u017c- Pietropaw\u0142owsk (Kamczatka)<\/td>\n<\/tr>\n<\/tbody>\n<\/table>\n<p>\u015aroda: 13.01<span class=\"Apple-converted-space\">&nbsp;<\/span><\/p>\n<table cellspacing=\"0\" cellpadding=\"0\">\n<tbody>\n<tr>\n<td valign=\"middle\">7.00<\/td>\n<td valign=\"top\">1. + Anna Mazur (13)<\/p>\n<p>2. + Tadeusz Kozik od Mariana<\/p>\n<p>3. + Zofia \u017bmuda od s\u0105siad\u00f3w z Chmielnej i Herbowej<\/p>\n<p>4. + Eugeniusz Szura od \u017cony Heleny<\/td>\n<\/tr>\n<tr>\n<td valign=\"middle\">18.00<\/td>\n<td valign=\"top\">1. Za parafian z ulic: Jana Paw\u0142a II \u2013 parzyste, \u015bw. Antoniego<\/p>\n<p>2. + Maria<\/p>\n<p>3. + J\u00f3zef Chmiel (32 rocz.), Julia, El\u017cbieta<\/p>\n<p>4. + Jan Miciuda od c\u00f3rki Beaty \u2013 zako\u0144czenie Mszy pogrzebowych<\/p>\n<p>*+El\u017cbieta Nalepa (12) \u2013 Tarnoszyn, *+Stefania Michalska od Krystyny Dara\u017c \u2013 Pietropaw\u0142owsk (Kamczatka)<\/td>\n<\/tr>\n<\/tbody>\n<\/table>\n<p>Czwartek: 14.01<\/p>\n<table cellspacing=\"0\" cellpadding=\"0\">\n<tbody>\n<tr>\n<td valign=\"middle\">7.00<\/td>\n<td valign=\"top\">1. + Anna Mazur (14)<\/p>\n<p>2. + Eugeniusz Szura od syna Andrzeja z rodzin\u0105<\/p>\n<p>3. + Zofia \u017bmuda od Genowefy Cioch z rodzin\u0105<\/p>\n<p>4. + Tadeusz Kozik od Anny Siciak<\/td>\n<\/tr>\n<tr>\n<td valign=\"middle\">18.00<\/td>\n<td valign=\"top\">1. W intencji parafian z ulicy: Miejska &#8211; parzyste<\/p>\n<p>2. + Stefania, Wojciech Trela<\/p>\n<p>3. + Tadeusz |Pitera od Anny Filip<\/p>\n<p>*+El\u017cbieta Nalepa (13) \u2013 Tarnoszyn, *+Stefania Michalska od Anety z rodzina z Lutczy\u2013 Pietropaw\u0142owsk (Kamczatka)<\/td>\n<\/tr>\n<\/tbody>\n<\/table>\n<p>Pi\u0105tek 15.01<\/p>\n<table cellspacing=\"0\" cellpadding=\"0\">\n<tbody>\n<tr>\n<td valign=\"middle\">7.00<\/td>\n<td valign=\"top\">1. + Anna Mazur (15)<\/p>\n<p>2. + Eugeniusz Szura od syna Piotra z rodzin\u0105<\/p>\n<p>3. + Zofia \u017bmuda od c\u00f3rki El\u017cbiety Matwij z rodzin\u0105<\/p>\n<p>4. + Tadeusz Kozik od rodziny T\u0142uczek<\/td>\n<\/tr>\n<tr>\n<td valign=\"middle\">18.00<\/td>\n<td valign=\"top\">1. W intencji parafian z ulicy: Miejska &#8211; nieparzyste<\/p>\n<p>2. + Zbigniew Sudacki<\/p>\n<p>3. + Florian Lis<\/p>\n<p>*+El\u017cbieta Nalepa (14) \u2013 Tarnoszyn, *+ Stefania Michalska od rodziny Dara\u017c z Dubiecka\u2013 Pietropaw\u0142owsk (Kamczatka)<\/td>\n<\/tr>\n<\/tbody>\n<\/table>\n<p>Sobota 16.01<\/p>\n<table cellspacing=\"0\" cellpadding=\"0\">\n<tbody>\n<tr>\n<td valign=\"middle\">7.00<\/td>\n<td valign=\"top\">1. + Anna Mazur (16)<\/p>\n<p>2. + Emil Bogusz (8 rocz.)<\/p>\n<p>3. + Roman Fornal od Iwony i Piotra Liskowicz<\/p>\n<p>4. + Aleksandra P\u0105czek od Alicji Jakubczak<\/td>\n<\/tr>\n<tr>\n<td valign=\"middle\">18.00<\/td>\n<td valign=\"top\">1. W intencji parafian z ulicy: Senatorska &#8211; parzyste<\/p>\n<p>2. + Mieczys\u0142aw, Eugenia Kawa<\/p>\n<p>3. + J\u00f3zefa Borowiec<\/p>\n<p>*+El\u017cbieta Nalepa<span class=\"Apple-converted-space\">&nbsp; <\/span>(15) \u2013 Tarnoszyn, *+Stefania Michalska od rodziny Dara\u017c z Dubiecka &#8211; Pietropaw\u0142owsk (Kamczatka)<\/td>\n<\/tr>\n<\/tbody>\n<\/table>\n<p>NIEDZIELA 17.01 \u015aWI\u0118TO CHRZTU PA\u0143SKIEGO<\/p>\n<table cellspacing=\"0\" cellpadding=\"0\">\n<tbody>\n<tr>\n<td valign=\"middle\">7.00<\/td>\n<td valign=\"top\">1. + Henryk, Rozalia, W\u0142adys\u0142aw Jakubiec<\/p>\n<p>2. + Aleksandra, Eugeniusz Stachyra<\/p>\n<p>3. W intencji b\u0119d\u0105cych rodzicami chrzestnymi na przestrzeni 100-lecia istnienia parafii<\/td>\n<\/tr>\n<tr>\n<td valign=\"middle\">9.00<\/td>\n<td valign=\"top\">1. + J\u00f3zef Chmiel, Julia<\/p>\n<p>2. + Henryk, Genowefa Myrda od syn\u00f3w Zdzis\u0142awa i Kazimierza<\/p>\n<p>3. + Andrzej od syna Jarka i c\u00f3rki Oli z rodzin\u0105<\/td>\n<\/tr>\n<tr>\n<td valign=\"middle\">10.30<\/td>\n<td valign=\"top\">1. + Anna Mazur (17)<\/p>\n<p>2. O uzdrowienie z ci\u0119\u017ckiej choroby za przyczyn\u0105 \u015bw. Szarbela dla S\u0142awomira<\/p>\n<p>*+El\u017cbieta Nalepa (16) \u2013 Tarnoszyn;<span class=\"Apple-converted-space\">&nbsp; <\/span>*+Maria Kalandyk od kole\u017canek i koleg\u00f3w z pracy Polfa Rzesz\u00f3w\u2013 Pietropaw\u0142owsk<\/td>\n<\/tr>\n<tr>\n<td valign=\"middle\">12.00<\/td>\n<td valign=\"top\">1. Za parafian \u017cywych i zmar\u0142ych<\/td>\n<\/tr>\n<tr>\n<td valign=\"middle\">16.00<\/td>\n<td valign=\"top\">1. + Genowefa, Henryk Myrda<\/td>\n<\/tr>\n<tr>\n<td valign=\"middle\">18.00<\/td>\n<td valign=\"top\">1. W intencjach brata Krzysztofa o potrzebne \u0142aski, zdrowie i zgod\u0119 w ma\u0142\u017ce\u0144stwie<\/td>\n<\/tr>\n<\/tbody>\n<\/table>\n","protected":false},"excerpt":{"rendered":"<p>&#8230;<\/p>\n","protected":false},"author":1,"featured_media":7592,"comment_status":"closed","ping_status":"open","sticky":false,"template":"","format":"standard","meta":{"ngg_post_thumbnail":0,"footnotes":""},"categories":[4,25,13],"tags":[],"class_list":["post-7590","post","type-post","status-publish","format-standard","has-post-thumbnail","hentry","category-intencje","category-news","category-newsy"],"_links":{"self":[{"href":"https:\/\/mbsniezna.rzeszow.pl\/index.php\/wp-json\/wp\/v2\/posts\/7590","targetHints":{"allow":["GET"]}}],"collection":[{"href":"https:\/\/mbsniezna.rzeszow.pl\/index.php\/wp-json\/wp\/v2\/posts"}],"about":[{"href":"https:\/\/mbsniezna.rzeszow.pl\/index.php\/wp-json\/wp\/v2\/types\/post"}],"author":[{"embeddable":true,"href":"https:\/\/mbsniezna.rzeszow.pl\/index.php\/wp-json\/wp\/v2\/users\/1"}],"replies":[{"embeddable":true,"href":"https:\/\/mbsniezna.rzeszow.pl\/index.php\/wp-json\/wp\/v2\/comments?post=7590"}],"version-history":[{"count":1,"href":"https:\/\/mbsniezna.rzeszow.pl\/index.php\/wp-json\/wp\/v2\/posts\/7590\/revisions"}],"predecessor-version":[{"id":7593,"href":"https:\/\/mbsniezna.rzeszow.pl\/index.php\/wp-json\/wp\/v2\/posts\/7590\/revisions\/7593"}],"wp:featuredmedia":[{"embeddable":true,"href":"https:\/\/mbsniezna.rzeszow.pl\/index.php\/wp-json\/wp\/v2\/media\/7592"}],"wp:attachment":[{"href":"https:\/\/mbsniezna.rzeszow.pl\/index.php\/wp-json\/wp\/v2\/media?parent=7590"}],"wp:term":[{"taxonomy":"category","embeddable":true,"href":"https:\/\/mbsniezna.rzeszow.pl\/index.php\/wp-json\/wp\/v2\/categories?post=7590"},{"taxonomy":"post_tag","embeddable":true,"href":"https:\/\/mbsniezna.rzeszow.pl\/index.php\/wp-json\/wp\/v2\/tags?post=7590"}],"curies":[{"name":"wp","href":"https:\/\/api.w.org\/{rel}","templated":true}]}}