{"id":7608,"date":"2021-01-30T22:04:36","date_gmt":"2021-01-30T21:04:36","guid":{"rendered":"https:\/\/mbsniezna.rzeszow.pl\/?p=7608"},"modified":"2021-01-30T22:04:36","modified_gmt":"2021-01-30T21:04:36","slug":"iv-niedziela-zwykla-ogloszenia-31-stycznia-2021-r","status":"publish","type":"post","link":"https:\/\/mbsniezna.rzeszow.pl\/index.php\/2021\/01\/30\/iv-niedziela-zwykla-ogloszenia-31-stycznia-2021-r\/","title":{"rendered":"IV NIEDZIELA ZWYK\u0141A \u2013 OG\u0141OSZENIA  31 STYCZNIA 2021 R."},"content":{"rendered":"<p>&nbsp;<\/p>\n<ol>\n<li>Dzisiaj o 14.00 pogrzeb \u015bp. Heleny Chy\u0142a z ul. Por\u0105bki.<\/li>\n<\/ol>\n<ol start=\"2\">\n<li>W tygodniu Msze \u015bw. o 7.00 i 18.00.<\/li>\n<\/ol>\n<ol start=\"3\">\n<li>We wtorek \u015bwi\u0119to Matki Bo\u017cej Gromnicznej \u2013 Msze \u015bw. z po\u015bwi\u0119ceniem gromnic b\u0119d\u0105 o 7.00, 9.00 i 18.00. Jest o Dzie\u0144 \u017bycia Konsekrowanego \u2013 w modlitwie dzi\u0119kujemy Bogu za osoby zakonne, a zw\u0142aszcza za nasze siostry zakonne pos\u0142uguj\u0105ce w ko\u015bciele i w przedszkolu. Sk\u0142adka na utrzymanie dzia\u0142aj\u0105cych w diecezji dw\u00f3ch zakon\u00f3w klauzurowych \u2013 Siostry Karmelitanki w Rzeszowie i Siostry Wizytki w Ja\u015ble.<\/li>\n<\/ol>\n<ol start=\"4\">\n<li>We wtorek po Mszy wieczornej w ko\u015bciele spotkanie ministrant\u00f3w i lektor\u00f3w.<\/li>\n<\/ol>\n<ol start=\"5\">\n<li>W \u015brod\u0119 \u015bw. B\u0142a\u017ceja \u2013 patrona od chor\u00f3b gard\u0142a, z powodu epidemii nie b\u0119dzie na\u0142o\u017cenia \u015bwiec, a jab\u0142ka do po\u015bwi\u0119cenia prosz\u0119 przynie\u015b\u0107 w\u0142asne.<\/li>\n<\/ol>\n<ol start=\"6\">\n<li>I czwartek miesi\u0105ca \u2013 dzie\u0144 modlitwy o powo\u0142ania kap\u0142a\u0144skie, zakonne i misyjne. Od 17.15 adoracja i spowied\u017a.<\/li>\n<\/ol>\n<ol start=\"7\">\n<li>W czwartek spotkanie dla kandydat\u00f3w do bierzmowania z klas VIII <span class=\"Apple-converted-space\">&nbsp; <\/span>w nast\u0119puj\u0105cym porz\u0105dku: 17.30 \u2013 spowied\u017a, 18.00 Msza \u015bw. z kazaniem o Duchu \u015awi\u0119tym, po Mszy kr\u00f3tkie spotkanie organizacyjne.<\/li>\n<\/ol>\n<ol start=\"8\">\n<li>I pi\u0105tek miesi\u0105ca \u2013 spowied\u017a: 6.30, od 16.30 z Komunia o 17.00 i 17.30. Msze \u015bw. o 7.00 i 18.00 z nabo\u017ce\u0144stwem do Bo\u017cego Serca. Z powodu epidemii nie b\u0119dzie wyjazdu do chorych.<\/li>\n<\/ol>\n<ol start=\"9\">\n<li>W pi\u0105tek \u015bw. Agaty \u2013 patronki od po\u017car\u00f3w, po\u015bwi\u0119cenie soli i chleba, kt\u00f3re z racji epidemii prosz\u0119 przynie\u015b\u0107 w\u0142asne.<\/li>\n<\/ol>\n<ol start=\"10\">\n<li>I sobota miesi\u0105ca \u2013 po Mszy wieczornej r\u00f3\u017caniec fatimski.<\/li>\n<\/ol>\n<ol start=\"11\">\n<li>W niedziel\u0119 po prymarii zmiana tajemnic r\u00f3\u017ca\u0144cowych.<\/li>\n<\/ol>\n<ol start=\"12\">\n<li>B\u00f3g zap\u0142a\u0107 za ofiary na sprz\u0105tanie ko\u015bcio\u0142a w tym tygodniu z ul. Lotosowej prosimy rodziny z numer\u00f3w:4, 8, 11, 11b, 15a, 18, 20, 21, 22, 23,<span class=\"Apple-converted-space\">&nbsp; <\/span>oraz z ulicy Alternatywy rodziny z numer\u00f3w:1, 3, 4, 5, 6,<span class=\"Apple-converted-space\">&nbsp; <\/span>7, 9, 12, 14, 21, 28.<\/li>\n<\/ol>\n<ol start=\"13\">\n<li>Ko\u0144czy si\u0119 miesi\u0105c stycze\u0144, kt\u00f3ry by\u0142 pierwszym miesi\u0105cem prze\u017cywania jubileuszu 100-lecia parafii. Po\u015bwi\u0119cony by\u0142 on sakramentowi chrztu. Na ka\u017cdej Mszy niedzielnej i \u015bwi\u0105tecznej by\u0142a aspersja (pokropienie), pie\u015b\u0144 , \u201ePrzez chrztu \u015bwi\u0119tego\u2026\u201d, wyrzeczenie si\u0119 z\u0142a, grzechu i szatana oraz chrzcielne wyznanie wiary. G\u0142oszone by\u0142y kazania katechizmowe o chrzcie, kt\u00f3rych w niedziele i \u015bwi\u0119ta wyg\u0142oszono 7 , a w dni powszednie 6; odprawione te\u017c zosta\u0142y 4 Msze \u015bw. w intencji r\u00f3\u017cnych os\u00f3b zwi\u0105zanych z udzielaniem sakramentu chrztu.<\/li>\n<\/ol>\n<ol start=\"14\">\n<li>Miesi\u0105c luty po\u015bwi\u0119cony b\u0119dzie sakramentowi bierzmowania.<\/li>\n<\/ol>\n<ol start=\"15\">\n<li>Na stoliczku za \u0142awkami wy\u0142o\u017cony jest nowy numer darmowej gazety \u201eDobre nowiny\u201d oraz darmowe archiwalne numery pisma \u201ePrzymierze z Maryj\u0105\u201d, kt\u00f3re te\u017c s\u0105 godne polecenia. Zapraszamy do lektury.<\/li>\n<\/ol>\n","protected":false},"excerpt":{"rendered":"<p>&#8230;<\/p>\n","protected":false},"author":1,"featured_media":6725,"comment_status":"closed","ping_status":"open","sticky":false,"template":"","format":"standard","meta":{"ngg_post_thumbnail":0,"footnotes":""},"categories":[25,13,14],"tags":[],"class_list":["post-7608","post","type-post","status-publish","format-standard","has-post-thumbnail","hentry","category-news","category-newsy","category-ogloszenia_duszp"],"_links":{"self":[{"href":"https:\/\/mbsniezna.rzeszow.pl\/index.php\/wp-json\/wp\/v2\/posts\/7608","targetHints":{"allow":["GET"]}}],"collection":[{"href":"https:\/\/mbsniezna.rzeszow.pl\/index.php\/wp-json\/wp\/v2\/posts"}],"about":[{"href":"https:\/\/mbsniezna.rzeszow.pl\/index.php\/wp-json\/wp\/v2\/types\/post"}],"author":[{"embeddable":true,"href":"https:\/\/mbsniezna.rzeszow.pl\/index.php\/wp-json\/wp\/v2\/users\/1"}],"replies":[{"embeddable":true,"href":"https:\/\/mbsniezna.rzeszow.pl\/index.php\/wp-json\/wp\/v2\/comments?post=7608"}],"version-history":[{"count":1,"href":"https:\/\/mbsniezna.rzeszow.pl\/index.php\/wp-json\/wp\/v2\/posts\/7608\/revisions"}],"predecessor-version":[{"id":7609,"href":"https:\/\/mbsniezna.rzeszow.pl\/index.php\/wp-json\/wp\/v2\/posts\/7608\/revisions\/7609"}],"wp:featuredmedia":[{"embeddable":true,"href":"https:\/\/mbsniezna.rzeszow.pl\/index.php\/wp-json\/wp\/v2\/media\/6725"}],"wp:attachment":[{"href":"https:\/\/mbsniezna.rzeszow.pl\/index.php\/wp-json\/wp\/v2\/media?parent=7608"}],"wp:term":[{"taxonomy":"category","embeddable":true,"href":"https:\/\/mbsniezna.rzeszow.pl\/index.php\/wp-json\/wp\/v2\/categories?post=7608"},{"taxonomy":"post_tag","embeddable":true,"href":"https:\/\/mbsniezna.rzeszow.pl\/index.php\/wp-json\/wp\/v2\/tags?post=7608"}],"curies":[{"name":"wp","href":"https:\/\/api.w.org\/{rel}","templated":true}]}}