{"id":7624,"date":"2021-02-20T23:02:16","date_gmt":"2021-02-20T22:02:16","guid":{"rendered":"https:\/\/mbsniezna.rzeszow.pl\/?p=7624"},"modified":"2021-02-20T23:02:16","modified_gmt":"2021-02-20T22:02:16","slug":"i-niedziela-wielkiego-postu-ogloszenia-21-lutego-2021-r","status":"publish","type":"post","link":"https:\/\/mbsniezna.rzeszow.pl\/index.php\/2021\/02\/20\/i-niedziela-wielkiego-postu-ogloszenia-21-lutego-2021-r\/","title":{"rendered":"I NIEDZIELA WIELKIEGO POSTU \u2013 OG\u0141OSZENIA  21 LUTEGO 2021 R."},"content":{"rendered":"<p>&nbsp;<\/p>\n<ol>\n<li>Dzisiaj o 14.30 Msza dla dzieci komunijnych<span class=\"Apple-converted-space\">&nbsp; <\/span>i ich rodzic\u00f3w, o 17.00 nabo\u017ce\u0144stwo Gorzkich \u017bali z kazaniem pasyjnym. Zapraszamy.<\/li>\n<\/ol>\n<ol start=\"2\">\n<li>We wtorek Nabo\u017ce\u0144stwo do \u015bw. Antoniego.<\/li>\n<\/ol>\n<ol start=\"3\">\n<li>W \u015brod\u0119 Nabo\u017ce\u0144stwo do Siedmiu Bole\u015bci Matki Bo\u017cej.<\/li>\n<\/ol>\n<ol start=\"4\">\n<li>W czwartek od 17.15 adoracja i spowied\u017a. Na Mszy spotkanie kandydat\u00f3w do bierzmowania.<\/li>\n<\/ol>\n<ol start=\"5\">\n<li>W pi\u0105tek nabo\u017ce\u0144stwo Drogi Krzy\u017cowej o 17.30 i o 20.00.<\/li>\n<\/ol>\n<ol start=\"6\">\n<li>W niedziel\u0119 Droga Krzy\u017cowa o 6.30 i Gorzkie \u017bale o 17.00<\/li>\n<\/ol>\n<ol start=\"7\">\n<li>Przysz\u0142a niedziela nosi nazw\u0119 \u201eAd gentes\u201d \u2013 \u201eDo narod\u00f3w\u201d, po\u015bwi\u0119cona jest misjom \u2013 b\u0119dzie zbi\u00f3rka do puszek na misje.<\/li>\n<\/ol>\n<ol start=\"8\">\n<li>Zapowiedzi przed\u015blubne: Pawe\u0142 P\u0142onka \u2013 Agnieszka Kom\u00f3rek (zap. II).<\/li>\n<\/ol>\n<ol start=\"9\">\n<li>B\u00f3g zap\u0142a\u0107 za ofiary na sprz\u0105tanie ko\u015bcio\u0142a, w tym tygodniu prosimy rodziny: z ul. Jesionowej z numer\u00f3w: 1, 3, 5, 6, 8, 15; z ul. Senatorskiej z numer\u00f3w: 352,<span class=\"Apple-converted-space\">&nbsp; <\/span>358, 362, 383, 385; z ul. Por\u0105bki:130a, 130b, 130c, 130d,128.<\/li>\n<\/ol>\n<ol start=\"10\">\n<li>Dzisiaj o 17.00 w ko\u015bciele w Tyczynie rozpoczyna si\u0119 katecheza przedma\u0142\u017ce\u0144ska.<\/li>\n<\/ol>\n<ol start=\"11\">\n<li>Bardzo serdecznie dzi\u0119kujemy za sk\u0142adk\u0119 ze \u015arody Popielcowej na pomoc parafii U\u0142an-Ude na Zabajkalu w Rosji \u2013 z\u0142o\u017cono 4 tys. z\u0142. \u2013 B\u00f3g zap\u0142a\u0107. Ofiary na ten cel mo\u017cemy sk\u0142ada\u0107 ca\u0142y Wielki Post do puszki \u201eChleb \u015bw. Antoniego\u201d w balaskach.<\/li>\n<\/ol>\n<ol start=\"12\">\n<li>Do wielkopostnej ja\u0142mu\u017cny zaprasza nas Caritas Diecezji Rzeszowskiej przez przekazanie 1% podatku na Caritas Bli\u017ani w Potrzebie KRS 0000251723. Na stoliczku s\u0105 ulotki. Druga propozycja to Skarbonka Wielkopostna na ja\u0142mu\u017cn\u0119 rodzinn\u0105. Tego roku Caritas pragnie wspomaga\u0107 senior\u00f3w. Skarbonki wy\u0142o\u017cone s\u0105 na stoliczku. Do ko\u015bcio\u0142a z ja\u0142mu\u017cn\u0105 przyniesiemy je w Niedziel\u0119 Mi\u0142osierdzia.<\/li>\n<\/ol>\n<ol start=\"13\">\n<li>Bardzo prosimy ka\u017cdego z parafian o modlitw\u0119 w intencji misji parafialnych, kt\u00f3re b\u0119d\u0105 w marcu i o dary Ducha \u015awi\u0119tego dla ojca misjonarza. W tej intencji prosimy ofiarowa\u0107 post pi\u0105tkowy \u2013 wstrzemi\u0119\u017aliwo\u015b\u0107 od pokarm\u00f3w mi\u0119snych.<\/li>\n<\/ol>\n","protected":false},"excerpt":{"rendered":"<p>&#8230;<\/p>\n","protected":false},"author":1,"featured_media":6815,"comment_status":"closed","ping_status":"open","sticky":false,"template":"","format":"standard","meta":{"ngg_post_thumbnail":0,"footnotes":""},"categories":[25,13,14],"tags":[],"class_list":["post-7624","post","type-post","status-publish","format-standard","has-post-thumbnail","hentry","category-news","category-newsy","category-ogloszenia_duszp"],"_links":{"self":[{"href":"https:\/\/mbsniezna.rzeszow.pl\/index.php\/wp-json\/wp\/v2\/posts\/7624","targetHints":{"allow":["GET"]}}],"collection":[{"href":"https:\/\/mbsniezna.rzeszow.pl\/index.php\/wp-json\/wp\/v2\/posts"}],"about":[{"href":"https:\/\/mbsniezna.rzeszow.pl\/index.php\/wp-json\/wp\/v2\/types\/post"}],"author":[{"embeddable":true,"href":"https:\/\/mbsniezna.rzeszow.pl\/index.php\/wp-json\/wp\/v2\/users\/1"}],"replies":[{"embeddable":true,"href":"https:\/\/mbsniezna.rzeszow.pl\/index.php\/wp-json\/wp\/v2\/comments?post=7624"}],"version-history":[{"count":1,"href":"https:\/\/mbsniezna.rzeszow.pl\/index.php\/wp-json\/wp\/v2\/posts\/7624\/revisions"}],"predecessor-version":[{"id":7625,"href":"https:\/\/mbsniezna.rzeszow.pl\/index.php\/wp-json\/wp\/v2\/posts\/7624\/revisions\/7625"}],"wp:featuredmedia":[{"embeddable":true,"href":"https:\/\/mbsniezna.rzeszow.pl\/index.php\/wp-json\/wp\/v2\/media\/6815"}],"wp:attachment":[{"href":"https:\/\/mbsniezna.rzeszow.pl\/index.php\/wp-json\/wp\/v2\/media?parent=7624"}],"wp:term":[{"taxonomy":"category","embeddable":true,"href":"https:\/\/mbsniezna.rzeszow.pl\/index.php\/wp-json\/wp\/v2\/categories?post=7624"},{"taxonomy":"post_tag","embeddable":true,"href":"https:\/\/mbsniezna.rzeszow.pl\/index.php\/wp-json\/wp\/v2\/tags?post=7624"}],"curies":[{"name":"wp","href":"https:\/\/api.w.org\/{rel}","templated":true}]}}