{"id":7662,"date":"2021-03-27T22:01:06","date_gmt":"2021-03-27T21:01:06","guid":{"rendered":"https:\/\/mbsniezna.rzeszow.pl\/?p=7662"},"modified":"2021-03-27T22:01:06","modified_gmt":"2021-03-27T21:01:06","slug":"niedziela-palmowa-ogloszenia-28-marca-2021-roku","status":"publish","type":"post","link":"https:\/\/mbsniezna.rzeszow.pl\/index.php\/2021\/03\/27\/niedziela-palmowa-ogloszenia-28-marca-2021-roku\/","title":{"rendered":"NIEDZIELA PALMOWA &#8211; OG\u0141OSZENIA  28 MARCA 2021 ROKU"},"content":{"rendered":"<p>&nbsp;<\/p>\n<ol>\n<li>Dzisiaj o 17.00 Gorzkie \u017cale z kazaniem pasyjnym \u2013 taca na kwiaty do Bo\u017cego Grobu.<\/li>\n<\/ol>\n<ol start=\"2\">\n<li>We wtorek zbi\u00f3rka ministrant\u00f3w i lektor\u00f3w.<\/li>\n<\/ol>\n<ol start=\"3\">\n<li>W Wielki Poniedzia\u0142ek Wtorek i \u015arod\u0119 g\u0142oszone b\u0119d\u0105 rozwa\u017cania wprowadzaj\u0105ce w liturgi\u0119 Triduum Paschalnego.<\/li>\n<\/ol>\n<ol start=\"4\">\n<li>Od poniedzia\u0142ku do \u015brody<span class=\"Apple-converted-space\">&nbsp; <\/span>mo\u017cliwo\u015b\u0107 spowiedzi od 17.00 do 18.00 i od 20.00 do 21.00.<\/li>\n<\/ol>\n<ol start=\"5\">\n<li>W \u015brod\u0119 Nabo\u017ce\u0144stwo do Siedmiu Bole\u015bci Matki Bo\u017cej.<\/li>\n<\/ol>\n<ol start=\"6\">\n<li>W Wielki Czwartek o 18.00 Msza \u015bw. Wieczerzy Pa\u0144skiej, przeniesienie Pana Jezusa do Ciemnicy, od\u015bpiewanie pie\u015bni: \u201eGdy Jezus mi\u0142y by\u0142 w Betaniji\u201d, adoracja w ciszy do 22.00. Spowied\u017a od 21 do 22.00.<\/li>\n<\/ol>\n<ol start=\"7\">\n<li>Wielki Pi\u0105tek adoracja w Ciemnicy od 8.00 \u2013 tego roku nie wyznaczamy r\u00f3\u017c r\u00f3\u017ca\u0144cowych, wszystkich zapraszamy na indywidualn\u0105 adoracj\u0119, spowied\u017a od 8.00 do 9.00, o 15.00 Koronka do Bo\u017cego Mi\u0142osierdzia \u2013 Nowenna przed \u015awi\u0119tem Mi\u0142osierdzia, o 18.00 Droga Krzy\u017cowa a po niej Liturgia Wielkopi\u0105tkowa zako\u0144czona przeniesieniem Pana Jezusa do Bo\u017cego Grobu, nast\u0119pnie<span class=\"Apple-converted-space\">&nbsp; <\/span>adoracja krzy\u017ca \u2013 nie ca\u0142ujemy krzy\u017ca, krzy\u017cowi cze\u015b\u0107 oddajemy przez<span class=\"Apple-converted-space\">&nbsp; <\/span>p\u00f3jcie na kolanach lub uk\u0142on \u2013 ofiary na utrzymanie ko\u015bcio\u0142\u00f3w w Ziemi \u015awi\u0119tej, Gorzkie \u017bale trzy cz\u0119\u015bci, od 21.00 do 22.00 dalsza cz\u0119\u015b\u0107 adoracji krzy\u017ca i Pana Jezusa w Grobie w oraz spowied\u017a. W Wielki Pi\u0105tek jest post \u015bcis\u0142y.<\/li>\n<\/ol>\n<ol start=\"8\">\n<li>Wielka Sobota \u2013 od 8.00 adoracja przy Bo\u017cym Grobie<span class=\"Apple-converted-space\">&nbsp; <\/span>i adoracja krzy\u017ca, od 8.00 do 9.00 spowied\u017a; po\u015bwi\u0119cenie pokarm\u00f3w od 9.00 do 13.00 \u2013 z racji bezpiecze\u0144stwa odbywa\u0107 si\u0119 ono b\u0119dzie na placu przed ko\u015bcio\u0142em co p\u00f3\u0142 godziny; nadto po\u015bwi\u0119cenie pokarm\u00f3w b\u0119dzie na Przylasku o 10.00, w D\u0119bin\u00f3wce o 10.30 i w Domu Kultury Country o 11.00; o 15.00 Koronka do Bo\u017cego Mi\u0142osierdzia; o 19.00 Liturgia Wigilii Paschalnej \u2013 przynosimy \u015bwiece na odnowienie przyrzecze\u0144 chrzcielnych \u2013 wieczorem adoracji ju\u017c nie b\u0119dzie.<\/li>\n<\/ol>\n<ol start=\"9\">\n<li>Wielkanoc \u2013 rezurekcja o 6.00 \u2013 z racji bezpiecze\u0144stwa procesji nie b\u0119dzie. Kolejne Msze \u015bw.: 9.00, 10.30, 12.00 \u2013 z Koronk\u0105, po po\u0142udniu Msze \u015bw. o 16.00 i 18.00.<\/li>\n<\/ol>\n<ol start=\"10\">\n<li>Poniedzia\u0142ek Wielkanocny \u2013 porz\u0105dek Mszy \u015bw. niedzielny, po prymarii Nowenna przed \u015awi\u0119tem Mi\u0142osierdzia.<\/li>\n<\/ol>\n<ol start=\"11\">\n<li>Liturgia Triduum Paschalnego b\u0119dzie transmitowana, tak\u017ce Msza \u015bw. o 10.30 na Wielkanoc i w Poniedzia\u0142ek Wielkanocny.<\/li>\n<\/ol>\n<ol start=\"12\">\n<li>Na stronach parafialnych udost\u0119pnia\u0107 b\u0119dziemy liturgi\u0119 domow\u0105 na Triduum Paschalne, jako pomoc dla tych rodzin co pozostan\u0105 w domach.<\/li>\n<\/ol>\n<ol start=\"13\">\n<li>Dzi\u0119kujemy za dar wielkoczwartkowy (1600 z\u0142) \u2013 b\u0119dzie na wydatki bie\u017c\u0105ce oraz za ofiary sk\u0142adane na urz\u0105dzenie ciemnicy i Bo\u017cego Grobu i udekorowanie ko\u015bcio\u0142a (1900 z\u0142).<\/li>\n<\/ol>\n<ol start=\"14\">\n<li>Zapowiedzi: M. Rozmus-K. Steciuk, O. Duli\u0144ski \u2013 M. Grzebyk ; W. K\u0142oskowicz \u2013 N. Mi\u0105sik.<\/li>\n<\/ol>\n<ol start=\"15\">\n<li>B\u00f3g zap\u0142a\u0107 za ofiary na sprz\u0105tanie ko\u015bcio\u0142a, w tym tygodniu z ul. Por\u0105bki prosimy rodziny z numer\u00f3w: 185, 181, 171, 167, 161, 159, 157, 155, 147, 143b, 139, 137, 137c, 137f, 137g.<\/li>\n<\/ol>\n<ol start=\"16\">\n<li>Na stoliku mamy nowy numer darmowej gazety \u201eDobre nowiny\u201d i broszur\u0119 \u201eTriduum Paschalne\u201d.<\/li>\n<\/ol>\n<ol start=\"17\">\n<li>W zwi\u0105zku z rozwojem epidemii bardzo prosimy o przestrzeganie wymog\u00f3w sanitarnych, a mianowicie: przychodzimy w maseczkach zas\u0142aniaj\u0105cych usta i nos, przy wchodzeniu i wychodzeniu z ko\u015bcio\u0142a dokonujemy dezynfekcji r\u0105k, Komuni\u0119 \u015bw. przyjmujemy na r\u0119k\u0119 \u2013 ci co przyjmuj\u0105 do ust podchodz\u0105 w ostatnim podej\u015bciu, zachowujemy dystans \u2013 1 osoba na 20 metr\u00f3w kwadratowych \u2013 rodziny mog\u0105 siedzie\u0107 razem.<\/li>\n<\/ol>\n<p>Z racji bezpiecze\u0144stwa w liturgii Triduum Paschalnego mo\u017cna uczestniczy\u0107 tak\u017ce na placu przed ko\u015bcio\u0142em, kt\u00f3ry b\u0119dzie nag\u0142o\u015bniony. Na placu te\u017c obowi\u0105zuj\u0105 nas maseczki i dystans. Prosimy przynie\u015b\u0107 ze sob\u0105 sk\u0142adane krzese\u0142ka. Komunia b\u0119dzie udzielana tak\u017ce na placu.<\/p>\n","protected":false},"excerpt":{"rendered":"<p>&#8230;<\/p>\n","protected":false},"author":1,"featured_media":6787,"comment_status":"closed","ping_status":"open","sticky":false,"template":"","format":"standard","meta":{"ngg_post_thumbnail":0,"footnotes":""},"categories":[25,13,14],"tags":[],"class_list":["post-7662","post","type-post","status-publish","format-standard","has-post-thumbnail","hentry","category-news","category-newsy","category-ogloszenia_duszp"],"_links":{"self":[{"href":"https:\/\/mbsniezna.rzeszow.pl\/index.php\/wp-json\/wp\/v2\/posts\/7662","targetHints":{"allow":["GET"]}}],"collection":[{"href":"https:\/\/mbsniezna.rzeszow.pl\/index.php\/wp-json\/wp\/v2\/posts"}],"about":[{"href":"https:\/\/mbsniezna.rzeszow.pl\/index.php\/wp-json\/wp\/v2\/types\/post"}],"author":[{"embeddable":true,"href":"https:\/\/mbsniezna.rzeszow.pl\/index.php\/wp-json\/wp\/v2\/users\/1"}],"replies":[{"embeddable":true,"href":"https:\/\/mbsniezna.rzeszow.pl\/index.php\/wp-json\/wp\/v2\/comments?post=7662"}],"version-history":[{"count":1,"href":"https:\/\/mbsniezna.rzeszow.pl\/index.php\/wp-json\/wp\/v2\/posts\/7662\/revisions"}],"predecessor-version":[{"id":7663,"href":"https:\/\/mbsniezna.rzeszow.pl\/index.php\/wp-json\/wp\/v2\/posts\/7662\/revisions\/7663"}],"wp:featuredmedia":[{"embeddable":true,"href":"https:\/\/mbsniezna.rzeszow.pl\/index.php\/wp-json\/wp\/v2\/media\/6787"}],"wp:attachment":[{"href":"https:\/\/mbsniezna.rzeszow.pl\/index.php\/wp-json\/wp\/v2\/media?parent=7662"}],"wp:term":[{"taxonomy":"category","embeddable":true,"href":"https:\/\/mbsniezna.rzeszow.pl\/index.php\/wp-json\/wp\/v2\/categories?post=7662"},{"taxonomy":"post_tag","embeddable":true,"href":"https:\/\/mbsniezna.rzeszow.pl\/index.php\/wp-json\/wp\/v2\/tags?post=7662"}],"curies":[{"name":"wp","href":"https:\/\/api.w.org\/{rel}","templated":true}]}}