{"id":7683,"date":"2021-04-05T06:16:48","date_gmt":"2021-04-05T04:16:48","guid":{"rendered":"https:\/\/mbsniezna.rzeszow.pl\/?p=7683"},"modified":"2021-04-05T06:16:48","modified_gmt":"2021-04-05T04:16:48","slug":"intencje-mszalne-6-11-04-2021r","status":"publish","type":"post","link":"https:\/\/mbsniezna.rzeszow.pl\/index.php\/2021\/04\/05\/intencje-mszalne-6-11-04-2021r\/","title":{"rendered":"Intencje Mszalne\u00a0 6\u2013 11.04.2021r."},"content":{"rendered":"<p>&nbsp;<\/p>\n<p>Wtorek 6.04<\/p>\n<table cellspacing=\"0\" cellpadding=\"0\">\n<tbody>\n<tr>\n<td valign=\"middle\">7.00<\/td>\n<td valign=\"top\">1. + Wojciech (11 rocz.), Stanis\u0142awa Paul od syna i brata<\/p>\n<p>2. + Andrzej Kozik od Renaty i Andrzeja Dr\u0105\u017cek<\/p>\n<p>3. + Edward Myrda od Aldony i Lucjana Jod\u0142owskich<\/td>\n<\/tr>\n<tr>\n<td valign=\"middle\">18.00<\/td>\n<td valign=\"top\">1. + Teresa Zimny (5)<\/p>\n<p>2. + Maria, Bronis\u0142aw, Czes\u0142aw Kielar<\/p>\n<p>*+Jan Pr\u0119dki (4) \u2013 Tarnoszyn; +Dorota Matu\u0142a od rodziny Chuchl\u00f3w- Kamczatka<\/td>\n<\/tr>\n<\/tbody>\n<\/table>\n<p>\u015aroda 7.04<\/p>\n<table cellspacing=\"0\" cellpadding=\"0\">\n<tbody>\n<tr>\n<td valign=\"middle\">7.00<\/td>\n<td valign=\"top\">1. O szcz\u0119\u015bliwa operacj\u0119 i zdrowie dla Anety<\/p>\n<p>2. + Andrzej Kozik od Barbary i S\u0142awomira Kata<\/p>\n<p>3. + S\u0142awomir W\u00f3jcik od rodziny Bomb\u00f3w<\/td>\n<\/tr>\n<tr>\n<td valign=\"middle\">18.00<\/td>\n<td valign=\"top\">1. + Jan \u0141yskowski \u2013 z pogrzebu z Wielkiego Czwartku<\/p>\n<p>2. + Teresa Zimny (6)<\/p>\n<p>3. + Stanis\u0142aw Podg\u00f3rski (1 rocz.)<\/p>\n<p>*+Jan Pr\u0119dki (6) \u2013 Tarnoszyn; +Dorota Matu\u0142a od s\u0105siad\u00f3w z Rogo\u017anicy &#8211; Kamczatka<\/td>\n<\/tr>\n<\/tbody>\n<\/table>\n<p>Czwartek 8.04<\/p>\n<table cellspacing=\"0\" cellpadding=\"0\">\n<tbody>\n<tr>\n<td valign=\"middle\">7.00<\/td>\n<td valign=\"top\">1. + Andrzej Kozik od Kazimierza Krok z \u017con\u0105<\/p>\n<p>2. + Janusz Jamrozik od kole\u017canki Doroty<\/p>\n<p>3. + S\u0142awomir W\u00f3jcik od Marii Lisowicz<\/td>\n<\/tr>\n<tr>\n<td valign=\"middle\">18.00<\/td>\n<td valign=\"top\">1. + Ignacy S\u0142upek \u2013 z pogrzebu z Wielkiego Czwartku<\/p>\n<p>2. + Teresa Zimny (7)<\/p>\n<p>3. + Krzysztof Ka\u0142ucki<\/p>\n<p>4. + Stanis\u0142aw, Katarzyna, Franciszek, Mieczys\u0142aw i Wies\u0142awa z rodziny Trojan<\/p>\n<p>*+Jan Pr\u0119dki (7) \u2013 Tarnoszyn; +Dorota Matu\u0142a od Aleksandry G\u0142owackiej -Kamczatka<\/td>\n<\/tr>\n<\/tbody>\n<\/table>\n<p>Pi\u0105tek 9.04<\/p>\n<table cellspacing=\"0\" cellpadding=\"0\">\n<tbody>\n<tr>\n<td valign=\"middle\">7.00<\/td>\n<td valign=\"top\">1. + S\u0142awomir W\u00f3jcik od J\u00f3zefa Lisowicz<\/p>\n<p>2. + Adam Ku\u015b od rodziny Lasot\u00f3w z Ewelina i Mateuszem \u2013 zako\u0144czenie Mszy pogrzebowych<\/p>\n<p>3. + Janina Domino od Janiny Domino z rodzin\u0105<\/p>\n<p>4. + Stefania Michalska od rodziny Pietruch\u00f3w<\/td>\n<\/tr>\n<tr>\n<td valign=\"middle\">18.00<\/td>\n<td valign=\"top\">1. + Teresa Zimny (8)<\/p>\n<p>2. + W\u0142adys\u0142aw W\u00f3jcik (23 rocz.)<\/p>\n<p>3. + Emil Ko\u015bciak od Janusza z rodzin\u0105<\/p>\n<p>*+Jan Pr\u0119dki (8) \u2013 Tarnoszyn, Dorota Matu\u0142a od Mariusza Boczara<\/td>\n<\/tr>\n<\/tbody>\n<\/table>\n<p>Sobota 10.04<\/p>\n<table cellspacing=\"0\" cellpadding=\"0\">\n<tbody>\n<tr>\n<td valign=\"middle\">7.00<\/td>\n<td valign=\"top\">1. + Stefania Michalska od syna Mieczys\u0142awa z rodzin\u0105<\/p>\n<p>2. + Janina Domino od m\u0119\u017ca Adama<\/p>\n<p>3. + S\u0142awomir W\u00f3jcik od brata Jacka<\/td>\n<\/tr>\n<tr>\n<td valign=\"middle\">18.00<\/td>\n<td valign=\"top\">1. + Teresa Zimny (9)<\/p>\n<p>2. + Maria Landa<\/p>\n<p>3. O b\u0142og. Bo\u017ce dla rodziny<\/p>\n<p>*+Jan Pr\u0119dki (9) \u2013 Tarnoszyn; +Dorota Matu\u0142a od pracownik\u00f3w Domu Studenckiego Alchemik &#8211; Kamczatka<\/td>\n<\/tr>\n<\/tbody>\n<\/table>\n<p>NIEDZIELA MI\u0141OSIERDZIA 11.04<\/p>\n<table cellspacing=\"0\" cellpadding=\"0\">\n<tbody>\n<tr>\n<td valign=\"middle\">7.00<\/td>\n<td valign=\"top\">1. W intencji Bogu wiadomej<\/p>\n<p>2. + Gra\u017cyna, Zofia, Micha\u0142 Pa\u015bkiewicz, Antonina U\u017cak<\/td>\n<\/tr>\n<tr>\n<td valign=\"middle\">9.00<\/td>\n<td valign=\"top\">1. + Stefan Rzeszutko<\/p>\n<p>2. + S\u0142awomir Inglot<\/td>\n<\/tr>\n<tr>\n<td valign=\"middle\">10.30<\/td>\n<td valign=\"top\">1. + Teresa Zimny (10)<\/p>\n<p>2. + Maria Landa<\/p>\n<p>*+Jan Pr\u0119dki (10) \u2013 Tarnoszyn; +Dorota Matu\u0142a od Domin\u00f3w z Lutory\u017ca- Kamczatka<\/td>\n<\/tr>\n<tr>\n<td valign=\"middle\">12.00<\/td>\n<td valign=\"top\">1. Za parafian \u017cywych i zmar\u0142ych<\/p>\n<p>2. Dzi\u0119kczynna za otrzymane \u0142aski dla rodziny Czaja<\/td>\n<\/tr>\n<tr>\n<td valign=\"middle\">16.00<\/td>\n<td valign=\"top\">1. + Zofia Pa\u015bko (27 rocz.)<\/td>\n<\/tr>\n<tr>\n<td valign=\"middle\">18.00<\/td>\n<td valign=\"top\">1. + Eleonora, Jan, Eugeniusz, Stefania<\/td>\n<\/tr>\n<\/tbody>\n<\/table>\n","protected":false},"excerpt":{"rendered":"<p>&#8230;<\/p>\n","protected":false},"author":1,"featured_media":6846,"comment_status":"closed","ping_status":"open","sticky":false,"template":"","format":"standard","meta":{"ngg_post_thumbnail":0,"footnotes":""},"categories":[4,25,13],"tags":[],"class_list":["post-7683","post","type-post","status-publish","format-standard","has-post-thumbnail","hentry","category-intencje","category-news","category-newsy"],"_links":{"self":[{"href":"https:\/\/mbsniezna.rzeszow.pl\/index.php\/wp-json\/wp\/v2\/posts\/7683","targetHints":{"allow":["GET"]}}],"collection":[{"href":"https:\/\/mbsniezna.rzeszow.pl\/index.php\/wp-json\/wp\/v2\/posts"}],"about":[{"href":"https:\/\/mbsniezna.rzeszow.pl\/index.php\/wp-json\/wp\/v2\/types\/post"}],"author":[{"embeddable":true,"href":"https:\/\/mbsniezna.rzeszow.pl\/index.php\/wp-json\/wp\/v2\/users\/1"}],"replies":[{"embeddable":true,"href":"https:\/\/mbsniezna.rzeszow.pl\/index.php\/wp-json\/wp\/v2\/comments?post=7683"}],"version-history":[{"count":1,"href":"https:\/\/mbsniezna.rzeszow.pl\/index.php\/wp-json\/wp\/v2\/posts\/7683\/revisions"}],"predecessor-version":[{"id":7684,"href":"https:\/\/mbsniezna.rzeszow.pl\/index.php\/wp-json\/wp\/v2\/posts\/7683\/revisions\/7684"}],"wp:featuredmedia":[{"embeddable":true,"href":"https:\/\/mbsniezna.rzeszow.pl\/index.php\/wp-json\/wp\/v2\/media\/6846"}],"wp:attachment":[{"href":"https:\/\/mbsniezna.rzeszow.pl\/index.php\/wp-json\/wp\/v2\/media?parent=7683"}],"wp:term":[{"taxonomy":"category","embeddable":true,"href":"https:\/\/mbsniezna.rzeszow.pl\/index.php\/wp-json\/wp\/v2\/categories?post=7683"},{"taxonomy":"post_tag","embeddable":true,"href":"https:\/\/mbsniezna.rzeszow.pl\/index.php\/wp-json\/wp\/v2\/tags?post=7683"}],"curies":[{"name":"wp","href":"https:\/\/api.w.org\/{rel}","templated":true}]}}