{"id":7706,"date":"2021-04-18T08:22:13","date_gmt":"2021-04-18T06:22:13","guid":{"rendered":"https:\/\/mbsniezna.rzeszow.pl\/?p=7706"},"modified":"2021-04-18T08:22:13","modified_gmt":"2021-04-18T06:22:13","slug":"intencje-mszalne-19-15-04-2021-r","status":"publish","type":"post","link":"https:\/\/mbsniezna.rzeszow.pl\/index.php\/2021\/04\/18\/intencje-mszalne-19-15-04-2021-r\/","title":{"rendered":"Intencje Mszalne\u00a0 19\u2013 15.04.2021 r."},"content":{"rendered":"<p>&nbsp;<\/p>\n<p>Poniedzia\u0142ek<span class=\"Apple-converted-space\">&nbsp; <\/span>19.04<\/p>\n<table cellspacing=\"0\" cellpadding=\"0\">\n<tbody>\n<tr>\n<td valign=\"middle\">7.00<\/td>\n<td valign=\"top\">1. ++ dusze w czy\u015b\u0107cu cierpi\u0105ce<\/p>\n<p>2. + Dorota Matu\u0142a od rodziny Szwajkowskich<\/p>\n<p>3. + Janusz Jamrozik od \u0141ukasza Jamrozik<\/td>\n<\/tr>\n<tr>\n<td valign=\"middle\">18.00<\/td>\n<td valign=\"top\">1. + Teresa Zimny (18)<\/p>\n<p>2. + Tadeusz K\u0105kol od Gra\u017cyny i Edwarda Pietrucha \u2013 zako\u0144czenie Mszy pogrzebowych<\/p>\n<p>3. + Edward Myrda od rodziny Pa\u015bkiewicz i Duda \u2013 zako\u0144czenie Mszy pogrzebowych<\/p>\n<p>4. O dary Ducha \u015awi\u0119tego dla syn\u00f3w<\/p>\n<p>* +Jan Pr\u0119dki (18)\u2013 Tarnoszyn; +S\u0142awomir W\u00f3jcik od J\u00f3zefa Lisowicz &#8211; Kamczatka<\/td>\n<\/tr>\n<\/tbody>\n<\/table>\n<p>Wtorek: 20.04<\/p>\n<table cellspacing=\"0\" cellpadding=\"0\">\n<tbody>\n<tr>\n<td valign=\"middle\">7.00<\/td>\n<td valign=\"top\">1. + Dorota Matu\u0142a od rodziny S\u0105dy<\/p>\n<p>2.+<span class=\"Apple-converted-space\">&nbsp; <\/span>Andrzej Kozik od kole\u017canek \u017cony z LO Strzy\u017c\u00f3w<\/p>\n<p>3. + Janina Domino od r\u00f3\u017cy Teresy Basiura<\/p>\n<p>4. + Maria Kalandyk od r\u00f3\u017cy Zofii Kap\u0142on<\/td>\n<\/tr>\n<tr>\n<td valign=\"middle\">18.00<\/td>\n<td valign=\"top\">1. + Teresa Zimny (19)<\/p>\n<p>2. + Agnieszka Homik<\/p>\n<p>3. + Wies\u0142aw Pa\u015bko od Marii Kud<\/p>\n<p>4. + Janusz Jamrozik od syna Paw\u0142a z rodzin\u0105<\/p>\n<p><span class=\"Apple-converted-space\">&nbsp;<\/span>* +Jan Pr\u0119dki (19) &#8211; Tarnoszyn; +S\u0142awomir W\u00f3jcik od rodziny Groszk\u00f3w z B\u0142a\u017cowej- Kamczatka<\/td>\n<\/tr>\n<\/tbody>\n<\/table>\n<p>\u015aroda: 21.04<\/p>\n<table cellspacing=\"0\" cellpadding=\"0\">\n<tbody>\n<tr>\n<td valign=\"middle\">7.00<\/td>\n<td valign=\"top\">1. + Andrzej Kozik od rodziny Znanieckich<\/p>\n<p>2. + Maria Stachurska od Paw\u0142a Rze\u017anika z Bia\u0142ki<\/p>\n<p>3. + Janusz Jamrozik od Andrzeja Pa\u015bko z rodzin\u0105<\/p>\n<p>4. + Janina Domino od s\u0105siada Rafa\u0142a Kuczmarza z rodzin\u0105<\/td>\n<\/tr>\n<tr>\n<td valign=\"middle\">18.00<\/td>\n<td valign=\"top\">1. + Teresa Zimny (20)<\/p>\n<p>2. + Tadeusz Kotula (rocz.), ++ z rodziny<\/p>\n<p>3. + Dorota Matu\u0142a od syna Piotra z rodzin\u0105<\/p>\n<p>*+Jan Pr\u0119dki (20) \u2013 Tarnoszyn; +S\u0142awomir W\u00f3jcik od rodziny Dara\u017c- Kamczatka<\/td>\n<\/tr>\n<\/tbody>\n<\/table>\n<p>Czwartek: 22.04<\/p>\n<table cellspacing=\"0\" cellpadding=\"0\">\n<tbody>\n<tr>\n<td valign=\"middle\">7.00<\/td>\n<td valign=\"top\">1. + Stefania Michalska od rodziny Kozik\u00f3w<\/p>\n<p>2. + J\u00f3zefa Borowiec Madej\u00f3w i Bieni\u00f3w z Frysztaka<\/p>\n<p>3. + Maria Kalandyk od r\u00f3\u017cy Zofii Kap\u0142on<\/p>\n<p>4. + Janina Domino od wnuk\u00f3w Mi\u0142osza,<span class=\"Apple-converted-space\">&nbsp; <\/span>Jarka i Przemka<\/td>\n<\/tr>\n<tr>\n<td valign=\"middle\">18.00<\/td>\n<td valign=\"top\">1<span class=\"Apple-converted-space\">&nbsp; <\/span>+ Teresa Zimny (21)<\/p>\n<p>2. + Wies\u0142aw Pa\u015bko od kole\u017canek i koleg\u00f3w z pracy synowej Danuty<\/p>\n<p>3. + Maria Stachurska od Marcina G\u0105ski z Bia\u0142ki<\/p>\n<p>4. + Andrzej Kozik od Adama Kozika z rodzin\u0105<\/p>\n<p>*+Jan Pr\u0119dki (21) \u2013 Tarnoszyn; +S\u0142awomir W\u00f3jcik od rodziny Bu\u0142dys\u00f3w- Kamczatka<\/td>\n<\/tr>\n<\/tbody>\n<\/table>\n<p>Pi\u0105tek<span class=\"Apple-converted-space\">&nbsp; <\/span>23.04<\/p>\n<table cellspacing=\"0\" cellpadding=\"0\">\n<tbody>\n<tr>\n<td valign=\"middle\">7.00<\/td>\n<td valign=\"top\">1. + Andrzej Kozik od rodziny Bednarowskich<\/p>\n<p>2. + Stefania Michalska od rodziny G\u0142odowskich<\/p>\n<p>3. + J\u00f3zefa Borowiec od rodziny Pietruch\u00f3w<\/p>\n<p>4. + Maria<span class=\"Apple-converted-space\">&nbsp; <\/span>Kalandyk od kole\u017canek z pracy<\/td>\n<\/tr>\n<tr>\n<td valign=\"middle\">18.00<\/td>\n<td valign=\"top\">1. +<span class=\"Apple-converted-space\">&nbsp; <\/span>Teresa Zimny (22)<\/p>\n<p>2. W intencji Ojczyzny o przybli\u017cenie si\u0119<span class=\"Apple-converted-space\">&nbsp; <\/span>przez wiar\u0119 do Boga<\/p>\n<p>3. + Janusz Jamrozik od te\u015bciowej<\/p>\n<p>4. + Dorota Matu\u0142a od c\u00f3rki Jadwigi z rodzin\u0105<\/p>\n<p>*+Jan Pr\u0119dki (22) \u2013 Tarnoszyn; +S\u0142awomir W\u00f3jcik od rodziny Bomb\u00f3w- Kamczatka<\/td>\n<\/tr>\n<\/tbody>\n<\/table>\n<p>Sobota 24.04<\/p>\n<table cellspacing=\"0\" cellpadding=\"0\">\n<tbody>\n<tr>\n<td valign=\"middle\">7.00<\/td>\n<td valign=\"top\">1. + Dorota Matu\u0142a od bratowej z rodzin\u0105<\/p>\n<p>2. +<span class=\"Apple-converted-space\">&nbsp; <\/span>Janusz Jamrozik od Wies\u0142awy Pa\u015bko<\/td>\n<\/tr>\n<tr>\n<td valign=\"middle\">18.00<\/td>\n<td valign=\"top\">1. + Teresa Zimny (23)<\/p>\n<p>2. + Stefania Michalska od wnuka Tomasza z rodzin\u0105<\/p>\n<p>3. O b\u0142og. Bo\u017ce dla Ma\u0142gorzaty Olszewskiej w 7 urodziny<\/p>\n<p>4. O zdrowie i szcz\u0119\u015bliw\u0105 operacj\u0119 dla Jadwigi<\/p>\n<p>*+Jan Pr\u0119dki (23) \u2013 Tarnoszyn; +S\u0142awomir W\u00f3jcik od rodziny Bieniasz- Kamczatka<\/td>\n<\/tr>\n<\/tbody>\n<\/table>\n<p>NIEDZIELA 25.04<\/p>\n<table cellspacing=\"0\" cellpadding=\"0\">\n<tbody>\n<tr>\n<td valign=\"middle\">7.00<\/td>\n<td valign=\"top\">1. + Aniela Pa\u015bko, Tomasz<\/td>\n<\/tr>\n<tr>\n<td valign=\"middle\">9.00<\/td>\n<td valign=\"top\">1. + Janina (15 rocz.), W\u0142adys\u0142aw (8 rocz.) Mita\u0142<\/p>\n<p>2. + Edward Mendo\u0144 \u2013 organista \u2013 od syna Grzegorza z<span class=\"Apple-converted-space\">&nbsp; <\/span>\u017con\u0105<\/td>\n<\/tr>\n<tr>\n<td valign=\"middle\">10.30<\/td>\n<td valign=\"top\">1. + Teresa Zimny (24)<\/p>\n<p>2. + Agata Szklarz<\/p>\n<p>*+Jan Pr\u0119dki (24) \u2013 Tarnoszyn; +S\u0142awomir W\u00f3jcik od Marianny Lisowiczt- Kamczatka<\/td>\n<\/tr>\n<tr>\n<td valign=\"middle\">12.00<\/td>\n<td valign=\"top\">1. Za parafian \u017cywych i zmar\u0142ych<\/td>\n<\/tr>\n<tr>\n<td valign=\"middle\">16.00<\/td>\n<td valign=\"top\">1. + Maria Czyrek (8 rocz.) od rodziny<\/td>\n<\/tr>\n<tr>\n<td valign=\"middle\">18.00<\/td>\n<td valign=\"top\">1. + Kazimierz Piela<\/td>\n<\/tr>\n<\/tbody>\n<\/table>\n","protected":false},"excerpt":{"rendered":"<p>&#8230;<\/p>\n","protected":false},"author":1,"featured_media":6870,"comment_status":"closed","ping_status":"open","sticky":false,"template":"","format":"standard","meta":{"ngg_post_thumbnail":0,"footnotes":""},"categories":[4,25,13],"tags":[],"class_list":["post-7706","post","type-post","status-publish","format-standard","has-post-thumbnail","hentry","category-intencje","category-news","category-newsy"],"_links":{"self":[{"href":"https:\/\/mbsniezna.rzeszow.pl\/index.php\/wp-json\/wp\/v2\/posts\/7706","targetHints":{"allow":["GET"]}}],"collection":[{"href":"https:\/\/mbsniezna.rzeszow.pl\/index.php\/wp-json\/wp\/v2\/posts"}],"about":[{"href":"https:\/\/mbsniezna.rzeszow.pl\/index.php\/wp-json\/wp\/v2\/types\/post"}],"author":[{"embeddable":true,"href":"https:\/\/mbsniezna.rzeszow.pl\/index.php\/wp-json\/wp\/v2\/users\/1"}],"replies":[{"embeddable":true,"href":"https:\/\/mbsniezna.rzeszow.pl\/index.php\/wp-json\/wp\/v2\/comments?post=7706"}],"version-history":[{"count":1,"href":"https:\/\/mbsniezna.rzeszow.pl\/index.php\/wp-json\/wp\/v2\/posts\/7706\/revisions"}],"predecessor-version":[{"id":7707,"href":"https:\/\/mbsniezna.rzeszow.pl\/index.php\/wp-json\/wp\/v2\/posts\/7706\/revisions\/7707"}],"wp:featuredmedia":[{"embeddable":true,"href":"https:\/\/mbsniezna.rzeszow.pl\/index.php\/wp-json\/wp\/v2\/media\/6870"}],"wp:attachment":[{"href":"https:\/\/mbsniezna.rzeszow.pl\/index.php\/wp-json\/wp\/v2\/media?parent=7706"}],"wp:term":[{"taxonomy":"category","embeddable":true,"href":"https:\/\/mbsniezna.rzeszow.pl\/index.php\/wp-json\/wp\/v2\/categories?post=7706"},{"taxonomy":"post_tag","embeddable":true,"href":"https:\/\/mbsniezna.rzeszow.pl\/index.php\/wp-json\/wp\/v2\/tags?post=7706"}],"curies":[{"name":"wp","href":"https:\/\/api.w.org\/{rel}","templated":true}]}}