{"id":7708,"date":"2021-04-18T08:22:57","date_gmt":"2021-04-18T06:22:57","guid":{"rendered":"https:\/\/mbsniezna.rzeszow.pl\/?p=7708"},"modified":"2021-04-18T08:22:57","modified_gmt":"2021-04-18T06:22:57","slug":"iii-niedziela-wielkanocna-ogloszenia-18-kwietnia-2021-roku","status":"publish","type":"post","link":"https:\/\/mbsniezna.rzeszow.pl\/index.php\/2021\/04\/18\/iii-niedziela-wielkanocna-ogloszenia-18-kwietnia-2021-roku\/","title":{"rendered":"III NIEDZIELA WIELKANOCNA \u2013 OG\u0141OSZENIA  18 KWIETNIA 2021 ROKU."},"content":{"rendered":"<p>&nbsp;<\/p>\n<ol>\n<li>Jutro 19 dzie\u0144 miesi\u0105ca \u2013 dzie\u0144 dedykowany \u015bw. J\u00f3zefowi. Na wsp\u00f3ln\u0105 modlitw\u0119 zapraszamy m\u0119\u017cczyzn, m\u0119\u017c\u00f3w i ojc\u00f3w.<\/li>\n<\/ol>\n<ol start=\"2\">\n<li>We wtorek nabo\u017ce\u0144stwo do \u015bw. Antoniego. Po Mszy \u015bw. spotkanie ministrant\u00f3w i lektor\u00f3w.<\/li>\n<\/ol>\n<ol start=\"3\">\n<li>W \u015brod\u0119 Nowenna do Matki Bo\u017cej \u015anie\u017cnej.<\/li>\n<\/ol>\n<ol start=\"4\">\n<li>W czwartek adoracja od 17.15, mo\u017cliwo\u015b\u0107 spowiedzi. Po Mszy w ko\u015bciele spotkanie kandydat\u00f3w do bierzmowania z klas VIII.<\/li>\n<\/ol>\n<ol start=\"5\">\n<li>W pi\u0105tek uroczysto\u015b\u0107 \u015bw. Wojciecha \u2013 m\u0119czennika i patrona Polski. Nabo\u017ce\u0144stwo do Bo\u017cego mi\u0142osierdzia. Nie obowi\u0105zuje wstrzemi\u0119\u017aliwo\u015b\u0107 od pokarm\u00f3w mi\u0119snych.<\/li>\n<\/ol>\n<ol start=\"6\">\n<li>W niedziel\u0119 r\u00f3\u017caniec r\u00f3\u017ca Alicji Szura.<\/li>\n<\/ol>\n<ol start=\"7\">\n<li>B\u00f3g zap\u0142a\u0107 za ofiary na sprz\u0105tanie ko\u015bcio\u0142a, w tym tygodniu z ul. Kwiatowej prosimy rodziny z numer\u00f3w: 1, 2, 3, 8, 7, 10, 11, 12, 13, 14, 15, 18a, 21, 22, 29, 31, 32, 35.<span class=\"Apple-converted-space\">&nbsp;<\/span><\/li>\n<\/ol>\n<ol start=\"8\">\n<li>Zapowiedzi: Konrad Krawczyk \u2013 Wioletta Gorzynik, Pawe\u0142 Bodzioch \u2013 Magdalena Rogusz, Patryk Kyc \u2013 Magdalena Olejarczyk (zap. I); Konrad Witek &#8211; Anna Rega, Dariusz Bilski \u2013 Patrycja Pi\u0119ta, \u0141ukasz Wiewi\u00f3ra \u2013 Dominika Florek (zap. II).<\/li>\n<\/ol>\n<ol start=\"9\">\n<li>Dzisiaj go\u015bcimy wolontariuszy, kt\u00f3rzy zbieraj\u0105 do puszek ofiarny na rzecz Podkarpackiego Hospicjum dla Dzieci. B\u00f3g zap\u0142a\u0107!<\/li>\n<\/ol>\n<ol start=\"10\">\n<li>We \u015brod\u0119 28 kwietnia na parkingu przy sklepie SPAR w godzinach od 10.15 do 12.15 odbierane b\u0119d\u0105 darmowo przez MPGiK Rzesz\u00f3w odpady niebezpieczne, np. \u015bwietl\u00f3wki, \u017car\u00f3wki, \u015brodki ochrony ro\u015blin, rozpuszczalniki, farby.<\/li>\n<\/ol>\n","protected":false},"excerpt":{"rendered":"<p>&#8230;<\/p>\n","protected":false},"author":1,"featured_media":6832,"comment_status":"closed","ping_status":"open","sticky":false,"template":"","format":"standard","meta":{"ngg_post_thumbnail":0,"footnotes":""},"categories":[25,13,14],"tags":[],"class_list":["post-7708","post","type-post","status-publish","format-standard","has-post-thumbnail","hentry","category-news","category-newsy","category-ogloszenia_duszp"],"_links":{"self":[{"href":"https:\/\/mbsniezna.rzeszow.pl\/index.php\/wp-json\/wp\/v2\/posts\/7708","targetHints":{"allow":["GET"]}}],"collection":[{"href":"https:\/\/mbsniezna.rzeszow.pl\/index.php\/wp-json\/wp\/v2\/posts"}],"about":[{"href":"https:\/\/mbsniezna.rzeszow.pl\/index.php\/wp-json\/wp\/v2\/types\/post"}],"author":[{"embeddable":true,"href":"https:\/\/mbsniezna.rzeszow.pl\/index.php\/wp-json\/wp\/v2\/users\/1"}],"replies":[{"embeddable":true,"href":"https:\/\/mbsniezna.rzeszow.pl\/index.php\/wp-json\/wp\/v2\/comments?post=7708"}],"version-history":[{"count":1,"href":"https:\/\/mbsniezna.rzeszow.pl\/index.php\/wp-json\/wp\/v2\/posts\/7708\/revisions"}],"predecessor-version":[{"id":7709,"href":"https:\/\/mbsniezna.rzeszow.pl\/index.php\/wp-json\/wp\/v2\/posts\/7708\/revisions\/7709"}],"wp:featuredmedia":[{"embeddable":true,"href":"https:\/\/mbsniezna.rzeszow.pl\/index.php\/wp-json\/wp\/v2\/media\/6832"}],"wp:attachment":[{"href":"https:\/\/mbsniezna.rzeszow.pl\/index.php\/wp-json\/wp\/v2\/media?parent=7708"}],"wp:term":[{"taxonomy":"category","embeddable":true,"href":"https:\/\/mbsniezna.rzeszow.pl\/index.php\/wp-json\/wp\/v2\/categories?post=7708"},{"taxonomy":"post_tag","embeddable":true,"href":"https:\/\/mbsniezna.rzeszow.pl\/index.php\/wp-json\/wp\/v2\/tags?post=7708"}],"curies":[{"name":"wp","href":"https:\/\/api.w.org\/{rel}","templated":true}]}}