{"id":7710,"date":"2021-04-24T23:13:32","date_gmt":"2021-04-24T21:13:32","guid":{"rendered":"https:\/\/mbsniezna.rzeszow.pl\/?p=7710"},"modified":"2021-04-24T23:13:32","modified_gmt":"2021-04-24T21:13:32","slug":"intencje-mszalne-26-04-1-05-2021-r","status":"publish","type":"post","link":"https:\/\/mbsniezna.rzeszow.pl\/index.php\/2021\/04\/24\/intencje-mszalne-26-04-1-05-2021-r\/","title":{"rendered":"Intencje Mszalne\u00a0 26.04\u2013 1.05.2021 r."},"content":{"rendered":"<p>&nbsp;<\/p>\n<p>Poniedzia\u0142ek<span class=\"Apple-converted-space\">&nbsp; <\/span>26.04<\/p>\n<table cellspacing=\"0\" cellpadding=\"0\">\n<tbody>\n<tr>\n<td valign=\"middle\">7.00<\/td>\n<td valign=\"top\">1. + Teresa Zimny (25)<\/p>\n<p>2. + Maria Stachurska od rodziny Micha\u0142owicz\u00f3w z Babicy<\/p>\n<p>3. + Andrzej Kozik od Barbary i Czes\u0142awa W\u00f3jcik<\/td>\n<\/tr>\n<tr>\n<td valign=\"middle\">18.00<\/td>\n<td valign=\"top\">1. + Zofia Misiewicz od rodziny B\u0142o\u0144skich i O\u017cy\u0142o<\/p>\n<p>2. + Teresa Szczygie\u0142<\/p>\n<p>3. + Dorota Matu\u0142a od syna Mateusza z rodzin\u0105<\/p>\n<p>* +Jan Pr\u0119dki (25)\u2013 Tarnoszyn; +J\u00f3zef Grzebyk od koleg\u00f3w z Firmy Jowisz- Kamczatka<\/td>\n<\/tr>\n<\/tbody>\n<\/table>\n<p>Wtorek: 27.04<\/p>\n<table cellspacing=\"0\" cellpadding=\"0\">\n<tbody>\n<tr>\n<td valign=\"middle\">7.00<\/td>\n<td valign=\"top\">1. + Teresa Zimny (26)<\/p>\n<p>2.+<span class=\"Apple-converted-space\">&nbsp; <\/span>Dorota Matu\u0142a od Haliny i J\u00f3zefa P\u0142odzie\u0144<\/p>\n<p>3. + Janusz Jamrozik od Marii Warzocha<\/p>\n<p>4. + S\u0142awomir W\u00f3jcik od rodziny Bomb\u00f3w<\/td>\n<\/tr>\n<tr>\n<td valign=\"middle\">18.00<\/td>\n<td valign=\"top\">1. + Zofia \u017bmuda (1 rocz.), Edward<\/p>\n<p>2. + Edward Witek (2 rocz.)<\/p>\n<p><span class=\"Apple-converted-space\">&nbsp;<\/span>* +Jan Pr\u0119dki (26) &#8211; Tarnoszyn; +J\u00f3zef Grzebyk od rodziny Mack\u00f3w- Kamczatka<\/td>\n<\/tr>\n<\/tbody>\n<\/table>\n<p>\u015aroda: 28.04<\/p>\n<p>Czwartek: 29.04<\/p>\n<table cellspacing=\"0\" cellpadding=\"0\">\n<tbody>\n<tr>\n<td valign=\"middle\">7.00<\/td>\n<td valign=\"top\">1. + Teresa Zimny (27)<\/p>\n<p>2. + Stefania Michalska od Wies\u0142awa Michalskiego z rodzin\u0105<\/p>\n<p>3. + J\u00f3zefa Borowiec od rodziny Krok\u00f3w<\/td>\n<\/tr>\n<tr>\n<td valign=\"middle\">18.00<\/td>\n<td valign=\"top\">1. + Stanis\u0142aw i Wiktoria B\u0142o\u0144scy<\/p>\n<p>2. + Dzi\u0119kczynna i podzi\u0119kowanie Panu Bogu w sprawie wiadomej<\/p>\n<p>*+Jan Pr\u0119dki (27) \u2013 Tarnoszyn; +J\u00f3zef Grzebyk od w\u0142a\u015bcicieli Firmy Keskar- Kamczatka<\/td>\n<\/tr>\n<\/tbody>\n<\/table>\n<table cellspacing=\"0\" cellpadding=\"0\">\n<tbody>\n<tr>\n<td valign=\"middle\">7.00<\/td>\n<td valign=\"top\">1. + Teresa Zimny (28)<\/p>\n<p>2. + J\u00f3zef Grzebyk od Leszka z rodzin\u0105<\/p>\n<p>3. + Maria Kalandyk od rodziny D\u0105brow\u00f3w<\/td>\n<\/tr>\n<tr>\n<td valign=\"middle\">18.00<\/td>\n<td valign=\"top\">1<span class=\"Apple-converted-space\">&nbsp; <\/span>+ Dzi\u0119kczynna za otrzymane \u0142aski, o Bo\u017ce b\u0142og. i opiek\u0119 Matki Bo\u017cej dla Renaty Kalita w 50 urodziny od m\u0119\u017ca i dzieci<\/p>\n<p>2. + Wac\u0142aw Michalicha od \u017cony<\/p>\n<p>3. + Janusz Jamrozik od brata Adama z rodzin\u0105<\/p>\n<p>*+Jan Pr\u0119dki (28) \u2013 Tarnoszyn; +J\u00f3zef |Grzebyk od kole\u017canek i koleg\u00f3w z LO Tyczyn- Kamczatka<\/td>\n<\/tr>\n<\/tbody>\n<\/table>\n<p>Pi\u0105tek<span class=\"Apple-converted-space\">&nbsp; <\/span>30.04<\/p>\n<table cellspacing=\"0\" cellpadding=\"0\">\n<tbody>\n<tr>\n<td valign=\"middle\">7.00<\/td>\n<td valign=\"top\">1. + Teresa Zimny (29)<\/p>\n<p>2. + J\u00f3zefa Borowiec od swatowej Marii<\/p>\n<p>3. + Stefania Michalska od Jacka Michalskiego z rodzin\u0105<\/p>\n<p>4. + S\u0142awomir W\u00f3jcik od rodziny Mac\u00f3w<\/td>\n<\/tr>\n<tr>\n<td valign=\"middle\">18.00<\/td>\n<td valign=\"top\">1. O b\u0142og. Bo\u017ce i dary Ducha \u015awi\u0119tego na czas egzamin\u00f3w maturalnych dla Aleksandry<\/p>\n<p>2. + Janina, Marian, o. Adam Kotula<\/p>\n<p>3. + Zygmunt Dara\u017c (7 rocz.)<\/p>\n<p>*+Jan Pr\u0119dki (29) \u2013 Tarnoszyn; +J\u00f3zef Grzebyk od Mariana Lassota z Por\u0105bek- Kamczatka<\/td>\n<\/tr>\n<\/tbody>\n<\/table>\n<p>Sobota<span class=\"Apple-converted-space\">&nbsp; <\/span>1.05<\/p>\n<table cellspacing=\"0\" cellpadding=\"0\">\n<tbody>\n<tr>\n<td valign=\"middle\">7.00<\/td>\n<td valign=\"top\">1. + Teresa Zimny (30) \u2013 zako\u0144czenie Mszy gregoria\u0144skich<\/p>\n<p>2. +<span class=\"Apple-converted-space\">&nbsp; <\/span>Janusz Jamrozik od brata Adama z rodzin\u0105<\/p>\n<p>3. + Dorota Matu\u0142a od synowej Bo\u017ceny z dzie\u0107mi<\/td>\n<\/tr>\n<tr>\n<td valign=\"middle\">18.00<\/td>\n<td valign=\"top\">1. + Bronis\u0142awa gawron (1) \u2013 rozpocz\u0119cie Mszy gregoria\u0144skich<\/p>\n<p>2. + Antoni, Maria Kawa<\/p>\n<p>3. + Maria Stachurska od Marka Och\u0119dowskiego z rodzin\u0105 \u2013 zako\u0144czenie Mszy pogrzebowych*+Jan Pr\u0119dki (30) \u2013 Tarnoszyn; +Alfreda Piekie\u0142ek (1) \u2013 Tarnoszyn, +Stefania Michalska (1) &#8211; Barlinek<\/td>\n<\/tr>\n<\/tbody>\n<\/table>\n<p>NIEDZIELA 2.05<\/p>\n<table cellspacing=\"0\" cellpadding=\"0\">\n<tbody>\n<tr>\n<td valign=\"middle\">7.00<\/td>\n<td valign=\"top\">1. + Karolina, Antoni, Agata, Jan Borowiec<\/td>\n<\/tr>\n<tr>\n<td valign=\"middle\">9.00<\/td>\n<td valign=\"top\">1. Dzi\u0119kczynna za 20 lat ma\u0142\u017ce\u0144stwa Ma\u0142gorzaty i Andrzeja i o Bo\u017ce b\u0142ogos\u0142awie\u0144stwo<\/p>\n<p>2. + Maria (8 rocz.), ++ z rodziny<\/td>\n<\/tr>\n<tr>\n<td valign=\"middle\">10.30<\/td>\n<td valign=\"top\">1. + Bronis\u0142awa Gawron (2)<\/p>\n<p>2. + Stanis\u0142aw Bry\u015b (12 rocz.)<\/p>\n<p>*+Alfreda Piekie\u0142ek (2) \u2013 Tarnoszyn; +Stefania Michalska (2) &#8211; Barlinek<\/td>\n<\/tr>\n<tr>\n<td valign=\"middle\">12.00<\/td>\n<td valign=\"top\">1. Za parafian \u017cywych i zmar\u0142ych<\/td>\n<\/tr>\n<tr>\n<td valign=\"middle\">16.00<\/td>\n<td valign=\"top\">1. + Jan Barczak od Krystyny i Stanis\u0142awa<\/td>\n<\/tr>\n<tr>\n<td valign=\"middle\">18.00<\/td>\n<td valign=\"top\">1.<span class=\"Apple-converted-space\">&nbsp; <\/span>+ Maria, Leopold Warzocha<\/td>\n<\/tr>\n<\/tbody>\n<\/table>\n","protected":false},"excerpt":{"rendered":"<p>&#8230;<\/p>\n","protected":false},"author":1,"featured_media":6881,"comment_status":"closed","ping_status":"open","sticky":false,"template":"","format":"standard","meta":{"ngg_post_thumbnail":0,"footnotes":""},"categories":[25,13,14],"tags":[],"class_list":["post-7710","post","type-post","status-publish","format-standard","has-post-thumbnail","hentry","category-news","category-newsy","category-ogloszenia_duszp"],"_links":{"self":[{"href":"https:\/\/mbsniezna.rzeszow.pl\/index.php\/wp-json\/wp\/v2\/posts\/7710","targetHints":{"allow":["GET"]}}],"collection":[{"href":"https:\/\/mbsniezna.rzeszow.pl\/index.php\/wp-json\/wp\/v2\/posts"}],"about":[{"href":"https:\/\/mbsniezna.rzeszow.pl\/index.php\/wp-json\/wp\/v2\/types\/post"}],"author":[{"embeddable":true,"href":"https:\/\/mbsniezna.rzeszow.pl\/index.php\/wp-json\/wp\/v2\/users\/1"}],"replies":[{"embeddable":true,"href":"https:\/\/mbsniezna.rzeszow.pl\/index.php\/wp-json\/wp\/v2\/comments?post=7710"}],"version-history":[{"count":1,"href":"https:\/\/mbsniezna.rzeszow.pl\/index.php\/wp-json\/wp\/v2\/posts\/7710\/revisions"}],"predecessor-version":[{"id":7711,"href":"https:\/\/mbsniezna.rzeszow.pl\/index.php\/wp-json\/wp\/v2\/posts\/7710\/revisions\/7711"}],"wp:featuredmedia":[{"embeddable":true,"href":"https:\/\/mbsniezna.rzeszow.pl\/index.php\/wp-json\/wp\/v2\/media\/6881"}],"wp:attachment":[{"href":"https:\/\/mbsniezna.rzeszow.pl\/index.php\/wp-json\/wp\/v2\/media?parent=7710"}],"wp:term":[{"taxonomy":"category","embeddable":true,"href":"https:\/\/mbsniezna.rzeszow.pl\/index.php\/wp-json\/wp\/v2\/categories?post=7710"},{"taxonomy":"post_tag","embeddable":true,"href":"https:\/\/mbsniezna.rzeszow.pl\/index.php\/wp-json\/wp\/v2\/tags?post=7710"}],"curies":[{"name":"wp","href":"https:\/\/api.w.org\/{rel}","templated":true}]}}