{"id":7713,"date":"2021-04-24T23:14:45","date_gmt":"2021-04-24T21:14:45","guid":{"rendered":"https:\/\/mbsniezna.rzeszow.pl\/?p=7713"},"modified":"2021-04-24T23:14:45","modified_gmt":"2021-04-24T21:14:45","slug":"iv-niedziela-wielkanocna-ogloszenia-25-kwietnia-2021-roku","status":"publish","type":"post","link":"https:\/\/mbsniezna.rzeszow.pl\/index.php\/2021\/04\/24\/iv-niedziela-wielkanocna-ogloszenia-25-kwietnia-2021-roku\/","title":{"rendered":"IV NIEDZIELA WIELKANOCNA \u2013 OG\u0141OSZENIA  25 KWIETNIA 2021 ROKU"},"content":{"rendered":"<p>&nbsp;<\/p>\n<ol>\n<li>Dzisiaj Niedziela Dobrego Pasterza, kt\u00f3ra rozpoczyna Tydzie\u0144 Modlitw o Powo\u0142ania Kap\u0142a\u0144skie i Zakonne.<\/li>\n<\/ol>\n<ol start=\"2\">\n<li>We wtorek nabo\u017ce\u0144stwo do \u015bw. Antoniego.<\/li>\n<\/ol>\n<ol start=\"3\">\n<li>W \u015brod\u0119 Nowenna do Matki Bo\u017cej \u015anie\u017cnej. Jest to tak\u017ce dzie\u0144 dedykowany \u015bw. Szarbelowi \u2013 modli\u0107 si\u0119 b\u0119dziemy przy jego relikwiach.<\/li>\n<\/ol>\n<ol start=\"4\">\n<li>W \u015brod\u0119 rozpocznie si\u0119 tak\u017ce Triduum modlitw przed wspomnieniem \u015bw. J\u00f3zefa-Robotnika.<\/li>\n<\/ol>\n<ol start=\"5\">\n<li>W czwartek adoracja od 17.15 i mo\u017cliwo\u015b\u0107 spowiedzi. Jest to Dzie\u0144 M\u0119cze\u0144stwa Duchowie\u0144stwa Polskiego.<\/li>\n<\/ol>\n<ol start=\"6\">\n<li>W pi\u0105tek nabo\u017ce\u0144stwo do Bo\u017cego mi\u0142osierdzia.<\/li>\n<\/ol>\n<ol start=\"7\">\n<li>W sobot\u0119 pierwszy dzie\u0144 maja &#8211; wspomnienie \u015bw. J\u00f3zefa Robotnika &#8211; rozpocz\u0119cie nabo\u017ce\u0144stw majowych, kt\u00f3re w dni powszednie b\u0119d\u0105 bezpo\u015brednio po Mszy wieczornej. Z racji I soboty po Mszy \u015bw.<span class=\"Apple-converted-space\">&nbsp; <\/span>b\u0119dzie r\u00f3\u017caniec fatimski.<\/li>\n<\/ol>\n<ol start=\"8\">\n<li>W przysz\u0142\u0105 niedziel\u0119 na ka\u017cdej Mszy \u015bw. b\u0119dzie aspersja i zawierzenie parafii \u015bw. J\u00f3zefowi, po prymarii zmiana tajemnic r\u00f3\u017ca\u0144cowych, nabo\u017ce\u0144stwo majowe o 15.30.<\/li>\n<\/ol>\n<ol start=\"9\">\n<li>Og\u0142oszenia dla kandydat\u00f3w do bierzmowania z klas VIII: w tym tygodniu odb\u0119d\u0105 si\u0119 spotkania \u2013 w \u015brod\u0119 o 18.45 grupa I, w czwartek o 18.45 grupa II, w pi\u0105tek o 18.45 grupa III. Bierzmowanie b\u0119dzie w sobot\u0119 8 maja. Z powodu epidemii b\u0119dzie ono na 3 Mszach \u015bw.- o 9.00 grupa I, o 10.30 grupa II i o 12.00 grupa III. Na Mszy \u015bw. o 9.00 b\u0119dzie uroczyste wprowadzenie relikwii b\u0142. Carlo Acutisa \u2013 patrona m\u0142odzie\u017cy, kt\u00f3re nasza parafia otrzyma\u0142a od diecezji w Asy\u017cu we W\u0142oszech.<span class=\"Apple-converted-space\">&nbsp;<\/span><\/li>\n<\/ol>\n<ol start=\"10\">\n<li>Zapowiedzi: Dominik Jajo \u2013 Karolina Chmiel, \u0141ukasz S\u0142upski \u2013 Maria Kozio\u0142, J\u00f3zef Maciocha \u2013 And\u017celika Pa\u015bko, \u0141ukasz Krzak \u2013 Sylwia pasko, Grzegorz Wybraniec \u2013 Gabriela G\u0142odowska (zap. I);<span class=\"Apple-converted-space\">&nbsp; <\/span>Konrad Krawczyk \u2013 Wioletta Gorzynik, Pawe\u0142 Bodzioch \u2013 Magdalena Rogusz, Patryk Kyc \u2013 Magdalena Olejarczyk (zap. II); Konrad Witek &#8211; Anna Rega, Dariusz Bilski \u2013 Patrycja Pi\u0119ta, \u0141ukasz Wiewi\u00f3ra \u2013 Dominika Florek (zap. III).<\/li>\n<\/ol>\n<ol start=\"11\">\n<li>B\u00f3g zap\u0142a\u0107 za ofiary na sprz\u0105tanie ko\u015bcio\u0142a. W tym tygodniu z ul. Nadziei prosimy rodziny z numer\u00f3w:82, 79, 71, 61, 57, 56, 46, 44, 34, 22, 15, 17, z Podlesnej nr 76.<\/li>\n<\/ol>\n<ol start=\"12\">\n<li>Za \u0142awkami jest wy\u0142o\u017cony nowy numer darmowej gazety \u201eDobre Nowiny\u201d \u2013 zapraszamy do lektury.<\/li>\n<\/ol>\n<ol start=\"13\">\n<li>W najbli\u017csz\u0105 \u015brod\u0119 na parkingu przy sklepie SPAR w godzinach od 10.15 do 12.15 odbierane b\u0119d\u0105 darmowo przez MPGiK Rzesz\u00f3w odpady niebezpieczne, np. \u015bwietl\u00f3wki, \u017car\u00f3wki, \u015brodki ochrony ro\u015blin, rozpuszczalniki, farby.<\/li>\n<\/ol>\n","protected":false},"excerpt":{"rendered":"<p>&#8230;<\/p>\n","protected":false},"author":1,"featured_media":6877,"comment_status":"closed","ping_status":"open","sticky":false,"template":"","format":"standard","meta":{"ngg_post_thumbnail":0,"footnotes":""},"categories":[4,25,13],"tags":[],"class_list":["post-7713","post","type-post","status-publish","format-standard","has-post-thumbnail","hentry","category-intencje","category-news","category-newsy"],"_links":{"self":[{"href":"https:\/\/mbsniezna.rzeszow.pl\/index.php\/wp-json\/wp\/v2\/posts\/7713","targetHints":{"allow":["GET"]}}],"collection":[{"href":"https:\/\/mbsniezna.rzeszow.pl\/index.php\/wp-json\/wp\/v2\/posts"}],"about":[{"href":"https:\/\/mbsniezna.rzeszow.pl\/index.php\/wp-json\/wp\/v2\/types\/post"}],"author":[{"embeddable":true,"href":"https:\/\/mbsniezna.rzeszow.pl\/index.php\/wp-json\/wp\/v2\/users\/1"}],"replies":[{"embeddable":true,"href":"https:\/\/mbsniezna.rzeszow.pl\/index.php\/wp-json\/wp\/v2\/comments?post=7713"}],"version-history":[{"count":1,"href":"https:\/\/mbsniezna.rzeszow.pl\/index.php\/wp-json\/wp\/v2\/posts\/7713\/revisions"}],"predecessor-version":[{"id":7714,"href":"https:\/\/mbsniezna.rzeszow.pl\/index.php\/wp-json\/wp\/v2\/posts\/7713\/revisions\/7714"}],"wp:featuredmedia":[{"embeddable":true,"href":"https:\/\/mbsniezna.rzeszow.pl\/index.php\/wp-json\/wp\/v2\/media\/6877"}],"wp:attachment":[{"href":"https:\/\/mbsniezna.rzeszow.pl\/index.php\/wp-json\/wp\/v2\/media?parent=7713"}],"wp:term":[{"taxonomy":"category","embeddable":true,"href":"https:\/\/mbsniezna.rzeszow.pl\/index.php\/wp-json\/wp\/v2\/categories?post=7713"},{"taxonomy":"post_tag","embeddable":true,"href":"https:\/\/mbsniezna.rzeszow.pl\/index.php\/wp-json\/wp\/v2\/tags?post=7713"}],"curies":[{"name":"wp","href":"https:\/\/api.w.org\/{rel}","templated":true}]}}