{"id":7716,"date":"2021-05-01T23:30:44","date_gmt":"2021-05-01T21:30:44","guid":{"rendered":"https:\/\/mbsniezna.rzeszow.pl\/?p=7716"},"modified":"2021-05-01T23:30:44","modified_gmt":"2021-05-01T21:30:44","slug":"intencje-mszalne-2-9-05-2021-r","status":"publish","type":"post","link":"https:\/\/mbsniezna.rzeszow.pl\/index.php\/2021\/05\/01\/intencje-mszalne-2-9-05-2021-r\/","title":{"rendered":"Intencje Mszalne 2-9.05.2021 r."},"content":{"rendered":"<p>&nbsp;<\/p>\n<p>Poniedzia\u0142ek 3.05 \u2013 Uroczysto\u015b\u0107 M.B. Kr\u00f3lowej Polski<\/p>\n<table cellspacing=\"0\" cellpadding=\"0\">\n<tbody>\n<tr>\n<td valign=\"middle\">7.00<\/td>\n<td valign=\"top\">1. W intencji naszej Ojczyzny o przybli\u017cenie si\u0119 do Boga przez wiar\u0119<\/td>\n<\/tr>\n<tr>\n<td valign=\"middle\">9.00<\/td>\n<td valign=\"top\">1. O szcz\u0119\u015bliwe rozwi\u0105zanie dla Gabrieli<\/td>\n<\/tr>\n<tr>\n<td valign=\"middle\">10.30<\/td>\n<td valign=\"top\">1. + Bronis\u0142awa Gawron (3)<\/p>\n<p>2. + Marian Solecki od c\u00f3rki Doroty z m\u0119\u017cem<\/p>\n<p>*+Alfreda Piekie\u0142ek (3) \u2013 Tarnoszyn; +Stefania Michalska (3) \u2013 Barlinek; Adam G\u0142odowski od rodz. Marut (Kamczatka)<\/td>\n<\/tr>\n<tr>\n<td valign=\"middle\">12.00<\/td>\n<td valign=\"top\">1. Za parafian \u017cywych i zmar\u0142ych<\/td>\n<\/tr>\n<tr>\n<td valign=\"middle\">16.00<\/td>\n<td valign=\"top\">1. + Aniela, Micha\u0142 Kotula<\/td>\n<\/tr>\n<tr>\n<td valign=\"middle\">18.00<\/td>\n<td valign=\"top\">1. + Jan Barczak od Edyty i Grzegorza<\/td>\n<\/tr>\n<\/tbody>\n<\/table>\n<p>Wtorek 4.05<\/p>\n<table cellspacing=\"0\" cellpadding=\"0\">\n<tbody>\n<tr>\n<td valign=\"middle\">7.00<\/td>\n<td valign=\"top\">1. + Stanis\u0142aw Trojan (2 rocz.)<\/p>\n<p>2. + Ks. Czes\u0142aw Jaworski<\/p>\n<p>3. + Andrzej Kozik od rodziny Cyco\u0144 ze Starej Wsi<\/p>\n<p>4. + J\u00f3zefa Borowiec od Lucyny Kotula z rodz.<\/td>\n<\/tr>\n<tr>\n<td valign=\"middle\">18.00<\/td>\n<td valign=\"top\">1. + Bronis\u0142awa Gawron (4)<\/p>\n<p>2<span class=\"Apple-converted-space\">&nbsp; <\/span>+ Jan Barczak od Edyty i Grzegorza<\/p>\n<p>3. W intencji stra\u017cak\u00f3w OSP Budziw\u00f3j i OSP D\u0119bina \u2013 za \u017cywych i zmar\u0142ych i ich rodziny.<\/p>\n<p>* +Alfreda Piekie\u0142ek (4)\u2013 Tarnoszyn; + Stefania Michalska (4) \u2013 Barlinek; +Stanis\u0142aw Kozik od s\u0105siad\u00f3w z ul. Sportowc\u00f3w (Kamczatka)<\/td>\n<\/tr>\n<\/tbody>\n<\/table>\n<p>\u015aroda 5.05<\/p>\n<table cellspacing=\"0\" cellpadding=\"0\">\n<tbody>\n<tr>\n<td valign=\"middle\">7.00<\/td>\n<td valign=\"top\">1. + Andrzej Kozik od Zofii i J\u00f3zefa Szczygie\u0142<\/p>\n<p>2.+<span class=\"Apple-converted-space\">&nbsp; <\/span>S\u0142awomir W\u00f3jcik od matki chrzestnej z m\u0119\u017cem<\/p>\n<p>3. + J\u00f3zefa Borowiec od rodziny Ch\u0142anda<\/td>\n<\/tr>\n<tr>\n<td valign=\"middle\">18.00<\/td>\n<td valign=\"top\">1. + Bronis\u0142awa Gawron (5)<\/p>\n<p>2. + Jan Barczak od Edyty i Grzegorza<\/p>\n<p>3. + W\u0142adys\u0142aw \u015awieca<\/p>\n<p><span class=\"Apple-converted-space\">&nbsp;<\/span>* +Alfreda Piekie\u0142ek (5) &#8211; Tarnoszyn; +Stefania Michalska (5) \u2013 Barlinek; +Stanis\u0142aw Kozik od s\u0105siad\u00f3w z ul. Sportowc\u00f3w &#8211; Kamczatka<\/td>\n<\/tr>\n<\/tbody>\n<\/table>\n<p>Czwartek 6.05<\/p>\n<table cellspacing=\"0\" cellpadding=\"0\">\n<tbody>\n<tr>\n<td valign=\"middle\">7.00<\/td>\n<td valign=\"top\">1. + Andrzej Kozik od Wioletty i Andrzeja Wietecha<\/p>\n<p>2. + S\u0142awomir W\u00f3jcik od Wac\u0142awa z rodzin\u0105<\/p>\n<p>3. + Maria Kalandyk od rodziny Warzybok\u00f3w<\/p>\n<p>4. + Janusz Jamrozik od Zofii Anny Kalita<\/td>\n<\/tr>\n<tr>\n<td valign=\"middle\">18.00<\/td>\n<td valign=\"top\">1. + Bronis\u0142awa Gawron (6)<\/p>\n<p>2. + Jan Barczak od Edyty i Grzegorza<\/p>\n<p>3. Dzi\u0119kczynno-b\u0142agalna w 17-lecie \u015blubu<\/p>\n<p>*+Alfreda Piekie\u0142ek (6) \u2013 Tarnoszyn; +Stefania Michalska (6) \u2013 Barlinek; +Stanis\u0142aw Kozik od s\u0105siad\u00f3w z ul. Sportowc\u00f3w<\/td>\n<\/tr>\n<\/tbody>\n<\/table>\n<p>Pi\u0105tek 7.05<\/p>\n<table cellspacing=\"0\" cellpadding=\"0\">\n<tbody>\n<tr>\n<td valign=\"middle\">7.00<\/td>\n<td valign=\"top\">1. + o. Adam, Janina, Marian Kotula<\/p>\n<p>2. + Andrzej Kozik od dyrekcji i pracownik\u00f3w MAZ-MED<\/p>\n<p>3. + S\u0142awomir W\u00f3jcik od kuzynki Anny z rodzin\u0105<\/p>\n<p>4. + Dorota Matu\u0142a od Magdaleny i Tadeusza Jurczy\u0144skich z rodzin\u0105 z Tarnowa<\/td>\n<\/tr>\n<tr>\n<td valign=\"middle\">18.00<\/td>\n<td valign=\"top\">1<span class=\"Apple-converted-space\">&nbsp; <\/span>+ Bronis\u0142awa Gawron (7)<\/p>\n<p>2. + Wynagradzaj\u0105ca Sercu Pana Jezusa z zniewagi i grzechy od Danieli Pr\u0119dkiej<\/p>\n<p>*+Alfreda Piekie\u0142ek (7) \u2013 Tarnoszyn; + Stefania Michalska (7) \u2013 Barlinek; + Stanis\u0142aw Kozik od rodziny Jedliczk\u00f3w &#8211; Kamczatka<\/td>\n<\/tr>\n<\/tbody>\n<\/table>\n<p>Sobota 8.05<\/p>\n<table cellspacing=\"0\" cellpadding=\"0\">\n<tbody>\n<tr>\n<td valign=\"middle\">7.00<\/td>\n<td valign=\"top\">1. + Stanis\u0142aw, Maria Szczygie\u0142<\/p>\n<p>2. + Stanis\u0142aw Gliwa<\/p>\n<p>3. + Dorota Matu\u0142a od rodziny \u015al\u0119zak\u00f3w<\/p>\n<p>4. + Janusz Jamrozik od rodziny \u015awider<\/td>\n<\/tr>\n<tr>\n<td valign=\"middle\">18.00<\/td>\n<td valign=\"top\">1. + Bronis\u0142awa Gawron (8)<\/p>\n<p>2. + Stanis\u0142aw Wilk<\/p>\n<p>*+Alfreda Piekie\u0142ek (8)\u2013 Tarnoszyn; +Stefania Michalska (8) -Barlinek; +Stanis\u0142aw Kozik od rodziny Jedliczk\u00f3w &#8211; Kamczatka<\/td>\n<\/tr>\n<\/tbody>\n<\/table>\n<p>NIEDZIELA 9.05<\/p>\n<table cellspacing=\"0\" cellpadding=\"0\">\n<tbody>\n<tr>\n<td valign=\"middle\">7.00<\/td>\n<td valign=\"top\">1. + Emil Borowiec<\/td>\n<\/tr>\n<tr>\n<td valign=\"middle\">9.00<\/td>\n<td valign=\"top\">1. Dzi\u0119kczynna i o Bo\u017ce b\u0142ogos\u0142awie\u0144stwo dla ks. Stanis\u0142awa z racji imienin<\/p>\n<p>2. O b\u0142og. Bo\u017ce dla Lilianny<\/p>\n<p>3. + Kazimierz Piela (3 rocz.)<\/td>\n<\/tr>\n<tr>\n<td valign=\"middle\">10.30<\/td>\n<td valign=\"top\">1. + Bronis\u0142awa Gawron (9)<\/p>\n<p>2. + Stanis\u0142aw, Anna Dudek<\/p>\n<p>*+Alfreda Piekie\u0142ek (9) \u2013 Tarnoszyn; +Stefania Michalska (9) \u2013 Barlinek; +Stanis\u0142aw Kozik od Zbyszka &#8211; Kamczatka<\/td>\n<\/tr>\n<tr>\n<td valign=\"middle\">12.00<\/td>\n<td valign=\"top\">1. Za parafian \u017cywych i zmar\u0142ych<\/td>\n<\/tr>\n<tr>\n<td valign=\"middle\">16.00<\/td>\n<td valign=\"top\">1. + W\u0142adys\u0142awa, Zofia<\/td>\n<\/tr>\n<tr>\n<td valign=\"middle\">18.00<\/td>\n<td valign=\"top\">1. + El\u017cbieta Rudnik od kole\u017canek i koleg\u00f3w m\u0119\u017ca z LO Lubacz\u00f3w<\/td>\n<\/tr>\n<\/tbody>\n<\/table>\n<p>&nbsp;<\/p>\n","protected":false},"excerpt":{"rendered":"<p>&#8230;<\/p>\n","protected":false},"author":1,"featured_media":7718,"comment_status":"closed","ping_status":"open","sticky":false,"template":"","format":"standard","meta":{"ngg_post_thumbnail":0,"footnotes":""},"categories":[4,25,13],"tags":[],"class_list":["post-7716","post","type-post","status-publish","format-standard","has-post-thumbnail","hentry","category-intencje","category-news","category-newsy"],"_links":{"self":[{"href":"https:\/\/mbsniezna.rzeszow.pl\/index.php\/wp-json\/wp\/v2\/posts\/7716","targetHints":{"allow":["GET"]}}],"collection":[{"href":"https:\/\/mbsniezna.rzeszow.pl\/index.php\/wp-json\/wp\/v2\/posts"}],"about":[{"href":"https:\/\/mbsniezna.rzeszow.pl\/index.php\/wp-json\/wp\/v2\/types\/post"}],"author":[{"embeddable":true,"href":"https:\/\/mbsniezna.rzeszow.pl\/index.php\/wp-json\/wp\/v2\/users\/1"}],"replies":[{"embeddable":true,"href":"https:\/\/mbsniezna.rzeszow.pl\/index.php\/wp-json\/wp\/v2\/comments?post=7716"}],"version-history":[{"count":1,"href":"https:\/\/mbsniezna.rzeszow.pl\/index.php\/wp-json\/wp\/v2\/posts\/7716\/revisions"}],"predecessor-version":[{"id":7719,"href":"https:\/\/mbsniezna.rzeszow.pl\/index.php\/wp-json\/wp\/v2\/posts\/7716\/revisions\/7719"}],"wp:featuredmedia":[{"embeddable":true,"href":"https:\/\/mbsniezna.rzeszow.pl\/index.php\/wp-json\/wp\/v2\/media\/7718"}],"wp:attachment":[{"href":"https:\/\/mbsniezna.rzeszow.pl\/index.php\/wp-json\/wp\/v2\/media?parent=7716"}],"wp:term":[{"taxonomy":"category","embeddable":true,"href":"https:\/\/mbsniezna.rzeszow.pl\/index.php\/wp-json\/wp\/v2\/categories?post=7716"},{"taxonomy":"post_tag","embeddable":true,"href":"https:\/\/mbsniezna.rzeszow.pl\/index.php\/wp-json\/wp\/v2\/tags?post=7716"}],"curies":[{"name":"wp","href":"https:\/\/api.w.org\/{rel}","templated":true}]}}