{"id":7724,"date":"2021-05-08T22:17:28","date_gmt":"2021-05-08T20:17:28","guid":{"rendered":"https:\/\/mbsniezna.rzeszow.pl\/?p=7724"},"modified":"2021-05-08T22:17:28","modified_gmt":"2021-05-08T20:17:28","slug":"vi-niedziela-wielkanocna-ogloszenia-9-maja-2021-r","status":"publish","type":"post","link":"https:\/\/mbsniezna.rzeszow.pl\/index.php\/2021\/05\/08\/vi-niedziela-wielkanocna-ogloszenia-9-maja-2021-r\/","title":{"rendered":"VI NIEDZIELA WIELKANOCNA \u2013 OG\u0141OSZENIA  9 MAJA 2021 R."},"content":{"rendered":"<p>&nbsp;<\/p>\n<ol>\n<li>Dzisiaj o 15.30 nabo\u017ce\u0144stwo majowe.<\/li>\n<\/ol>\n<ol start=\"2\">\n<li>W tygodniu Msze \u015bw. o 7.00 i 18.00<span class=\"Apple-converted-space\">&nbsp; <\/span>&#8211; po Mszy wieczornej nabo\u017ce\u0144stwo majowe.<\/li>\n<\/ol>\n<ol start=\"3\">\n<li>W poniedzia\u0142ek, wtorek i \u015brod\u0119 s\u0105 Dni Krzy\u017cowe w czasie kt\u00f3rych modlimy si\u0119 o odpowiedni\u0105 pogod\u0119, o urodzaje i o Bo\u017ce b\u0142ogos\u0142awie\u0144stwo w pracy.<\/li>\n<\/ol>\n<ol start=\"4\">\n<li>W czwartek od 17.15 adoracja i mo\u017cliwo\u015b\u0107 spowiedzi.<\/li>\n<\/ol>\n<ol start=\"5\">\n<li>W pi\u0105tek \u015bw. Macieja Aposto\u0142a, rozpocz\u0119cie Nowenny przed Zes\u0142aniem Ducha \u015awi\u0119tego.<\/li>\n<\/ol>\n<ol start=\"6\">\n<li>W niedziel\u0119 uroczysto\u015b\u0107 Wniebowst\u0105pienia Pa\u0144skiego. R\u00f3\u017caniec r\u00f3\u017ca Zofii Pa\u0142ka.<\/li>\n<\/ol>\n<ol start=\"7\">\n<li>Zapowiedzi: M. W\u0105sacz-K. Shaikha, \u0141. Zdyrski-A. Makarska (II); D. Jajo \u2013 K. Chmiel, \u0141. S\u0142upski \u2013 M. Kozio\u0142, J. Maciocha \u2013 A. Pa\u015bko, \u0141ukasz Krzak \u2013 S. Pa\u015bko, G. Wybraniec \u2013 G. G\u0142odowska (III) .<\/li>\n<\/ol>\n<ol start=\"8\">\n<li>B\u00f3g zap\u0142a\u0107 za ofiary na sprz\u0105tanie Ko\u015bcio\u0142a. W tym tygodniu z ul. Jarz\u0119binowej prosimy rodziny z numer\u00f3w: 5, 8, 11, 12, 17, 21, 23, 25, 26 oraz z ul. Podle\u015bnej rodziny z numer\u00f3w: 169, 168, 166, 164, 161, 136, 134, 132, i 553a (Hermanowa).<\/li>\n<\/ol>\n<ol start=\"9\">\n<li>Og\u0142oszenia dla dzieci komunijnych:<\/li>\n<\/ol>\n<p>Pr\u00f3by: w poniedzia\u0142ek o 19.00 kl. 3a, we wtorek o 19.00 kl. 3b, w \u015brod\u0119 o 19.00 klasa IIIc,<\/p>\n<p>Spowied\u017a dzieci, rodzic\u00f3w i chrzestnych: w czwartek o 17.00 kl. 3a, w pi\u0105tek o 17.00 kl. IIIb, w pi\u0105tek o 19.00 kl. IIIc.<\/p>\n<p>I Komunia b\u0119dzie w sobot\u0119 15 maja: 10.00 kl. IIIa, 12.00 kl. IIIb, 14.00 kl. IIIc.<\/p>\n<ol start=\"10\">\n<li>Wczoraj odby\u0142o si\u0119 bierzmowanie \u2013 ks. bp Jan W\u0105troba udzieli\u0142 tego sakramentu 77 osobom na 3 Mszach \u015bw. Bardzo serdecznie dzi\u0119kujemy ks. Damianowi za duchowe przygotowanie m\u0142odzie\u017cy, a ks. Micha\u0142owi za przygotowanie liturgii wraz z ministrantami i lektorami. Podzi\u0119kowanie dla siostry zakrystianki i pana organisty.<\/li>\n<\/ol>\n<p>Bardzo serdecznie dzi\u0119kujemy za trud chrze\u015bcija\u0144skiego wychowania rodzicom kandydat\u00f3w, dzi\u0119kujemy za wsp\u00f3\u0142prace w okresie przygotowania oraz za z\u0142o\u017cone ofiary: na kwiaty \u2013 600 z\u0142,<span class=\"Apple-converted-space\">&nbsp; <\/span>na dar o\u0142tarza \u2013 500 z\u0142 i na Msze \u015bw. za bierzmowanych \u2013 200 z\u0142. Z tych ofiar zakupiono nowy msza\u0142, kwiaty, kadzid\u0142o i olej do \u015bwiec. B\u00f3g zap\u0142a\u0107.<\/p>\n<ol start=\"11\">\n<li>Wczoraj uroczy\u015bcie zosta\u0142y wprowadzone do naszej \u015bwi\u0105tyni relikwie b\u0142. Carlo Acutisa \u2013 genialnego informatyka i cz\u0142owieka g\u0142\u0119bokiej wiary, kt\u00f3ry z internetu czyni\u0142 narz\u0119dzie ewangelizacji. Jest on patronem m\u0142odzie\u017cy. Na stoliku wy\u0142o\u017cone s\u0105 obrazki z jego podobizn\u0105.<\/li>\n<\/ol>\n<ol start=\"12\">\n<li>Dobieg\u0142o ko\u0144ca malowanie wn\u0119trza ko\u015bcio\u0142a \u2013 zosta\u0142y pomalowane wszystkie \u015bciany pionowe pod sam sufit \u2013 jest to oko\u0142o 1&nbsp;100 metr\u00f3w kwadratowych. Przyst\u0105pili\u015bmy do remontu wie\u017cy \u2013 kruszy si\u0119 elewacja oraz frontowej \u015bciany plebanii \u2013 elewacja odpada. Przy wie\u017cy i przy plebanii postawione s\u0105 rusztowania. Trwa uszczelnianie dachu na kaplicy cmentarnej \u2013 bo przecieka. Inne jeszcze<span class=\"Apple-converted-space\">&nbsp; <\/span>prace zaplanowane s\u0105 na koniec maja. Za tydzie\u0144 jest trzecia niedziela miesi\u0105ca \u2013 prosimy o sk\u0142adk\u0119 inwestycyjn\u0105. Wszystkim dzi\u0119kujemy za dotychczasowe ofiary inwestycyjne sk\u0142adane w kopertach na tac\u0105 lub wp\u0142acane na konto parafialne. B\u00f3g zap\u0142a\u0107.<\/li>\n<\/ol>\n<ol start=\"13\">\n<li>Agencja Restrukturyzacji i Modernizacji Rolnictwa informuje, \u017ce tego roku wnioski o dop\u0142aty bezpo\u015brednie mo\u017cna sk\u0142ada\u0107 tylko w wersji elektronicznej. Nie b\u0119dzie te\u017c rozsy\u0142any formularz w wersji papierowej. Szczeg\u00f3\u0142y podajemy na parafialnym FB.<\/li>\n<\/ol>\n","protected":false},"excerpt":{"rendered":"<p>&#8230;<\/p>\n","protected":false},"author":1,"featured_media":6418,"comment_status":"closed","ping_status":"open","sticky":false,"template":"","format":"standard","meta":{"ngg_post_thumbnail":0,"footnotes":""},"categories":[25,13,14],"tags":[],"class_list":["post-7724","post","type-post","status-publish","format-standard","has-post-thumbnail","hentry","category-news","category-newsy","category-ogloszenia_duszp"],"_links":{"self":[{"href":"https:\/\/mbsniezna.rzeszow.pl\/index.php\/wp-json\/wp\/v2\/posts\/7724","targetHints":{"allow":["GET"]}}],"collection":[{"href":"https:\/\/mbsniezna.rzeszow.pl\/index.php\/wp-json\/wp\/v2\/posts"}],"about":[{"href":"https:\/\/mbsniezna.rzeszow.pl\/index.php\/wp-json\/wp\/v2\/types\/post"}],"author":[{"embeddable":true,"href":"https:\/\/mbsniezna.rzeszow.pl\/index.php\/wp-json\/wp\/v2\/users\/1"}],"replies":[{"embeddable":true,"href":"https:\/\/mbsniezna.rzeszow.pl\/index.php\/wp-json\/wp\/v2\/comments?post=7724"}],"version-history":[{"count":1,"href":"https:\/\/mbsniezna.rzeszow.pl\/index.php\/wp-json\/wp\/v2\/posts\/7724\/revisions"}],"predecessor-version":[{"id":7725,"href":"https:\/\/mbsniezna.rzeszow.pl\/index.php\/wp-json\/wp\/v2\/posts\/7724\/revisions\/7725"}],"wp:featuredmedia":[{"embeddable":true,"href":"https:\/\/mbsniezna.rzeszow.pl\/index.php\/wp-json\/wp\/v2\/media\/6418"}],"wp:attachment":[{"href":"https:\/\/mbsniezna.rzeszow.pl\/index.php\/wp-json\/wp\/v2\/media?parent=7724"}],"wp:term":[{"taxonomy":"category","embeddable":true,"href":"https:\/\/mbsniezna.rzeszow.pl\/index.php\/wp-json\/wp\/v2\/categories?post=7724"},{"taxonomy":"post_tag","embeddable":true,"href":"https:\/\/mbsniezna.rzeszow.pl\/index.php\/wp-json\/wp\/v2\/tags?post=7724"}],"curies":[{"name":"wp","href":"https:\/\/api.w.org\/{rel}","templated":true}]}}