{"id":7771,"date":"2021-05-15T22:19:04","date_gmt":"2021-05-15T20:19:04","guid":{"rendered":"https:\/\/mbsniezna.rzeszow.pl\/?p=7771"},"modified":"2021-05-15T22:20:10","modified_gmt":"2021-05-15T20:20:10","slug":"wniebowstapienie-panskie-ogloszenia-16-maja-2021-roku","status":"publish","type":"post","link":"https:\/\/mbsniezna.rzeszow.pl\/index.php\/2021\/05\/15\/wniebowstapienie-panskie-ogloszenia-16-maja-2021-roku\/","title":{"rendered":"WNIEBOWST\u0104PIENIE PA\u0143SKIE \u2013 OG\u0141OSZENIA  16 MAJA 2021 ROKU"},"content":{"rendered":"<p>&nbsp;<\/p>\n<ol>\n<li>Dzisiaj nabo\u017ce\u0144stwo majowe o 15.30.<\/li>\n<\/ol>\n<ol start=\"2\">\n<li>W tygodniu Msze \u015bw. o 7.00 i 18.00 \u2013 z nabo\u017ce\u0144stwem majowym i nowenn\u0105 przed uroczysto\u015bci\u0105 Zes\u0142ania Ducha \u015awi\u0119tego.<\/li>\n<\/ol>\n<ol start=\"3\">\n<li>We czwartek od 17.15 adoracja i mo\u017cliwo\u015b\u0107 spowiedzi.<\/li>\n<\/ol>\n<ol start=\"4\">\n<li>W pi\u0105tek wspomnienie \u015bw. Jana Nepomucena.<\/li>\n<\/ol>\n<ol start=\"5\">\n<li>W niedziel\u0119 Zielone \u015awi\u0105tki r\u00f3\u017caniec r\u00f3\u017ca Teresy Basiura, nabo\u017ce\u0144stwo majowe o 15.30.<\/li>\n<\/ol>\n<ol start=\"6\">\n<li>Zapowiedzi: Dawid Kozal- Katarzyna Gawron, Tomasz Chudzik \u2013 Angelika Ko\u015bci\u00f3\u0142ek, Patryk Bach\u00f3rz \u2013 Anna Pilecka (zap. I); M. W\u0105sacz-K. Shaikha, \u0141. Zdyrski-A. Makarska (zap. III).<\/li>\n<\/ol>\n<ol start=\"7\">\n<li>B\u00f3g zap\u0142a\u0107 za ofiary na sprz\u0105tanie ko\u015bcio\u0142a. W tym tygodniu z ul. Przylasek prosimy rodziny z numer\u00f3w 2 i 7: oraz z ul. Podle\u015bnej prosimy rodziny z numer\u00f3w: 159, 157, 155c, 155d, 147, 145, 137, 131, 129, 126, 124, 120, 84.<\/li>\n<\/ol>\n<ol start=\"8\">\n<li>Wczoraj odby\u0142a si\u0119 I Komunia \u015bw. \u2013 przyst\u0105pi\u0142o do niej 80 dzieci z klas III. Dzi\u0119kujemy ks. Damianowi za przygotowanie dzieci<span class=\"Apple-converted-space\">&nbsp; <\/span>oraz za przygotowanie i przeprowadzenie uroczysto\u015bci. Dzi\u0119kujemy rodzicom za trosk\u0119 o religijne wychowanie dzieci, za podj\u0119cie r\u00f3\u017cnych spraw organizacyjnych i za wystr\u00f3j ko\u015bcio\u0142a. Podzi\u0119kowania za prowadzenie \u015bpiewu dla s. Anieli i pana organisty, a tak\u017ce dla siostry zakrystianki i os\u00f3b<span class=\"Apple-converted-space\">&nbsp; <\/span>sprz\u0105taj\u0105cych za przygotowanie ko\u015bcio\u0142a.<\/li>\n<\/ol>\n<ol start=\"9\">\n<li>Dzieci komunijne<span class=\"Apple-converted-space\">&nbsp; <\/span>i ich bliskich zapraszamy na bia\u0142y tydzie\u0144 w nast\u0119puj\u0105cym porz\u0105dku: w poniedzia\u0142ek i wtorek kl. IIIa, we \u015brod\u0119 i czwartek kl. IIIb, w pi\u0105tek i w sobot\u0119 kl. IIIc.<\/li>\n<\/ol>\n<ol start=\"10\">\n<li>Pragn\u0119 przypomnie\u0107 zach\u0119t\u0119 za pocz\u0105tku stycznia, aby jubileusz 100-lecia naszej parafii uczci\u0107 przez wybudowanie nowych kapliczek i postawienie<span class=\"Apple-converted-space\">&nbsp; <\/span>nowych krzy\u017cy. Mog\u0105 to by\u0107 inicjatywy rodzinne \u2013 jako wotum dzi\u0119kczynne lub szerszej spo\u0142eczno\u015bci \u2013 np. mieszka\u0144c\u00f3w jednej lub kilku szereg\u00f3wek. Warto zadba\u0107 aby w przestrzeni publicznej by\u0142y obecne znaki naszej wiary, zw\u0142aszcza na nowych osiedlach.<\/li>\n<\/ol>\n<ol start=\"11\">\n<li>W dniach od 16 do 25 sierpnia planowana jest parafialna pielgrzymka do W\u0142och \u2013 jako dzi\u0119kczynienie za 100 lat parafii. Szczeg\u00f3\u0142y podamy za tydzie\u0144. Zapraszamy do udzia\u0142u.<\/li>\n<\/ol>\n","protected":false},"excerpt":{"rendered":"<p>&#8230;<\/p>\n","protected":false},"author":1,"featured_media":6902,"comment_status":"closed","ping_status":"open","sticky":false,"template":"","format":"standard","meta":{"ngg_post_thumbnail":0,"footnotes":""},"categories":[25,13,14],"tags":[],"class_list":["post-7771","post","type-post","status-publish","format-standard","has-post-thumbnail","hentry","category-news","category-newsy","category-ogloszenia_duszp"],"_links":{"self":[{"href":"https:\/\/mbsniezna.rzeszow.pl\/index.php\/wp-json\/wp\/v2\/posts\/7771","targetHints":{"allow":["GET"]}}],"collection":[{"href":"https:\/\/mbsniezna.rzeszow.pl\/index.php\/wp-json\/wp\/v2\/posts"}],"about":[{"href":"https:\/\/mbsniezna.rzeszow.pl\/index.php\/wp-json\/wp\/v2\/types\/post"}],"author":[{"embeddable":true,"href":"https:\/\/mbsniezna.rzeszow.pl\/index.php\/wp-json\/wp\/v2\/users\/1"}],"replies":[{"embeddable":true,"href":"https:\/\/mbsniezna.rzeszow.pl\/index.php\/wp-json\/wp\/v2\/comments?post=7771"}],"version-history":[{"count":1,"href":"https:\/\/mbsniezna.rzeszow.pl\/index.php\/wp-json\/wp\/v2\/posts\/7771\/revisions"}],"predecessor-version":[{"id":7772,"href":"https:\/\/mbsniezna.rzeszow.pl\/index.php\/wp-json\/wp\/v2\/posts\/7771\/revisions\/7772"}],"wp:featuredmedia":[{"embeddable":true,"href":"https:\/\/mbsniezna.rzeszow.pl\/index.php\/wp-json\/wp\/v2\/media\/6902"}],"wp:attachment":[{"href":"https:\/\/mbsniezna.rzeszow.pl\/index.php\/wp-json\/wp\/v2\/media?parent=7771"}],"wp:term":[{"taxonomy":"category","embeddable":true,"href":"https:\/\/mbsniezna.rzeszow.pl\/index.php\/wp-json\/wp\/v2\/categories?post=7771"},{"taxonomy":"post_tag","embeddable":true,"href":"https:\/\/mbsniezna.rzeszow.pl\/index.php\/wp-json\/wp\/v2\/tags?post=7771"}],"curies":[{"name":"wp","href":"https:\/\/api.w.org\/{rel}","templated":true}]}}