{"id":8081,"date":"2021-06-26T17:10:14","date_gmt":"2021-06-26T15:10:14","guid":{"rendered":"https:\/\/mbsniezna.rzeszow.pl\/?p=8081"},"modified":"2021-06-27T10:05:51","modified_gmt":"2021-06-27T08:05:51","slug":"intencje-mszalne-28-06-4-07-2021","status":"publish","type":"post","link":"https:\/\/mbsniezna.rzeszow.pl\/index.php\/2021\/06\/26\/intencje-mszalne-28-06-4-07-2021\/","title":{"rendered":"Intencje Mszalne\u00a0 28.06\u2013 4.07.2021"},"content":{"rendered":"<p>&nbsp;<\/p>\n<p>Poniedzia\u0142ek<span class=\"Apple-converted-space\">&nbsp; <\/span>28.06<\/p>\n<table cellspacing=\"0\" cellpadding=\"0\">\n<tbody>\n<tr>\n<td valign=\"middle\">7.00<\/td>\n<td valign=\"top\">1. + Stanis\u0142aw Podg\u00f3rski 28<\/td>\n<\/tr>\n<tr>\n<td valign=\"middle\">18.00<\/td>\n<td valign=\"top\">1.<span class=\"Apple-converted-space\">&nbsp; <\/span>++ W\u0142adys\u0142aw i Katarzyna Jamr\u00f3z<\/p>\n<p>2. +Dariusz Wac\u0142awek od mamy<\/p>\n<p><b><span class=\"Apple-converted-space\">&nbsp;<\/span>*+El\u017cbieta Rudnik (28) \u2013 Barlinek, +Czes\u0142awa Szwed (28) Tarnoszyn, +Bogumi\u0142a Mi\u0105sik (28) &#8211; Francja<\/b><\/td>\n<\/tr>\n<\/tbody>\n<\/table>\n<p>Wtorek: 29.06<\/p>\n<table cellspacing=\"0\" cellpadding=\"0\">\n<tbody>\n<tr>\n<td valign=\"middle\">7.00<\/p>\n<p>9.00<\/td>\n<td valign=\"top\">1. +Stanis\u0142aw Podg\u00f3rski 29<\/p>\n<ol>\n<li>+Maria Kalandyk od Janiny i Szczepana Bal.<span class=\"Apple-converted-space\">&nbsp;<\/span><\/li>\n<li>++ Piotr i Karolina Rybka<\/li>\n<li>J\u00f3zef Grzebyk od Bronis\u0142awa Warzocha z rodzin\u0105<\/li>\n<\/ol>\n<\/td>\n<\/tr>\n<tr>\n<td valign=\"middle\">18.00<\/td>\n<td valign=\"top\">1. ++Mieczys\u0142aw, Maria Soleccy, Tadeusz B\u0142o\u0144ski<\/p>\n<p>2. +Dariusz Wac\u0142awek 30 dzie\u0144 po \u015bmierci<span class=\"Apple-converted-space\">&nbsp;<\/span><\/p>\n<p><b>* +El\u017cbieta Rudnik (29) \u2013 Barlinek, +Czes\u0142awa Szwed (29) Tarnoszyn, +Bogumi\u0142a Mi\u0105sik (29) &#8211; Francja<\/b><\/td>\n<\/tr>\n<\/tbody>\n<\/table>\n<p>\u015aroda: 30.06<\/p>\n<table cellspacing=\"0\" cellpadding=\"0\">\n<tbody>\n<tr>\n<td valign=\"middle\">7.00<\/td>\n<td valign=\"top\">1. +W\u0142adys\u0142aw Kozik 9 rocznica<\/p>\n<p>2. +Maria Kalandyk od Andrzeja Pr\u0119dkiego z rodzin\u0105<\/p>\n<p>3. O zdrowie i Bo\u017ce b\u0142ogos\u0142awie\u0144stwo dla s. Lucyny<\/td>\n<\/tr>\n<tr>\n<td valign=\"middle\">18.00<\/td>\n<td valign=\"top\">1. +Stanis\u0142aw Podg\u00f3rski 30<span class=\"Apple-converted-space\">&nbsp;<\/span><\/p>\n<p>2. +W\u0142adys\u0142aw Tobiasz 3 rocznica<\/p>\n<p>3. 20- lecie sakramentu ma\u0142\u017ce\u0144stwa Izabeli i Roberta o Bo\u017ce b\u0142ogos\u0142awie\u0144stwo i opiek\u0119 NMP dla rodziny<\/p>\n<p><b>*+El\u017cbieta Rudnik (30) \u2013 Barlinek, +Czes\u0142awa Szwed (30) Tarnoszyn, +Bogumi\u0142a Mi\u0105sik (30) &#8211; Francja<\/b><\/td>\n<\/tr>\n<\/tbody>\n<\/table>\n<p>Czwartek: 1.07<\/p>\n<table cellspacing=\"0\" cellpadding=\"0\">\n<tbody>\n<tr>\n<td valign=\"middle\">7.00<\/td>\n<td valign=\"top\">1. ++Piotr, Emilia, Maria Mikrut<\/p>\n<p>2. +Maria Kalandyk od Czes\u0142awy i Eugeniusza Baran<\/td>\n<\/tr>\n<tr>\n<td valign=\"middle\">18.00<\/td>\n<td valign=\"top\">1. +Edward Myrda 1 \u2013 rozpocz\u0119cie gregorianki<span class=\"Apple-converted-space\">&nbsp;<\/span><\/td>\n<\/tr>\n<\/tbody>\n<\/table>\n<p>Pi\u0105tek<span class=\"Apple-converted-space\">&nbsp; <\/span>2.07<\/p>\n<table cellspacing=\"0\" cellpadding=\"0\">\n<tbody>\n<tr>\n<td valign=\"middle\">7.00<\/td>\n<td valign=\"top\">1. +Maria Kalandyk od Adama Pr\u0119dkiego z rodzin\u0105<\/td>\n<\/tr>\n<tr>\n<td valign=\"middle\">18.00<\/td>\n<td valign=\"top\">1.<span class=\"Apple-converted-space\">&nbsp; <\/span>+Edward Myrda 2<\/p>\n<p><b>*+J\u00f3zef Grzebyk od Janusza Ko\u015bciak \u2013 ks. Micha\u0142<\/b><\/td>\n<\/tr>\n<\/tbody>\n<\/table>\n<p>Sobota 3.07<\/p>\n<table cellspacing=\"0\" cellpadding=\"0\">\n<tbody>\n<tr>\n<td valign=\"middle\">7.00<\/td>\n<td valign=\"top\">1. O Bo\u017ce b\u0142ogos\u0142awie\u0144stwo<span class=\"Apple-converted-space\">&nbsp; <\/span>i opiek\u0119 MB dla Marii i jej rodziny<\/p>\n<p>2. ++Eugeniusz Maria Pa\u015bkiewicz<\/td>\n<\/tr>\n<tr>\n<td valign=\"middle\">18.00<\/td>\n<td valign=\"top\">1. +Edward Myrda 3<span class=\"Apple-converted-space\">&nbsp;<\/span><\/p>\n<p>2. ++El\u017cbieta i Jan Grybo\u015b +Stanis\u0142aw Glac<span class=\"Apple-converted-space\">&nbsp;<\/span><\/p>\n<p><b>*+J\u00f3zef Grzebyk od Ma\u0142gorzaty i Janusza Noga \u2013 ks. Micha\u0142<span class=\"Apple-converted-space\">&nbsp;<\/span><\/b><\/td>\n<\/tr>\n<\/tbody>\n<\/table>\n<p>NIEDZIELA 4.07<\/p>\n<table cellspacing=\"0\" cellpadding=\"0\">\n<tbody>\n<tr>\n<td valign=\"middle\">7.00<\/td>\n<td valign=\"top\">1. +Stefania Michalska 1 rocznica<span class=\"Apple-converted-space\">&nbsp;<\/span><\/td>\n<\/tr>\n<tr>\n<td valign=\"middle\">9.00<\/td>\n<td valign=\"top\">1. +Alicja Smalarz<\/p>\n<p>2. +Edward Kowal <span class=\"Apple-converted-space\">&nbsp;<\/span><\/td>\n<\/tr>\n<tr>\n<td valign=\"middle\">10.30<\/td>\n<td valign=\"top\">1. +Edward Myrda 4<\/p>\n<p><b>*+J\u00f3zef Grzebyk od Ireny i Zygmunta Sikora \u2013 ks. Micha\u0142<span class=\"Apple-converted-space\">&nbsp;<\/span><\/b><\/td>\n<\/tr>\n<tr>\n<td valign=\"middle\">12.00<\/td>\n<td valign=\"top\">1. Za parafian \u017cywych i zmar\u0142ych<\/td>\n<\/tr>\n<tr>\n<td valign=\"middle\">16.00<\/td>\n<td valign=\"top\">1. +Jadwiga Kempanowska Bury 18 rocznica \u015bmierci<span class=\"Apple-converted-space\">&nbsp;<\/span><\/td>\n<\/tr>\n<tr>\n<td valign=\"middle\">18.00<\/td>\n<td valign=\"top\">1. +Jan Lampart<span class=\"Apple-converted-space\">&nbsp;<\/span><\/td>\n<\/tr>\n<\/tbody>\n<\/table>\n","protected":false},"excerpt":{"rendered":"<p>&#8230;<\/p>\n","protected":false},"author":1,"featured_media":6041,"comment_status":"closed","ping_status":"open","sticky":false,"template":"","format":"standard","meta":{"ngg_post_thumbnail":0,"footnotes":""},"categories":[4,25,13],"tags":[],"class_list":["post-8081","post","type-post","status-publish","format-standard","has-post-thumbnail","hentry","category-intencje","category-news","category-newsy"],"_links":{"self":[{"href":"https:\/\/mbsniezna.rzeszow.pl\/index.php\/wp-json\/wp\/v2\/posts\/8081","targetHints":{"allow":["GET"]}}],"collection":[{"href":"https:\/\/mbsniezna.rzeszow.pl\/index.php\/wp-json\/wp\/v2\/posts"}],"about":[{"href":"https:\/\/mbsniezna.rzeszow.pl\/index.php\/wp-json\/wp\/v2\/types\/post"}],"author":[{"embeddable":true,"href":"https:\/\/mbsniezna.rzeszow.pl\/index.php\/wp-json\/wp\/v2\/users\/1"}],"replies":[{"embeddable":true,"href":"https:\/\/mbsniezna.rzeszow.pl\/index.php\/wp-json\/wp\/v2\/comments?post=8081"}],"version-history":[{"count":2,"href":"https:\/\/mbsniezna.rzeszow.pl\/index.php\/wp-json\/wp\/v2\/posts\/8081\/revisions"}],"predecessor-version":[{"id":8083,"href":"https:\/\/mbsniezna.rzeszow.pl\/index.php\/wp-json\/wp\/v2\/posts\/8081\/revisions\/8083"}],"wp:featuredmedia":[{"embeddable":true,"href":"https:\/\/mbsniezna.rzeszow.pl\/index.php\/wp-json\/wp\/v2\/media\/6041"}],"wp:attachment":[{"href":"https:\/\/mbsniezna.rzeszow.pl\/index.php\/wp-json\/wp\/v2\/media?parent=8081"}],"wp:term":[{"taxonomy":"category","embeddable":true,"href":"https:\/\/mbsniezna.rzeszow.pl\/index.php\/wp-json\/wp\/v2\/categories?post=8081"},{"taxonomy":"post_tag","embeddable":true,"href":"https:\/\/mbsniezna.rzeszow.pl\/index.php\/wp-json\/wp\/v2\/tags?post=8081"}],"curies":[{"name":"wp","href":"https:\/\/api.w.org\/{rel}","templated":true}]}}