{"id":8085,"date":"2021-07-03T21:21:01","date_gmt":"2021-07-03T19:21:01","guid":{"rendered":"https:\/\/mbsniezna.rzeszow.pl\/?p=8085"},"modified":"2021-07-03T21:21:01","modified_gmt":"2021-07-03T19:21:01","slug":"intencje-mszalne-05-07-11-07-2021","status":"publish","type":"post","link":"https:\/\/mbsniezna.rzeszow.pl\/index.php\/2021\/07\/03\/intencje-mszalne-05-07-11-07-2021\/","title":{"rendered":"Intencje Mszalne\u00a0 05.07\u2013 11.07.2021"},"content":{"rendered":"<p>&nbsp;<\/p>\n<p>Poniedzia\u0142ek<span class=\"Apple-converted-space\">&nbsp; <\/span>5.07<\/p>\n<table cellspacing=\"0\" cellpadding=\"0\">\n<tbody>\n<tr>\n<td valign=\"middle\">7.00<\/td>\n<td valign=\"top\">1. +Edward Myrda 5<\/p>\n<p>2. +Maria Kalandyk od rodziny Kap\u0142on<span class=\"Apple-converted-space\">&nbsp;<\/span><\/td>\n<\/tr>\n<tr>\n<td valign=\"middle\">18.00<\/td>\n<td valign=\"top\">1.<span class=\"Apple-converted-space\">&nbsp; <\/span>+Stanis\u0142aw Ziemniak 3 rocznica \u015bmierci<span class=\"Apple-converted-space\">&nbsp;<\/span><\/p>\n<p>2. +J\u00f3zef Grzebyk od kole\u017canek i koleg\u00f3w z klasy LO Tyczyn<span class=\"Apple-converted-space\">&nbsp;<\/span><\/p>\n<p><b><span class=\"Apple-converted-space\">&nbsp;<\/span>*+W\u0142adys\u0142aw Go\u015b 1<span class=\"Apple-converted-space\">&nbsp; <\/span>&#8211; Tarnoszyna; +Tomasz Matu\u0142a 1 &#8211; Barlinek; +Stefania Michalska od wnuka Roberta z rodzin\u0105 \u2013 ks. Micha\u0142<span class=\"Apple-converted-space\">&nbsp;<\/span><\/b><\/td>\n<\/tr>\n<\/tbody>\n<\/table>\n<p>Wtorek: 6.07<\/p>\n<table cellspacing=\"0\" cellpadding=\"0\">\n<tbody>\n<tr>\n<td valign=\"middle\">7.00<\/td>\n<td valign=\"top\">\n<ol>\n<li>+Edward Myrda 6<\/li>\n<li>+Stefania Michalska od chrze\u015bnicy Marii z rodzin\u0105<\/li>\n<li>+Maria Kalandyk od kuzyna Janka z rodzin\u0105<\/li>\n<\/ol>\n<\/td>\n<\/tr>\n<tr>\n<td valign=\"middle\">18.00<\/td>\n<td valign=\"top\">1. +J\u00f3zefa Borowiec 1 rocznica \u015bmierci<span class=\"Apple-converted-space\">&nbsp;<\/span><\/p>\n<p>2. +J\u00f3zef Grzebyk od rodziny Matern\u00f3w<span class=\"Apple-converted-space\">&nbsp;<\/span><\/p>\n<p><b>*+W\u0142adys\u0142aw Go\u015b 2 &#8211; Tarnoszyna; +Tomasz Matu\u0142a 2<span class=\"Apple-converted-space\">&nbsp; <\/span>&#8211; Barlinek; +Zdzis\u0142aw Baran od Czes\u0142awa Kozika \u2013 ks. Micha\u0142<span class=\"Apple-converted-space\">&nbsp;<\/span><\/b><\/td>\n<\/tr>\n<\/tbody>\n<\/table>\n<p>\u015aroda: 7.07<\/p>\n<table cellspacing=\"0\" cellpadding=\"0\">\n<tbody>\n<tr>\n<td valign=\"middle\">7.00<\/td>\n<td valign=\"top\">1. +Edward Myrda 7<span class=\"Apple-converted-space\">&nbsp;<\/span><\/p>\n<p>2. +Zdzis\u0142aw Baran od s\u0105siad\u00f3w Luteckich<span class=\"Apple-converted-space\">&nbsp;<\/span><\/td>\n<\/tr>\n<tr>\n<td valign=\"middle\">18.00<\/td>\n<td valign=\"top\">1. ++ Maria Micha\u0142 Lasota<\/p>\n<p>2. +Zdzis\u0142aw Baran od siostry z m\u0119\u017cem<span class=\"Apple-converted-space\">&nbsp;<\/span><\/p>\n<p><b>*+W\u0142adys\u0142aw Go\u015b 3<span class=\"Apple-converted-space\">&nbsp; <\/span>&#8211; Tarnoszyna; +Tomasz Matu\u0142a 3 &#8211; Barlinek; +J\u00f3zef Grzebyk od c\u00f3rki Katarzyny i Alicji \u2013 ks. Micha\u0142<span class=\"Apple-converted-space\">&nbsp;<\/span><\/b><\/td>\n<\/tr>\n<\/tbody>\n<\/table>\n<p>Czwartek: 8.07<\/p>\n<table cellspacing=\"0\" cellpadding=\"0\">\n<tbody>\n<tr>\n<td valign=\"middle\">7.00<\/td>\n<td valign=\"top\">1. +Edward Myrda 8<span class=\"Apple-converted-space\">&nbsp;<\/span><\/p>\n<p>2. +Zdzis\u0142aw Baran od rodziny Pr\u0119dkich<span class=\"Apple-converted-space\">&nbsp;<\/span><\/p>\n<p>3.<span class=\"Apple-converted-space\">&nbsp; <\/span>+Stanis\u0142awa Wac\u0142awek od Marii Gliwa<span class=\"Apple-converted-space\">&nbsp;<\/span><\/td>\n<\/tr>\n<tr>\n<td valign=\"middle\">18.00<\/td>\n<td valign=\"top\">1. W intencji Ojczyzny o przybli\u017cenie si\u0119 przez wiar\u0119 do Boga<\/p>\n<p>2. +Stanis\u0142aw Kozik od s\u0105siad\u00f3w<span class=\"Apple-converted-space\">&nbsp;<\/span><\/p>\n<p><b>*+W\u0142adys\u0142aw Go\u015b 4 &#8211; Tarnoszyna; +Tomasz Matu\u0142a 4 &#8211; Barlinek; +J\u00f3zefa Borowiec od c\u00f3rki Ani z synami i synow\u0105 \u2013 ks. Micha\u0142<span class=\"Apple-converted-space\">&nbsp;<\/span><\/b><\/td>\n<\/tr>\n<\/tbody>\n<\/table>\n<p>Pi\u0105tek<span class=\"Apple-converted-space\">&nbsp; <\/span>9.07<\/p>\n<table cellspacing=\"0\" cellpadding=\"0\">\n<tbody>\n<tr>\n<td valign=\"middle\">7.00<\/td>\n<td valign=\"top\">\n<ol>\n<li>+Edward Myrda 9<span class=\"Apple-converted-space\">&nbsp;<\/span><\/li>\n<li>+Zdzis\u0142aw Baran od koleg\u00f3w i kole\u017canek z pracy<\/li>\n<\/ol>\n<\/td>\n<\/tr>\n<tr>\n<td valign=\"middle\">18.00<\/td>\n<td valign=\"top\">1.<span class=\"Apple-converted-space\">&nbsp; <\/span>+Janina Mi\u0105sik 7 rocznica \u015bmierci + Antoni<span class=\"Apple-converted-space\">&nbsp;<\/span><\/p>\n<p>2. ++Stanis\u0142aw Piekie\u0142ek, Wies\u0142awa Gra\u017cyna Paluch<span class=\"Apple-converted-space\">&nbsp;<\/span><\/p>\n<p><b>*+W\u0142adys\u0142aw Go\u015b 5 &#8211; Tarnoszyna; +Tomasz Matu\u0142a 5 &#8211; Barlinek; +Stanis\u0142aw Kozik od rodziny Najda \u2013 ks. Micha\u0142<span class=\"Apple-converted-space\">&nbsp;<\/span><\/b><\/td>\n<\/tr>\n<\/tbody>\n<\/table>\n<p>Sobota 10.07<\/p>\n<table cellspacing=\"0\" cellpadding=\"0\">\n<tbody>\n<tr>\n<td valign=\"middle\">7.00<\/td>\n<td valign=\"top\">1. +Edward Myrda 10<\/p>\n<p>2. +Stanis\u0142awa Wac\u0142awek od Haliny Jacek<span class=\"Apple-converted-space\">&nbsp;<\/span><\/td>\n<\/tr>\n<tr>\n<td valign=\"middle\">18.00<\/td>\n<td valign=\"top\">1. +Emil Pr\u0119dki 8 rocznica \u015bmierci<span class=\"Apple-converted-space\">&nbsp;<\/span><\/p>\n<p>2. +Edward Mendo\u0144 3 rocznica \u015bmierci<span class=\"Apple-converted-space\">&nbsp;<\/span><\/p>\n<p><b>*+W\u0142adys\u0142aw Go\u015b 6 &#8211; Tarnoszyna; +Tomasz Matu\u0142a 6 &#8211; Barlinek; +Zdzis\u0142aw Baran od s\u0105siad\u00f3w z M\u0142y\u0144skiej \u2013 ks. Micha\u0142<span class=\"Apple-converted-space\">&nbsp;<\/span><\/b><\/td>\n<\/tr>\n<\/tbody>\n<\/table>\n<p>NIEDZIELA 11.07<\/p>\n<table cellspacing=\"0\" cellpadding=\"0\">\n<tbody>\n<tr>\n<td valign=\"middle\">7.00<\/td>\n<td valign=\"top\">1. +Marianna 1 rocznica +Eugeniusz<span class=\"Apple-converted-space\">&nbsp;<\/span><\/td>\n<\/tr>\n<tr>\n<td valign=\"middle\">9.00<\/td>\n<td valign=\"top\">1. ++Tadeusz, Wiktoria, J\u00f3zef S\u0142owik <span class=\"Apple-converted-space\">&nbsp;<\/span><\/td>\n<\/tr>\n<tr>\n<td valign=\"middle\">10.30<\/td>\n<td valign=\"top\">1. +Edward Myrda 11<\/p>\n<p><b>*+W\u0142adys\u0142aw Go\u015b 7<span class=\"Apple-converted-space\">&nbsp; <\/span>&#8211; Tarnoszyna; +Tomasz Matu\u0142a 7 &#8211; Barlinek;<\/b><\/td>\n<\/tr>\n<tr>\n<td valign=\"middle\">12.00<\/td>\n<td valign=\"top\">1. Za parafian \u017cywych i zmar\u0142ych<\/td>\n<\/tr>\n<tr>\n<td valign=\"middle\">16.00<\/td>\n<td valign=\"top\">1. +Stanis\u0142aw Wilk<span class=\"Apple-converted-space\">&nbsp;<\/span><\/td>\n<\/tr>\n<tr>\n<td valign=\"middle\">18.00<\/td>\n<td valign=\"top\">1. +Edward \u015al\u0119czka 5 rocznica \u015bmierci<span class=\"Apple-converted-space\">&nbsp;<\/span><\/td>\n<\/tr>\n<\/tbody>\n<\/table>\n","protected":false},"excerpt":{"rendered":"<p>&#8230;<\/p>\n","protected":false},"author":1,"featured_media":7294,"comment_status":"closed","ping_status":"open","sticky":false,"template":"","format":"standard","meta":{"ngg_post_thumbnail":0,"footnotes":""},"categories":[4,25,13],"tags":[],"class_list":["post-8085","post","type-post","status-publish","format-standard","has-post-thumbnail","hentry","category-intencje","category-news","category-newsy"],"_links":{"self":[{"href":"https:\/\/mbsniezna.rzeszow.pl\/index.php\/wp-json\/wp\/v2\/posts\/8085","targetHints":{"allow":["GET"]}}],"collection":[{"href":"https:\/\/mbsniezna.rzeszow.pl\/index.php\/wp-json\/wp\/v2\/posts"}],"about":[{"href":"https:\/\/mbsniezna.rzeszow.pl\/index.php\/wp-json\/wp\/v2\/types\/post"}],"author":[{"embeddable":true,"href":"https:\/\/mbsniezna.rzeszow.pl\/index.php\/wp-json\/wp\/v2\/users\/1"}],"replies":[{"embeddable":true,"href":"https:\/\/mbsniezna.rzeszow.pl\/index.php\/wp-json\/wp\/v2\/comments?post=8085"}],"version-history":[{"count":1,"href":"https:\/\/mbsniezna.rzeszow.pl\/index.php\/wp-json\/wp\/v2\/posts\/8085\/revisions"}],"predecessor-version":[{"id":8086,"href":"https:\/\/mbsniezna.rzeszow.pl\/index.php\/wp-json\/wp\/v2\/posts\/8085\/revisions\/8086"}],"wp:featuredmedia":[{"embeddable":true,"href":"https:\/\/mbsniezna.rzeszow.pl\/index.php\/wp-json\/wp\/v2\/media\/7294"}],"wp:attachment":[{"href":"https:\/\/mbsniezna.rzeszow.pl\/index.php\/wp-json\/wp\/v2\/media?parent=8085"}],"wp:term":[{"taxonomy":"category","embeddable":true,"href":"https:\/\/mbsniezna.rzeszow.pl\/index.php\/wp-json\/wp\/v2\/categories?post=8085"},{"taxonomy":"post_tag","embeddable":true,"href":"https:\/\/mbsniezna.rzeszow.pl\/index.php\/wp-json\/wp\/v2\/tags?post=8085"}],"curies":[{"name":"wp","href":"https:\/\/api.w.org\/{rel}","templated":true}]}}