{"id":8087,"date":"2021-07-03T21:23:55","date_gmt":"2021-07-03T19:23:55","guid":{"rendered":"https:\/\/mbsniezna.rzeszow.pl\/?p=8087"},"modified":"2021-07-03T21:23:55","modified_gmt":"2021-07-03T19:23:55","slug":"ogloszenia-xiv-niedziela-zwykla-4-07-2021","status":"publish","type":"post","link":"https:\/\/mbsniezna.rzeszow.pl\/index.php\/2021\/07\/03\/ogloszenia-xiv-niedziela-zwykla-4-07-2021\/","title":{"rendered":"OG\u0141OSZENIA XIV NIEDZIELA ZWYK\u0141A\u00a0&#8211;  4.07.2021"},"content":{"rendered":"<p>&nbsp;<\/p>\n<ol>\n<li>Dzi\u015b po ka\u017cdej mszy \u015bw. zbi\u00f3rka do puszek na pomoc poszkodowanym w po\u017carze w Nowej Bia\u0142ej k. Nowego Targu, gdzie sp\u0142on\u0119\u0142o ponad 40 gospodarstw.<span class=\"Apple-converted-space\">&nbsp;<\/span><\/li>\n<\/ol>\n<ol start=\"2\">\n<li>We wtorek wspomnienie b\u0142. Marii Teresy Led\u00f3chowskiej. Po mszy \u015bw. wieczornej nabo\u017ce\u0144stwo do \u015bw. Antoniego. We wtorek o 14.00, w naszej parafii go\u015bcimy pielgrzym\u00f3w na Jasn\u0105 G\u00f3r\u0119 z przemyskiej pieszej pielgrzymki. Napoje dla pielgrzym\u00f3w prosimy sk\u0142ada\u0107 na schodach do salki z ty\u0142u ko\u015bcio\u0142a, a gdyby kto\u015b chcia\u0142 przygotowa\u0107 ciasto, to prosimy przynosi\u0107 we wtorek od 12.00.<\/li>\n<\/ol>\n<ol start=\"3\">\n<li>W \u015brod\u0119 nowenna do Matki Bo\u017cej \u015anie\u017cnej.<span class=\"Apple-converted-space\">&nbsp;<\/span><\/li>\n<\/ol>\n<ol start=\"4\">\n<li>W czwartek wspomnienie \u015bw. Jana z Dukli. Adoracja o 17.15 z mo\u017cliwo\u015bci\u0105 spowiedzi.<span class=\"Apple-converted-space\">&nbsp;<\/span><\/li>\n<\/ol>\n<ol start=\"5\">\n<li>W pi\u0105tek po mszy \u015bw. wieczornej nabo\u017ce\u0144stwo do Bo\u017cego Mi\u0142osierdzia.<span class=\"Apple-converted-space\">&nbsp;<\/span><\/li>\n<\/ol>\n<ol start=\"6\">\n<li>Zapowiedzi : Bart\u0142omiej Rozlach i Anastasya Aleksevych (III) ; \u0141ukasz Rabczak i Karolina W\u0105sacz (I) ; Rafa\u0142 Rejman i Anna Kochanowicz (I) ; Mariusz Ba\u0142a i Sylwia Grela (I).<span class=\"Apple-converted-space\">&nbsp;<\/span><\/li>\n<\/ol>\n<ol start=\"7\">\n<li>Dzi\u0119kujemy za ofiary na sprz\u0105tanie ko\u015bcio\u0142a. W tym tygodniu prosimy z ul. Studzianki rodziny z numer\u00f3w:<span class=\"Apple-converted-space\">&nbsp; <\/span>62,<span class=\"Apple-converted-space\">&nbsp; <\/span>50, 47, 44, 42, 36, 37,<span class=\"Apple-converted-space\">&nbsp; <\/span>29, 29, 27<\/li>\n<\/ol>\n<ol start=\"8\">\n<li>Na stoliku s\u0105 darmowe gazety Dobre Nowiny i Znak \u0142aski. Zapraszamy do lektury.<span class=\"Apple-converted-space\">&nbsp;<\/span><\/li>\n<\/ol>\n","protected":false},"excerpt":{"rendered":"<p>&#8230;<\/p>\n","protected":false},"author":1,"featured_media":6999,"comment_status":"closed","ping_status":"open","sticky":false,"template":"","format":"standard","meta":{"ngg_post_thumbnail":0,"footnotes":""},"categories":[25,13,14],"tags":[],"class_list":["post-8087","post","type-post","status-publish","format-standard","has-post-thumbnail","hentry","category-news","category-newsy","category-ogloszenia_duszp"],"_links":{"self":[{"href":"https:\/\/mbsniezna.rzeszow.pl\/index.php\/wp-json\/wp\/v2\/posts\/8087","targetHints":{"allow":["GET"]}}],"collection":[{"href":"https:\/\/mbsniezna.rzeszow.pl\/index.php\/wp-json\/wp\/v2\/posts"}],"about":[{"href":"https:\/\/mbsniezna.rzeszow.pl\/index.php\/wp-json\/wp\/v2\/types\/post"}],"author":[{"embeddable":true,"href":"https:\/\/mbsniezna.rzeszow.pl\/index.php\/wp-json\/wp\/v2\/users\/1"}],"replies":[{"embeddable":true,"href":"https:\/\/mbsniezna.rzeszow.pl\/index.php\/wp-json\/wp\/v2\/comments?post=8087"}],"version-history":[{"count":1,"href":"https:\/\/mbsniezna.rzeszow.pl\/index.php\/wp-json\/wp\/v2\/posts\/8087\/revisions"}],"predecessor-version":[{"id":8088,"href":"https:\/\/mbsniezna.rzeszow.pl\/index.php\/wp-json\/wp\/v2\/posts\/8087\/revisions\/8088"}],"wp:featuredmedia":[{"embeddable":true,"href":"https:\/\/mbsniezna.rzeszow.pl\/index.php\/wp-json\/wp\/v2\/media\/6999"}],"wp:attachment":[{"href":"https:\/\/mbsniezna.rzeszow.pl\/index.php\/wp-json\/wp\/v2\/media?parent=8087"}],"wp:term":[{"taxonomy":"category","embeddable":true,"href":"https:\/\/mbsniezna.rzeszow.pl\/index.php\/wp-json\/wp\/v2\/categories?post=8087"},{"taxonomy":"post_tag","embeddable":true,"href":"https:\/\/mbsniezna.rzeszow.pl\/index.php\/wp-json\/wp\/v2\/tags?post=8087"}],"curies":[{"name":"wp","href":"https:\/\/api.w.org\/{rel}","templated":true}]}}