{"id":8090,"date":"2021-07-10T23:20:21","date_gmt":"2021-07-10T21:20:21","guid":{"rendered":"https:\/\/mbsniezna.rzeszow.pl\/?p=8090"},"modified":"2021-07-10T23:20:21","modified_gmt":"2021-07-10T21:20:21","slug":"ogloszenia-xv-niedziela-zwykla-11-07-2021","status":"publish","type":"post","link":"https:\/\/mbsniezna.rzeszow.pl\/index.php\/2021\/07\/10\/ogloszenia-xv-niedziela-zwykla-11-07-2021\/","title":{"rendered":"OG\u0141OSZENIA XV NIEDZIELA ZWYK\u0141A  11.07.2021"},"content":{"rendered":"<p>&nbsp;<\/p>\n<ol>\n<li>W poniedzia\u0142ek wspomnienie \u015bw. Brunona, biskupa i m\u0119czennika.<\/li>\n<\/ol>\n<ol start=\"2\">\n<li>We wtorek wspomnienie \u015bwi\u0119tych pustelnik\u00f3w \u015awierada i Benedykta. Rozpoczynamy Triduum przed \u015bwi\u0119tem Matki Bo\u017cej z G\u00f3ry Karmel \u2013 MB Szkaplerznej.<span class=\"Apple-converted-space\">&nbsp;<\/span><\/li>\n<\/ol>\n<ol start=\"3\">\n<li>W czwartek wspomnienie \u015bw. Bonawentury, biskupa i Doktora Ko\u015bcio\u0142a. Adoracja od 17.15 z mo\u017cliwo\u015bci\u0105 spowiedzi.<span class=\"Apple-converted-space\">&nbsp;<\/span><\/li>\n<\/ol>\n<ol start=\"4\">\n<li>W pi\u0105tek wspomnienie Naj\u015bwi\u0119tszej Maryi Panny z G\u00f3ry Karmel \u2013 MB Szkaplerznej.<span class=\"Apple-converted-space\">&nbsp;<\/span><\/li>\n<\/ol>\n<ol start=\"5\">\n<li>Informujemy o dw\u00f3ch wydarzeniach w Domu Kultury Country: Szpilka na wakacjach: prelekcja na temat naturalnych kosmetyk\u00f3w 16 lipca &#8211; pi\u0105tek, start o godzinie 17:00 ; Pota\u0144c\u00f3wka Miejska 17 lipca &#8211; sobota, start o godzinie 19:00.<\/li>\n<\/ol>\n<ol start=\"6\">\n<li>Za tydzie\u0144 trzecia niedziela miesi\u0105ca, prosimy o sk\u0142adk\u0119 na cele inwestycyjne. Za tydzie\u0144 prosimy o prowadzenie r\u00f3\u017ca\u0144ca r\u00f3\u017c\u0119 Marii Mr\u00f3z.<span class=\"Apple-converted-space\">&nbsp;<\/span><\/li>\n<\/ol>\n<ol start=\"7\">\n<li>Zapowiedzi : \u0141ukasz Rabczak i Karolina W\u0105sacz (II) ; Rafa\u0142 Rejman i Anna Kochanowicz (II) ; Mariusz Ba\u0142a i Sylwia Grela (II).<\/li>\n<\/ol>\n<ol start=\"8\">\n<li>Dzi\u0119kujemy za ofiary na sprz\u0105tanie ko\u015bcio\u0142a, w tym tygodniu prosimy z ul. Studzianki numery: 26, 21, 19, 15, 10, 11, 4, 3,<span class=\"Apple-converted-space\">&nbsp;<\/span><\/li>\n<\/ol>\n","protected":false},"excerpt":{"rendered":"<p>&#8230;<\/p>\n","protected":false},"author":1,"featured_media":7584,"comment_status":"closed","ping_status":"open","sticky":false,"template":"","format":"standard","meta":{"ngg_post_thumbnail":0,"footnotes":""},"categories":[25,13,14],"tags":[],"class_list":["post-8090","post","type-post","status-publish","format-standard","has-post-thumbnail","hentry","category-news","category-newsy","category-ogloszenia_duszp"],"_links":{"self":[{"href":"https:\/\/mbsniezna.rzeszow.pl\/index.php\/wp-json\/wp\/v2\/posts\/8090","targetHints":{"allow":["GET"]}}],"collection":[{"href":"https:\/\/mbsniezna.rzeszow.pl\/index.php\/wp-json\/wp\/v2\/posts"}],"about":[{"href":"https:\/\/mbsniezna.rzeszow.pl\/index.php\/wp-json\/wp\/v2\/types\/post"}],"author":[{"embeddable":true,"href":"https:\/\/mbsniezna.rzeszow.pl\/index.php\/wp-json\/wp\/v2\/users\/1"}],"replies":[{"embeddable":true,"href":"https:\/\/mbsniezna.rzeszow.pl\/index.php\/wp-json\/wp\/v2\/comments?post=8090"}],"version-history":[{"count":1,"href":"https:\/\/mbsniezna.rzeszow.pl\/index.php\/wp-json\/wp\/v2\/posts\/8090\/revisions"}],"predecessor-version":[{"id":8091,"href":"https:\/\/mbsniezna.rzeszow.pl\/index.php\/wp-json\/wp\/v2\/posts\/8090\/revisions\/8091"}],"wp:featuredmedia":[{"embeddable":true,"href":"https:\/\/mbsniezna.rzeszow.pl\/index.php\/wp-json\/wp\/v2\/media\/7584"}],"wp:attachment":[{"href":"https:\/\/mbsniezna.rzeszow.pl\/index.php\/wp-json\/wp\/v2\/media?parent=8090"}],"wp:term":[{"taxonomy":"category","embeddable":true,"href":"https:\/\/mbsniezna.rzeszow.pl\/index.php\/wp-json\/wp\/v2\/categories?post=8090"},{"taxonomy":"post_tag","embeddable":true,"href":"https:\/\/mbsniezna.rzeszow.pl\/index.php\/wp-json\/wp\/v2\/tags?post=8090"}],"curies":[{"name":"wp","href":"https:\/\/api.w.org\/{rel}","templated":true}]}}