{"id":8092,"date":"2021-07-10T23:21:03","date_gmt":"2021-07-10T21:21:03","guid":{"rendered":"https:\/\/mbsniezna.rzeszow.pl\/?p=8092"},"modified":"2021-07-11T16:38:25","modified_gmt":"2021-07-11T14:38:25","slug":"intencje-mszalne-12-07-18-07-2021","status":"publish","type":"post","link":"https:\/\/mbsniezna.rzeszow.pl\/index.php\/2021\/07\/10\/intencje-mszalne-12-07-18-07-2021\/","title":{"rendered":"Intencje Mszalne\u00a0 12.07\u2013 18.07.2021"},"content":{"rendered":"<p>&nbsp;<\/p>\n<p>Poniedzia\u0142ek<span class=\"Apple-converted-space\">&nbsp; <\/span>12.07<\/p>\n<table cellspacing=\"0\" cellpadding=\"0\">\n<tbody>\n<tr>\n<td valign=\"middle\">7.00<\/td>\n<td valign=\"top\">1. ++Antoni, Janina Mi\u0105sik<\/p>\n<p>2. +J\u00f3zef Borowiec od Marii i Les\u0142awa G\u0142odowskich<span class=\"Apple-converted-space\">&nbsp;<\/span><\/td>\n<\/tr>\n<tr>\n<td valign=\"middle\">18.00<\/td>\n<td valign=\"top\">1.<span class=\"Apple-converted-space\">&nbsp; <\/span>+Edward Myrda 12<\/p>\n<p>2. ++Michalina, Tomasz, Franciszek Pa\u015bko<\/p>\n<p><b><span class=\"Apple-converted-space\">&nbsp;<\/span>*+W\u0142adys\u0142aw Go\u015b 8<span class=\"Apple-converted-space\">&nbsp; <\/span>&#8211; Tarnoszyna; +Tomasz Matu\u0142a 8 &#8211; Barlinek; +Stanis\u0142awa Wac\u0142awek od rodziny Guzik\u00f3w \u2013 ks. Micha\u0142<\/b><\/td>\n<\/tr>\n<\/tbody>\n<\/table>\n<p>Wtorek: 13.07<\/p>\n<table cellspacing=\"0\" cellpadding=\"0\">\n<tbody>\n<tr>\n<td valign=\"middle\">7.00<\/td>\n<td valign=\"top\">\n<ol>\n<li>++Danuta, Micha\u0142 Kalambkiewicz<\/li>\n<li>+Maria Kalandyk od bratanka Rafa\u0142a<\/li>\n<li>+ks. Tadeusz Buka\u0142a<span class=\"Apple-converted-space\">&nbsp;<\/span><\/li>\n<\/ol>\n<\/td>\n<\/tr>\n<tr>\n<td valign=\"middle\">18.00<\/td>\n<td valign=\"top\">1. +Edward Myrda 13<\/p>\n<p>2. O Bo\u017ce b\u0142ogos\u0142awie\u0144stwo i opiek\u0119 MB dla Anny i Mateusza II rocznica \u015blubu<span class=\"Apple-converted-space\">&nbsp;<\/span><\/p>\n<p><b>*+W\u0142adys\u0142aw Go\u015b 9 &#8211; Tarnoszyna; +Tomasz Matu\u0142a 9<span class=\"Apple-converted-space\">&nbsp; <\/span>&#8211; Barlinek; +Stanis\u0142aw Kozik od rodziny G\u0142odowskich \u2013 ks. Micha\u0142<\/b><\/td>\n<\/tr>\n<\/tbody>\n<\/table>\n<p>\u015aroda: 14.07<\/p>\n<table cellspacing=\"0\" cellpadding=\"0\">\n<tbody>\n<tr>\n<td valign=\"middle\">7.00<\/td>\n<td valign=\"top\">1. +Maria Pa\u015bko 5 rocznica \u015bmierci<\/p>\n<p>2. +J\u00f3zef Grzebyk o siostry Teresy<\/p>\n<p>3. +Ks. Stanis\u0142aw Marczewski<\/td>\n<\/tr>\n<tr>\n<td valign=\"middle\">18.00<\/td>\n<td valign=\"top\">1. +Edward Myrda 14<\/p>\n<p>2. +Tadeusz Szpiech od \u017cony Marii<span class=\"Apple-converted-space\">&nbsp;<\/span><\/p>\n<p><b>*+W\u0142adys\u0142aw Go\u015b 10<span class=\"Apple-converted-space\">&nbsp; <\/span>&#8211; Tarnoszyna; +Tomasz Matu\u0142a 10 &#8211; Barlinek; +Seweryn Pasierb od Michalskiej \u2013 ks. Micha\u0142<\/b><\/td>\n<\/tr>\n<\/tbody>\n<\/table>\n<p>Czwartek: 15.07<\/p>\n<table cellspacing=\"0\" cellpadding=\"0\">\n<tbody>\n<tr>\n<td valign=\"middle\">7.00<\/td>\n<td valign=\"top\">1. +Edward Myrda 15<\/p>\n<p>2. +Adam G\u0142odowski od rodziny Skoczylas\u00f3w<span class=\"Apple-converted-space\">&nbsp;<\/span><\/p>\n<p>3.<span class=\"Apple-converted-space\">&nbsp; <\/span>+Stanis\u0142aw Wac\u0142awek od rodziny Gliwa<span class=\"Apple-converted-space\">&nbsp;<\/span><\/td>\n<\/tr>\n<tr>\n<td valign=\"middle\">18.00<\/td>\n<td valign=\"top\">1. +J\u00f3zef Jacek 19 rocznica<span class=\"Apple-converted-space\">&nbsp;<\/span><\/p>\n<p>2. +Aleksandra G\u0142odowska<span class=\"Apple-converted-space\">&nbsp;<\/span><\/p>\n<p><b>*+W\u0142adys\u0142aw Go\u015b 11 &#8211; Tarnoszyna; +Tomasz Matu\u0142a 11 &#8211; Barlinek; +Zdzis\u0142aw Baran od s\u0105siadki z M\u0142y\u0144skiej \u2013 ks. Micha\u0142<\/b><\/td>\n<\/tr>\n<\/tbody>\n<\/table>\n<p>Pi\u0105tek<span class=\"Apple-converted-space\">&nbsp; <\/span>16.07<\/p>\n<table cellspacing=\"0\" cellpadding=\"0\">\n<tbody>\n<tr>\n<td valign=\"middle\">7.00<\/td>\n<td valign=\"top\">\n<ol>\n<li>O zdrowie i b\u0142ogos\u0142awie\u0144stwo Bo\u017ce dla Justyny<span class=\"Apple-converted-space\">&nbsp;<\/span><\/li>\n<li>+Stanis\u0142aw Kozik od rodziny Raczak\u00f3w<span class=\"Apple-converted-space\">&nbsp;<\/span><\/li>\n<li>+Seweryna Pasierb od rodziny Pietruch\u00f3w<span class=\"Apple-converted-space\">&nbsp;<\/span><\/li>\n<\/ol>\n<\/td>\n<\/tr>\n<tr>\n<td valign=\"middle\">18.00<\/td>\n<td valign=\"top\">1.<span class=\"Apple-converted-space\">&nbsp; <\/span>+Edward Myrda 16<\/p>\n<p>2. +J\u00f3zef Grzebyk od siostry Janiny<span class=\"Apple-converted-space\">&nbsp;<\/span><\/p>\n<p><b>*+W\u0142adys\u0142aw Go\u015b 12 &#8211; Tarnoszyna; +Tomasz Matu\u0142a 12 &#8211; Barlinek; +Stanis\u0142awa Wac\u0142awek od rodziny Guzik\u00f3w \u2013 ks. Micha\u0142<span class=\"Apple-converted-space\">&nbsp;<\/span><\/b><\/td>\n<\/tr>\n<\/tbody>\n<\/table>\n<p>Sobota 17.07<\/p>\n<table cellspacing=\"0\" cellpadding=\"0\">\n<tbody>\n<tr>\n<td valign=\"middle\">7.00<\/td>\n<td valign=\"top\">1. ++Kazimierz, Katarzyna Krok<span class=\"Apple-converted-space\">&nbsp;<\/span><\/p>\n<p>2. +Seweryna Pasierb od Wandy Pasierb<span class=\"Apple-converted-space\">&nbsp;<\/span><\/td>\n<\/tr>\n<tr>\n<td valign=\"middle\">18.00<\/td>\n<td valign=\"top\">1. +Edward Myrda 17<\/p>\n<p>2. O b\u0142ogos\u0142awie\u0144stwo Bo\u017ce i opiek\u0119 MB dla Marioli i Piotra Olszewskich w 11 rocznic\u0119 \u015blubu<span class=\"Apple-converted-space\">&nbsp;<\/span><\/p>\n<p><b>*+W\u0142adys\u0142aw Go\u015b 13 &#8211; Tarnoszyna; +Tomasz Matu\u0142a 13 &#8211; Barlinek; +Stanis\u0142aw Kozik od Krystyny Soleckiej \u2013 ks. Micha\u0142<span class=\"Apple-converted-space\">&nbsp;<\/span><\/b><\/td>\n<\/tr>\n<\/tbody>\n<\/table>\n<p>NIEDZIELA 1.07<\/p>\n<table cellspacing=\"0\" cellpadding=\"0\">\n<tbody>\n<tr>\n<td valign=\"middle\">7.00<\/td>\n<td valign=\"top\">1. ++Micha\u0142 Gawe\u0142, Marcel, Franciszka Skowron<\/td>\n<\/tr>\n<tr>\n<td valign=\"middle\">9.00<\/td>\n<td valign=\"top\">1. Dzi\u0119kczynna i o Bo\u017ce b\u0142ogos\u0142awie\u0144stwo dla Ma\u0142gorzaty i Jacka w 25 rocznic\u0119 \u015blubu<span class=\"Apple-converted-space\">&nbsp;<\/span><\/td>\n<\/tr>\n<tr>\n<td valign=\"middle\">10.30<\/td>\n<td valign=\"top\">1. +Edward Myrda 11<\/p>\n<p>2. Dzi\u0119kczynna i o Bo\u017ce b\u0142ogos\u0142awie\u0144stwo dla Danuty i Jana w 40 rocznic\u0119 \u015blubu<span class=\"Apple-converted-space\">&nbsp;<\/span><\/p>\n<p><b>*+W\u0142adys\u0142aw Go\u015b 14 &#8211; Tarnoszyna; +Tomasz Matu\u0142a 14 &#8211; Barlinek;<\/b><\/td>\n<\/tr>\n<tr>\n<td valign=\"middle\">12.00<\/td>\n<td valign=\"top\">1. Za parafian \u017cywych i zmar\u0142ych<\/td>\n<\/tr>\n<tr>\n<td valign=\"middle\">16.00<\/td>\n<td valign=\"top\">1. Dzi\u0119kczynna i o Bo\u017ce b\u0142ogos\u0142awie\u0144stwo dla Katarzyny i Marcina G\u0142uszyk w 8 rocznic\u0119 \u015blubu<span class=\"Apple-converted-space\">&nbsp;<\/span><\/td>\n<\/tr>\n<tr>\n<td valign=\"middle\">18.00<\/td>\n<td valign=\"top\">1. ++W\u0142adys\u0142awa, Kazimierz G\u0142\u00f3d<span class=\"Apple-converted-space\">&nbsp;<\/span><\/td>\n<\/tr>\n<\/tbody>\n<\/table>\n","protected":false},"excerpt":{"rendered":"<p>&#8230;<\/p>\n","protected":false},"author":1,"featured_media":7585,"comment_status":"closed","ping_status":"open","sticky":false,"template":"","format":"standard","meta":{"ngg_post_thumbnail":0,"footnotes":""},"categories":[4,25,13],"tags":[],"class_list":["post-8092","post","type-post","status-publish","format-standard","has-post-thumbnail","hentry","category-intencje","category-news","category-newsy"],"_links":{"self":[{"href":"https:\/\/mbsniezna.rzeszow.pl\/index.php\/wp-json\/wp\/v2\/posts\/8092","targetHints":{"allow":["GET"]}}],"collection":[{"href":"https:\/\/mbsniezna.rzeszow.pl\/index.php\/wp-json\/wp\/v2\/posts"}],"about":[{"href":"https:\/\/mbsniezna.rzeszow.pl\/index.php\/wp-json\/wp\/v2\/types\/post"}],"author":[{"embeddable":true,"href":"https:\/\/mbsniezna.rzeszow.pl\/index.php\/wp-json\/wp\/v2\/users\/1"}],"replies":[{"embeddable":true,"href":"https:\/\/mbsniezna.rzeszow.pl\/index.php\/wp-json\/wp\/v2\/comments?post=8092"}],"version-history":[{"count":3,"href":"https:\/\/mbsniezna.rzeszow.pl\/index.php\/wp-json\/wp\/v2\/posts\/8092\/revisions"}],"predecessor-version":[{"id":8095,"href":"https:\/\/mbsniezna.rzeszow.pl\/index.php\/wp-json\/wp\/v2\/posts\/8092\/revisions\/8095"}],"wp:featuredmedia":[{"embeddable":true,"href":"https:\/\/mbsniezna.rzeszow.pl\/index.php\/wp-json\/wp\/v2\/media\/7585"}],"wp:attachment":[{"href":"https:\/\/mbsniezna.rzeszow.pl\/index.php\/wp-json\/wp\/v2\/media?parent=8092"}],"wp:term":[{"taxonomy":"category","embeddable":true,"href":"https:\/\/mbsniezna.rzeszow.pl\/index.php\/wp-json\/wp\/v2\/categories?post=8092"},{"taxonomy":"post_tag","embeddable":true,"href":"https:\/\/mbsniezna.rzeszow.pl\/index.php\/wp-json\/wp\/v2\/tags?post=8092"}],"curies":[{"name":"wp","href":"https:\/\/api.w.org\/{rel}","templated":true}]}}