{"id":8096,"date":"2021-07-17T21:31:18","date_gmt":"2021-07-17T19:31:18","guid":{"rendered":"https:\/\/mbsniezna.rzeszow.pl\/?p=8096"},"modified":"2021-07-17T21:31:18","modified_gmt":"2021-07-17T19:31:18","slug":"ogloszenia-xvi-niedziela-zwykla-18-07-2021","status":"publish","type":"post","link":"https:\/\/mbsniezna.rzeszow.pl\/index.php\/2021\/07\/17\/ogloszenia-xvi-niedziela-zwykla-18-07-2021\/","title":{"rendered":"OG\u0141OSZENIA XVI NIEDZIELA ZWYK\u0141A  18.07.2021\u00a0"},"content":{"rendered":"<p>&nbsp;<\/p>\n<ol>\n<li>Dzi\u015b trzecia niedziela miesi\u0105ca, sk\u0142adka przeznaczona jest na cele inwestycyjne.<span class=\"Apple-converted-space\">&nbsp;<\/span><\/li>\n<\/ol>\n<ol start=\"2\">\n<li>We wtorek msza wotywna do \u015bw. Antoniego i nabo\u017ce\u0144stwo.<\/li>\n<\/ol>\n<ol start=\"3\">\n<li>W \u015brod\u0119 msza wotywna do Matki Bo\u017cej \u015anie\u017cnej, a po niej nowenna.<span class=\"Apple-converted-space\">&nbsp;<\/span><\/li>\n<\/ol>\n<ol start=\"4\">\n<li>W czwartek \u015bwi\u0119to \u015bw. Marii Magdaleny, adoracja od 17.15.<span class=\"Apple-converted-space\">&nbsp;<\/span><\/li>\n<\/ol>\n<ol start=\"5\">\n<li>W pi\u0105tek \u015bwi\u0119to \u015bw. Brygidy, patronki Europy. Dom Kultury Country zaprasza na Stref\u0119 relaksu, wydarzenie dla dzieci i doros\u0142ych, pocz\u0105tek o 17.00.<\/li>\n<\/ol>\n<ol start=\"6\">\n<li>W sobot\u0119 wspomnienie \u015bw. Kingi dziewicy. Dom Kultury Country zaprasza na dwa wydarzenie: o 9.30 nordic walking i o 19.00 koncert kameralny zespo\u0142u Acoustic.<span class=\"Apple-converted-space\">&nbsp;<\/span><\/li>\n<\/ol>\n<ol start=\"7\">\n<li>W przysz\u0142\u0105 niedziel\u0119 z racji \u015bw. Krzysztofa, na ka\u017cdej mszy \u015bw. po\u015bwi\u0119cenie pojazd\u00f3w. Po ka\u017cdej mszy, zbi\u00f3rka do puszek \u2013 jeden grosz za jeden szcz\u0119\u015bliwie przejechany kilometr- przeznaczona b\u0119dzie na samochody dla misjonarzy. W przysz\u0142\u0105 niedziel\u0119 prosimy o prowadzenie r\u00f3\u017ca\u0144ca r\u00f3\u017c\u0119 Krystyny \u015al\u0105czki.<span class=\"Apple-converted-space\">&nbsp;<\/span><\/li>\n<\/ol>\n<ol start=\"8\">\n<li>Z inicjatywy Papie\u017ca Franciszka, od tego roku, czwarta niedziela lipca b\u0119dzie w ca\u0142ym Ko\u015bciele obchodzona jako dzie\u0144 Dziadk\u00f3w i os\u00f3b starszych. Zapraszamy Babcie, Dziadk\u00f3w i Osoby Starsze do katedry rzeszowskiej na godz. 14.30. na wyk\u0142ad: <i>Warto\u015b\u0107 mi\u0119dzypokoleniowego braterstwa i przyja\u017ani.<\/i> O godz. 15.00 Msza \u015awi\u0119ta pod przewodnictwem Biskupa Ordynariusza Jana W\u0105troby.<\/li>\n<\/ol>\n<ol start=\"9\">\n<li>Na stoliku znajduj\u0105 si\u0119 ulotki w zwi\u0105zku z remontem kapliczki z 1957 roku przy ul. Herbowej, zapraszamy do zapoznania si\u0119 i zaanga\u017cowania w odnowienie kapliczki.<span class=\"Apple-converted-space\">&nbsp;<\/span><\/li>\n<\/ol>\n<ol start=\"10\">\n<li>Zapowiedzi : \u0141ukasz Rabczak i Karolina W\u0105sacz (III) ; Rafa\u0142 Rejman i Anna Kochanowicz (III) ; Mariusz Ba\u0142a i Sylwia Grela (III).<\/li>\n<\/ol>\n<ol start=\"11\">\n<li>Dzi\u0119kujemy za ofiary na sprz\u0105tanie ko\u015bcio\u0142a, w tym tygodniu prosimy z ul. Sportowc\u00f3w rodziny: 8 , 6c ,<span class=\"Apple-converted-space\">&nbsp; <\/span>6d , 3 , 10 , 15 , 14 , 14,<span class=\"Apple-converted-space\">&nbsp; <\/span>16 ,<span class=\"Apple-converted-space\">&nbsp; <\/span>18,<span class=\"Apple-converted-space\">&nbsp;<\/span><\/li>\n<\/ol>\n","protected":false},"excerpt":{"rendered":"<p>&#8230;<\/p>\n","protected":false},"author":1,"featured_media":6844,"comment_status":"closed","ping_status":"open","sticky":false,"template":"","format":"standard","meta":{"ngg_post_thumbnail":0,"footnotes":""},"categories":[25,13,14],"tags":[],"class_list":["post-8096","post","type-post","status-publish","format-standard","has-post-thumbnail","hentry","category-news","category-newsy","category-ogloszenia_duszp"],"_links":{"self":[{"href":"https:\/\/mbsniezna.rzeszow.pl\/index.php\/wp-json\/wp\/v2\/posts\/8096","targetHints":{"allow":["GET"]}}],"collection":[{"href":"https:\/\/mbsniezna.rzeszow.pl\/index.php\/wp-json\/wp\/v2\/posts"}],"about":[{"href":"https:\/\/mbsniezna.rzeszow.pl\/index.php\/wp-json\/wp\/v2\/types\/post"}],"author":[{"embeddable":true,"href":"https:\/\/mbsniezna.rzeszow.pl\/index.php\/wp-json\/wp\/v2\/users\/1"}],"replies":[{"embeddable":true,"href":"https:\/\/mbsniezna.rzeszow.pl\/index.php\/wp-json\/wp\/v2\/comments?post=8096"}],"version-history":[{"count":1,"href":"https:\/\/mbsniezna.rzeszow.pl\/index.php\/wp-json\/wp\/v2\/posts\/8096\/revisions"}],"predecessor-version":[{"id":8097,"href":"https:\/\/mbsniezna.rzeszow.pl\/index.php\/wp-json\/wp\/v2\/posts\/8096\/revisions\/8097"}],"wp:featuredmedia":[{"embeddable":true,"href":"https:\/\/mbsniezna.rzeszow.pl\/index.php\/wp-json\/wp\/v2\/media\/6844"}],"wp:attachment":[{"href":"https:\/\/mbsniezna.rzeszow.pl\/index.php\/wp-json\/wp\/v2\/media?parent=8096"}],"wp:term":[{"taxonomy":"category","embeddable":true,"href":"https:\/\/mbsniezna.rzeszow.pl\/index.php\/wp-json\/wp\/v2\/categories?post=8096"},{"taxonomy":"post_tag","embeddable":true,"href":"https:\/\/mbsniezna.rzeszow.pl\/index.php\/wp-json\/wp\/v2\/tags?post=8096"}],"curies":[{"name":"wp","href":"https:\/\/api.w.org\/{rel}","templated":true}]}}