{"id":8098,"date":"2021-07-17T21:32:38","date_gmt":"2021-07-17T19:32:38","guid":{"rendered":"https:\/\/mbsniezna.rzeszow.pl\/?p=8098"},"modified":"2021-07-17T21:32:38","modified_gmt":"2021-07-17T19:32:38","slug":"intencje-mszalne-19-07-25-07-2021","status":"publish","type":"post","link":"https:\/\/mbsniezna.rzeszow.pl\/index.php\/2021\/07\/17\/intencje-mszalne-19-07-25-07-2021\/","title":{"rendered":"Intencje Mszalne\u00a0 19.07\u2013 25.07.2021"},"content":{"rendered":"<p>&nbsp;<\/p>\n<p>Poniedzia\u0142ek<span class=\"Apple-converted-space\">&nbsp; <\/span>19.07<\/p>\n<table cellspacing=\"0\" cellpadding=\"0\">\n<tbody>\n<tr>\n<td valign=\"middle\">7.00<\/td>\n<td valign=\"top\">1. +Edward Myrda 19<\/p>\n<p>2. +Maria Kalandyk od bratanka Marcina<\/p>\n<p>3. +Stefania Michalska od wnuczki Agnieszki z rodzin\u0105 \u2013 zako\u0144czenie mszy pogrzebowych<\/td>\n<\/tr>\n<tr>\n<td valign=\"middle\">18.00<\/td>\n<td valign=\"top\">1.<span class=\"Apple-converted-space\">&nbsp; <\/span>++ Jan, Katarzyna Kawa; Dorota R\u00f3g<\/p>\n<p>2. Dzi\u0119kczynna, o Bo\u017ce b\u0142ogos\u0142awie\u0144stwo dla Alicji i Andrzeja w 35 rocznic\u0119 \u015blubu<\/p>\n<p><b><span class=\"Apple-converted-space\">&nbsp;<\/span>*+W\u0142adys\u0142aw Go\u015b 15<span class=\"Apple-converted-space\">&nbsp; <\/span>&#8211; Tarnoszyna; +Tomasz Matu\u0142a 15- Barlinek; +Dorota Matu\u0142a od Marii i W\u0142odzimierza Fic \u2013 x. Damian<span class=\"Apple-converted-space\">&nbsp;<\/span><\/b><\/td>\n<\/tr>\n<\/tbody>\n<\/table>\n<p>Wtorek: 20.07<\/p>\n<table cellspacing=\"0\" cellpadding=\"0\">\n<tbody>\n<tr>\n<td valign=\"middle\">7.00<\/td>\n<td valign=\"top\">\n<ol>\n<li>+Edward Myrda 20<\/li>\n<li>+S\u0142awomir W\u00f3jcik od Beaty i Mariusza Rejzer \u2013 zako\u0144czenie mszy pogrzebowych<\/li>\n<li>+Janusz Jamrozik od chrze\u015bnicy Eweliny<\/li>\n<\/ol>\n<\/td>\n<\/tr>\n<tr>\n<td valign=\"middle\">18.00<\/td>\n<td valign=\"top\">1. ++Helena, Micha\u0142, Rafa\u0142 Mendo\u0144<\/p>\n<p>2. ++ Zofia, Ludwik Kubicki, Mieczys\u0142aw Trojan<span class=\"Apple-converted-space\">&nbsp;<\/span><\/p>\n<p><b>*+W\u0142adys\u0142aw Go\u015b 16 &#8211; Tarnoszyna; +Tomasz Matu\u0142a 16 &#8211; Barlinek; +Dorota Matu\u0142a od Bo\u017ceny i Stanis\u0142awa Pr\u0119dkich \u2013 x. Damian<span class=\"Apple-converted-space\">&nbsp;<\/span><\/b><\/td>\n<\/tr>\n<\/tbody>\n<\/table>\n<p>\u015aroda: 21.07<\/p>\n<table cellspacing=\"0\" cellpadding=\"0\">\n<tbody>\n<tr>\n<td valign=\"middle\">7.00<\/td>\n<td valign=\"top\">1. +Edward Myrda 21<\/p>\n<p>2. +Maria Kalandyk od chrzestnego Wojciecha z rodzin\u0105<\/p>\n<p>3. +J\u00f3zef Grzebyk od siostry \u0141ucji z m\u0119\u017cem<span class=\"Apple-converted-space\">&nbsp;<\/span><\/td>\n<\/tr>\n<tr>\n<td valign=\"middle\">18.00<\/td>\n<td valign=\"top\">1. ++ Aniela, W\u0142adys\u0142aw, zmarli s\u0105siedzi<\/p>\n<p><b>*+W\u0142adys\u0142aw Go\u015b 17<span class=\"Apple-converted-space\">&nbsp; <\/span>&#8211; Tarnoszyna; +Tomasz Matu\u0142a 17 &#8211; Barlinek; +Dorota Matu\u0142a od W\u0142adys\u0142awy i Stanis\u0142awa Matu\u0142a \u2013 x. Damian<span class=\"Apple-converted-space\">&nbsp;<\/span><\/b><\/td>\n<\/tr>\n<\/tbody>\n<\/table>\n<p>Czwartek: 22.07<\/p>\n<table cellspacing=\"0\" cellpadding=\"0\">\n<tbody>\n<tr>\n<td valign=\"middle\">7.00<\/td>\n<td valign=\"top\">1. +Edward Myrda 22<\/p>\n<p>2. +Janusz Jamrozik od Tomasza Jamrozik z rodzin\u0105<\/p>\n<p>3.<span class=\"Apple-converted-space\">&nbsp; <\/span>+Dorota Matu\u0142a od Danuty i Mariana Pr\u0119dkich<span class=\"Apple-converted-space\">&nbsp;<\/span><\/td>\n<\/tr>\n<tr>\n<td valign=\"middle\">18.00<\/td>\n<td valign=\"top\">1. ++ Emil, Zbigniew, Magdalena<\/p>\n<p>2. +J\u00f3zef Grzebyk od chrzestnej Renaty z rodzin\u0105<span class=\"Apple-converted-space\">&nbsp;<\/span><\/p>\n<p><b>*+W\u0142adys\u0142aw Go\u015b 18 &#8211; Tarnoszyna; +Tomasz Matu\u0142a 18 &#8211; Barlinek; +Dorota Matu\u0142a od Danuty i Mariana Pr\u0119dkich \u2013 x. Damian<span class=\"Apple-converted-space\">&nbsp;<\/span><\/b><\/td>\n<\/tr>\n<\/tbody>\n<\/table>\n<p>Pi\u0105tek<span class=\"Apple-converted-space\">&nbsp; <\/span>23.07<\/p>\n<table cellspacing=\"0\" cellpadding=\"0\">\n<tbody>\n<tr>\n<td valign=\"middle\">7.00<\/td>\n<td valign=\"top\">\n<ol>\n<li>+Edward Myrda 23<\/li>\n<li>+J\u00f3zef Grzebyk od Tadeusza Materny z rodzin\u0105<span class=\"Apple-converted-space\">&nbsp;<\/span><\/li>\n<li>+Janusz Jamrozik od matki chrzestnej Danuty \u015ali\u017c<\/li>\n<li>+Dorota Matu\u0142a od Alicji i Jana Pr\u0119dkich<span class=\"Apple-converted-space\">&nbsp;<\/span><\/li>\n<\/ol>\n<\/td>\n<\/tr>\n<tr>\n<td valign=\"middle\">18.00<\/td>\n<td valign=\"top\">1.<span class=\"Apple-converted-space\">&nbsp; <\/span>O Bo\u017ce b\u0142ogos\u0142awie\u0144stwo i opiek\u0119 MB \u015anie\u017cnej dla Beaty i Bogdana w 10 rocznic\u0119 \u015blubu<\/p>\n<p>2. ++ Albina, Henryk, Leszek Weron<\/p>\n<p>3. +Maria Kalandyk od brata Tadeusza z \u017con\u0105<\/p>\n<p><b>*+W\u0142adys\u0142aw Go\u015b 19 &#8211; Tarnoszyna; +Tomasz Matu\u0142a 19 &#8211; Barlinek;<span class=\"Apple-converted-space\">&nbsp;<\/span><\/b><\/td>\n<\/tr>\n<\/tbody>\n<\/table>\n<p>Sobota 24.07<\/p>\n<table cellspacing=\"0\" cellpadding=\"0\">\n<tbody>\n<tr>\n<td valign=\"middle\">7.00<\/td>\n<td valign=\"top\">1. +Edward Myrda 24<\/p>\n<p>2. ++Stefania, Jan, Maria, Tomasz Pa\u015bko<span class=\"Apple-converted-space\">&nbsp;<\/span><\/td>\n<\/tr>\n<tr>\n<td valign=\"middle\">18.00<\/td>\n<td valign=\"top\">1. ++ Anna, Edward Mazur<\/p>\n<p>2. +Teresa Muc 2 rocznica \u015bmierci<span class=\"Apple-converted-space\">&nbsp;<\/span><\/p>\n<p><b>*+W\u0142adys\u0142aw Go\u015b 20 &#8211; Tarnoszyna; +Tomasz Matu\u0142a 20- Barlinek;<\/b><\/td>\n<\/tr>\n<\/tbody>\n<\/table>\n<p>NIEDZIELA 25.07<\/p>\n<table cellspacing=\"0\" cellpadding=\"0\">\n<tbody>\n<tr>\n<td valign=\"middle\">7.00<\/td>\n<td valign=\"top\">1. O Bo\u017ce b\u0142ogos\u0142awie\u0144stwo dla braci r\u00f3\u017ca\u0144cowych z r\u00f3\u017cy Eugeniusza Nitki, o \u017cycie wieczne dla zmar\u0142ych<span class=\"Apple-converted-space\">&nbsp;<\/span><\/td>\n<\/tr>\n<tr>\n<td valign=\"middle\">9.00<\/td>\n<td valign=\"top\">1. + Stefan Rzeszutko<\/p>\n<p>2. Dzi\u0119kczynna o Bo\u017ce b\u0142ogos\u0142awie\u0144stwo dla Barbary i Mariusza Kruczek w 40 rocznic\u0119 \u015blubu<span class=\"Apple-converted-space\">&nbsp;<\/span><\/td>\n<\/tr>\n<tr>\n<td valign=\"middle\">10.30<\/td>\n<td valign=\"top\">1. +Edward Myrda 25<\/p>\n<p><b>*+W\u0142adys\u0142aw Go\u015b 21 &#8211; Tarnoszyna; +Tomasz Matu\u0142a 21 &#8211; Barlinek;<\/b><\/td>\n<\/tr>\n<tr>\n<td valign=\"middle\">12.00<\/td>\n<td valign=\"top\">1. Za parafian \u017cywych i zmar\u0142ych<\/td>\n<\/tr>\n<tr>\n<td valign=\"middle\">16.00<\/td>\n<td valign=\"top\">1. O Bo\u017ce b\u0142ogos\u0142awie\u0144stwo dla Szymona w 18 urodziny<span class=\"Apple-converted-space\">&nbsp;<\/span><\/td>\n<\/tr>\n<tr>\n<td valign=\"middle\">18.00<\/td>\n<td valign=\"top\">1. ++ Janusz, Stanis\u0142aw Kotula<span class=\"Apple-converted-space\">&nbsp;<\/span><\/td>\n<\/tr>\n<\/tbody>\n<\/table>\n","protected":false},"excerpt":{"rendered":"<p>&#8230;<\/p>\n","protected":false},"author":1,"featured_media":6418,"comment_status":"closed","ping_status":"open","sticky":false,"template":"","format":"standard","meta":{"ngg_post_thumbnail":0,"footnotes":""},"categories":[4,25,13],"tags":[],"class_list":["post-8098","post","type-post","status-publish","format-standard","has-post-thumbnail","hentry","category-intencje","category-news","category-newsy"],"_links":{"self":[{"href":"https:\/\/mbsniezna.rzeszow.pl\/index.php\/wp-json\/wp\/v2\/posts\/8098","targetHints":{"allow":["GET"]}}],"collection":[{"href":"https:\/\/mbsniezna.rzeszow.pl\/index.php\/wp-json\/wp\/v2\/posts"}],"about":[{"href":"https:\/\/mbsniezna.rzeszow.pl\/index.php\/wp-json\/wp\/v2\/types\/post"}],"author":[{"embeddable":true,"href":"https:\/\/mbsniezna.rzeszow.pl\/index.php\/wp-json\/wp\/v2\/users\/1"}],"replies":[{"embeddable":true,"href":"https:\/\/mbsniezna.rzeszow.pl\/index.php\/wp-json\/wp\/v2\/comments?post=8098"}],"version-history":[{"count":1,"href":"https:\/\/mbsniezna.rzeszow.pl\/index.php\/wp-json\/wp\/v2\/posts\/8098\/revisions"}],"predecessor-version":[{"id":8099,"href":"https:\/\/mbsniezna.rzeszow.pl\/index.php\/wp-json\/wp\/v2\/posts\/8098\/revisions\/8099"}],"wp:featuredmedia":[{"embeddable":true,"href":"https:\/\/mbsniezna.rzeszow.pl\/index.php\/wp-json\/wp\/v2\/media\/6418"}],"wp:attachment":[{"href":"https:\/\/mbsniezna.rzeszow.pl\/index.php\/wp-json\/wp\/v2\/media?parent=8098"}],"wp:term":[{"taxonomy":"category","embeddable":true,"href":"https:\/\/mbsniezna.rzeszow.pl\/index.php\/wp-json\/wp\/v2\/categories?post=8098"},{"taxonomy":"post_tag","embeddable":true,"href":"https:\/\/mbsniezna.rzeszow.pl\/index.php\/wp-json\/wp\/v2\/tags?post=8098"}],"curies":[{"name":"wp","href":"https:\/\/api.w.org\/{rel}","templated":true}]}}