{"id":8101,"date":"2021-07-24T22:27:33","date_gmt":"2021-07-24T20:27:33","guid":{"rendered":"https:\/\/mbsniezna.rzeszow.pl\/?p=8101"},"modified":"2021-07-24T22:27:33","modified_gmt":"2021-07-24T20:27:33","slug":"intencje-mszalne-26-07-1-08-2021-r","status":"publish","type":"post","link":"https:\/\/mbsniezna.rzeszow.pl\/index.php\/2021\/07\/24\/intencje-mszalne-26-07-1-08-2021-r\/","title":{"rendered":"Intencje mszalne \u00a026.07\u2013 1.08.2021 r."},"content":{"rendered":"<p><strong>Poniedzia\u0142ek 26.07.<\/strong><br \/>\n<strong>7.00<\/strong><br \/>\n1. +Jan i Janina Szajna<br \/>\n2. +Zdzis\u0142aw Baran od s\u0105siadki G\u0142odowskiej z dzie\u0107mi<br \/>\n3. +J\u00f3zef Grzebyk od Teresy i Janusza &nbsp;Mita\u0142<br \/>\n<strong>18.00<\/strong><br \/>\n1. +Edward Myrda (26)<br \/>\n2. +Maria, Edward Kud<br \/>\n*+W\u0142adys\u0142aw Go\u015b (22) Tarnoszyn; +Tomasz Matu\u0142a (22) Barlinek<\/p>\n<p><strong>Wtorek 27.07<\/strong><br \/>\n<strong>7.00<\/strong><br \/>\n1. Dzi\u0119kczynna za zdane egzaminy z pro\u015bb\u0105 o dalsze b\u0142ogos\u0142awie\u0144stwo<br \/>\n2. +Maria Kalandyk od bratanicy Aleksandry<br \/>\n<strong>18.00<\/strong><br \/>\n1. +Edward Myrda (27)<br \/>\n2. +Julia (20 rocz.), +J\u00f3zef Chmiel<br \/>\n*+W\u0142adys\u0142aw Go\u015b (23) Tarnoszyn; +Tomasz Matu\u0142a (23) Barlinek<\/p>\n<p><strong>\u015aroda 28.07<\/strong><br \/>\n<strong>7.00<\/strong><br \/>\n1. +Maria Kalandyk od bratanicy Agaty z rodzin\u0105<br \/>\n2. +J\u00f3zef Grzebyk od Paw\u0142a i Marcina Mita\u0142 z rodzin\u0105<br \/>\n3. +Zdzis\u0142aw Baran od kuzyna Antoniego Stachurskiego<br \/>\n<strong>18.00<\/strong><br \/>\n1. +Edward Myrda (28)<br \/>\n2. +Janusz Jamrozik od brata Zbigniewa z rodz. \u2013 zako\u0144czenie Mszy pogrzebowych<br \/>\n*+W\u0142adys\u0142aw Go\u015b (24) Tarnoszyn; +Tomasz Matu\u0142a (24) Barlinek<\/p>\n<p><strong>Czwartek 29.07<\/strong><br \/>\n<strong>7.00<br \/>\n<\/strong> 1. +Emil Ko\u015bci\u00f3\u0142ek (14 rocz.)<br \/>\n2. +Stanis\u0142awa Wac\u0142awek od Gra\u017cyny Gliwa<br \/>\n3. +J\u00f3zef Grzebyk od Ma\u0142gorzaty Fornal z rodzin\u0105<br \/>\n<strong>18.00<\/strong><br \/>\n1. +Edward Myrda (29)<br \/>\n2. +Maria Kalandyk od brata z rodzina w 1 rocz.<br \/>\n*+W\u0142adys\u0142aw Go\u015b (25) Tarnoszyn, +Tomasz Matu\u0142a (25) Barlinek<\/p>\n<p><strong>Pi\u0105tek 30.07<\/strong><br \/>\n<strong>7.00<br \/>\n<\/strong> 1. +Micha\u0142, Maria Lasota<br \/>\n2. +Zdzis\u0142aw Baran od siostrzenic Wioletty i Marty z rodzin\u0105<br \/>\n3. +Stanis\u0142awa Wac\u0142awek od s\u0105siad\u00f3w Pr\u0119dkich<br \/>\n<strong>18.00<\/strong><br \/>\n1. +Edward Myrda (30) \u2013 zako\u0144czenie Mszy gregoria\u0144skich<br \/>\n2. +Dorota Matu\u0142a od Katarzyny i Paw\u0142a Pa\u015bkiewicz<br \/>\n*+W\u0142adys\u0142aw Go\u015b (26) Tarnoszyn, +Tomasz Matu\u0142a (26) Barlinek<\/p>\n<p><strong>Sobota 31.07<\/strong><br \/>\n<strong>7.00<br \/>\n<\/strong> 1. +Anna Baran<br \/>\n2. +Jadwiga Dobek (2 rocz.), ++ z rodziny<br \/>\n3. + J\u00f3zef Grzebyk od Ma\u0142gorzaty i S\u0142awomira Mita\u0142 \u2013 zako\u0144czenie Mszy pogrzebowych<br \/>\n<strong>18.00<\/strong><br \/>\n1. Dzi\u0119kczynna i o Bo\u017ce b\u0142ogos\u0142awie\u0144stwo dla \u0141ucji Augustynek w 8 urodziny<br \/>\n2. +Stanis\u0142awa Wac\u0142awek od syna Paw\u0142a z zona Aleksandr\u0105<br \/>\n*+W\u0142adys\u0142aw Go\u015b (27) Tarnoszyn, +Tomasz Matu\u0142a (27) Barlinek<br \/>\n<strong><br \/>\nNIEDZIELA 1.08.<\/strong><br \/>\n<strong>7.00<\/strong><br \/>\n1. +Seweryna Pasierb (1)<br \/>\n<strong>9.00<br \/>\n<\/strong> 1. +J\u00f3zef Chotkowski (13 rocz.)<br \/>\n2. O Bo\u017ce b\u0142og. dla Kamili w 18 urodziny<br \/>\n<strong>10.30<br \/>\n<\/strong> 1. +Anna, Stanis\u0142aw Dudek<br \/>\n*+W\u0142adys\u0142aw Go\u015b (28) Tarnoszyn, +Tomasz Matu\u0142a (28) Barlinek<br \/>\n<strong>12.00<br \/>\n<\/strong> 1. Za parafian \u017cywych i zmar\u0142ych<br \/>\n<strong>16.00<\/strong><br \/>\n1. +Maria Kalandyk (1 rocz.) od brata z rodzin\u0105<br \/>\n<strong>18.00<\/strong><br \/>\n1. W intencji Ojczyzny \u2013 za rz\u0105dz\u0105cych i rodak\u00f3w<\/p>\n","protected":false},"excerpt":{"rendered":"<p>&#8230;<\/p>\n","protected":false},"author":1,"featured_media":7584,"comment_status":"closed","ping_status":"open","sticky":false,"template":"","format":"standard","meta":{"ngg_post_thumbnail":0,"footnotes":""},"categories":[4,25,13],"tags":[],"class_list":["post-8101","post","type-post","status-publish","format-standard","has-post-thumbnail","hentry","category-intencje","category-news","category-newsy"],"_links":{"self":[{"href":"https:\/\/mbsniezna.rzeszow.pl\/index.php\/wp-json\/wp\/v2\/posts\/8101","targetHints":{"allow":["GET"]}}],"collection":[{"href":"https:\/\/mbsniezna.rzeszow.pl\/index.php\/wp-json\/wp\/v2\/posts"}],"about":[{"href":"https:\/\/mbsniezna.rzeszow.pl\/index.php\/wp-json\/wp\/v2\/types\/post"}],"author":[{"embeddable":true,"href":"https:\/\/mbsniezna.rzeszow.pl\/index.php\/wp-json\/wp\/v2\/users\/1"}],"replies":[{"embeddable":true,"href":"https:\/\/mbsniezna.rzeszow.pl\/index.php\/wp-json\/wp\/v2\/comments?post=8101"}],"version-history":[{"count":1,"href":"https:\/\/mbsniezna.rzeszow.pl\/index.php\/wp-json\/wp\/v2\/posts\/8101\/revisions"}],"predecessor-version":[{"id":8102,"href":"https:\/\/mbsniezna.rzeszow.pl\/index.php\/wp-json\/wp\/v2\/posts\/8101\/revisions\/8102"}],"wp:featuredmedia":[{"embeddable":true,"href":"https:\/\/mbsniezna.rzeszow.pl\/index.php\/wp-json\/wp\/v2\/media\/7584"}],"wp:attachment":[{"href":"https:\/\/mbsniezna.rzeszow.pl\/index.php\/wp-json\/wp\/v2\/media?parent=8101"}],"wp:term":[{"taxonomy":"category","embeddable":true,"href":"https:\/\/mbsniezna.rzeszow.pl\/index.php\/wp-json\/wp\/v2\/categories?post=8101"},{"taxonomy":"post_tag","embeddable":true,"href":"https:\/\/mbsniezna.rzeszow.pl\/index.php\/wp-json\/wp\/v2\/tags?post=8101"}],"curies":[{"name":"wp","href":"https:\/\/api.w.org\/{rel}","templated":true}]}}