{"id":8253,"date":"2021-09-05T00:09:48","date_gmt":"2021-09-04T22:09:48","guid":{"rendered":"https:\/\/mbsniezna.rzeszow.pl\/?p=8253"},"modified":"2021-09-05T00:09:48","modified_gmt":"2021-09-04T22:09:48","slug":"xxiii-niedziela-zwykla-5-09-2021-r-ogloszenia","status":"publish","type":"post","link":"https:\/\/mbsniezna.rzeszow.pl\/index.php\/2021\/09\/05\/xxiii-niedziela-zwykla-5-09-2021-r-ogloszenia\/","title":{"rendered":"XXIII NIEDZIELA ZWYK\u0141A\u00a0 5.09.2021 r. -OG\u0141OSZENIA"},"content":{"rendered":"<p>&nbsp;<\/p>\n<ol>\n<li>Dzisiaj o 17.00 po\u015bwi\u0119cenie nowego krzy\u017ca przy ul. Jana Paw\u0142a II.<\/li>\n<\/ol>\n<ol start=\"2\">\n<li>W poniedzia\u0142ek o godz. 16.45 w ko\u015bciele spotkanie rodzic\u00f3w dzieci z Przedszkola Si\u00f3str.<\/li>\n<\/ol>\n<ol start=\"3\">\n<li>We wtorek nabo\u017ce\u0144stwo do \u015bw. Antoniego.<\/li>\n<\/ol>\n<ol start=\"4\">\n<li>We wtorek o 17.00 w ko\u015bciele spotkanie kandydat\u00f3w na ministrant\u00f3w. Zapraszamy ch\u0142opc\u00f3w po uko\u0144czeniu III klasy.<\/li>\n<\/ol>\n<ol start=\"5\">\n<li>We wtorek po Mszy wieczornej powakacyjne spotkanie ministrant\u00f3w i lektor\u00f3w.<\/li>\n<\/ol>\n<ol start=\"6\">\n<li>W \u015brod\u0119 \u015bwi\u0119to Narodzenia NMP \u2013 Matki Bo\u017cej Siewnej, na Mszy \u015bw. wieczornej po\u015bwi\u0119cenie ziarna siewnego. Po Mszy katecheza dla doros\u0142ych.<\/li>\n<\/ol>\n<ol start=\"7\">\n<li>W \u015brod\u0119 na nasz\u0105 parafi\u0119 wypada diecezjalna adoracja. Zapraszamy od 17.30.<\/li>\n<\/ol>\n<ol start=\"8\">\n<li>W czwartek od 17.15 adoracja i spowied\u017a.<span class=\"Apple-converted-space\">&nbsp;<\/span><\/li>\n<\/ol>\n<ol start=\"9\">\n<li>W czwartek po mszy \u015bw. spotkanie dla kandydat\u00f3w do bierzmowania uczni\u00f3w klas 8, kt\u00f3rzy s\u0105 z naszej parafii ale chodz\u0105 do innych szk\u00f3\u0142. Spotkanie b\u0119dzie w salce pod ko\u015bcio\u0142em. Przypominamy, \u017ce miejscem przygotowania do sakramentu bierzmowania jest parafia zamieszkania a nie parafia na kt\u00f3rej znajduje si\u0119 szko\u0142a, do kt\u00f3rej dziecko ucz\u0119szcza.&nbsp;<\/li>\n<\/ol>\n<ol start=\"10\">\n<li>W pi\u0105tek nabo\u017ce\u0144stwo do Bo\u017cego Mi\u0142osierdzia.<\/li>\n<\/ol>\n<ol start=\"11\">\n<li>W pi\u0105tek spotkania oazy: o 16.30 oaza m\u0142odsza, o 19.00 oaza starsza.<\/li>\n<\/ol>\n<ol start=\"12\">\n<li>W sobot\u0119 o 10.00 spotkanie scholii parafialnej.<\/li>\n<\/ol>\n<ol start=\"13\">\n<li>W przysz\u0142\u0105 niedziel\u0119 w uroczysto\u015b\u0107 Matki Bo\u017cej Rzeszowskiej. R\u00f3\u017caniec r\u00f3\u017ca Teresy Basiura.<\/li>\n<\/ol>\n<ol start=\"14\">\n<li>Parafie naszego dekanatu wspieraj\u0105 budow\u0119 ko\u015bcio\u0142a pw. b\u0142. ks. W\u0142adys\u0142awa Findysza na Osiedlu S\u0142ocina. W przysz\u0142\u0105 niedziel\u0119 przyb\u0119dzie do nas ks. W\u0142adys\u0142aw Srebrny, kt\u00f3ry wyg\u0142osi s\u0142owo Bo\u017ce, a po Mszach \u015bw. b\u0119dzie zbiera\u0142 ofiary przed ko\u015bcio\u0142em.<\/li>\n<\/ol>\n<ol start=\"15\">\n<li>Zapowiedzi: Dawid Antoszczyk \u2013 Katarzyna Wiatr (II).<\/li>\n<\/ol>\n<ol start=\"16\">\n<li>B\u00f3g zap\u0142a\u0107 za ofiary na sprz\u0105tanie ko\u015bcio\u0142a. B\u00f3g zap\u0142a\u0107 za ofiary na sprz\u0105tanie ko\u015bcio\u0142a. W tym tygodniu prosimy z ul. Pogodne Wzg\u00f3rze rodziny z numer\u00f3w: 1, 4, 6, 10, 16 i z ul. \u015aw. Agnieszki rodziny z numer\u00f3w: 2, 4, 6, 42.<\/li>\n<\/ol>\n<ol start=\"17\">\n<li>Dzisiaj po Mszach \u015bw. og\u00f3lnopolska zbi\u00f3rka do puszek na zorganizowanie przez Caritas pomocy uchod\u017acom a Afganistanu.<\/li>\n<\/ol>\n<ol start=\"18\">\n<li>Z wyprzedzeniem zapowiadamy, \u017ce<span class=\"Apple-converted-space\">&nbsp; <\/span>w poniedzia\u0142ek 13 wrze\u015bnia o 19.00 w ko\u015bciele b\u0119dzie spotkanie dla rodzic\u00f3w dzieci I-komunijnych. Zapraszamy.<\/li>\n<\/ol>\n<ol start=\"19\">\n<li>Na stoliczku jest nowy numer darmowej gazety \u201eDobre nowiny\u201d.<\/li>\n<\/ol>\n<ol start=\"20\">\n<li>W nowym roku formacyjnym, mamy trzy propozycje dla doros\u0142ych.<\/li>\n<\/ol>\n<p>*katecheza dla doros\u0142ych, to odpowied\u017a na pytania, w co i jak wierzymy?.&nbsp;<\/p>\n<p>*szko\u0142a duchowo\u015bci, czyli poznawanie tradycji, chrze\u015bcija\u0144skich duchowo\u015bci, szko\u0142a modlitwy i czytania Pisma \u015awi\u0119tego.&nbsp;<\/p>\n<p>*Ka\u017cdy trzeci poniedzia\u0142ek miesi\u0105ca &#8211; spotkanie modlitewne, po\u0142\u0105czone z katechez\u0105, dla rodzin w \u017ca\u0142obie. B\u0119d\u0105 to spotkania, w kt\u00f3rych b\u0119dziemy modli\u0107 si\u0119 za naszych zmar\u0142ych, katecheza za\u015b pomo\u017ce w prze\u017cywaniu trudnego czasu \u017ca\u0142oby.&nbsp;<\/p>\n<ol start=\"21\">\n<li>Rzeszowski Dom Kultury i Rada Osiedla Budziw\u00f3j zapraszaj\u0105 mieszka\u0144c\u00f3w na Piknik Rodzinny z Pota\u0144c\u00f3wk\u0105 w dniu dzisiejszym, kt\u00f3ry odb\u0119dzie si\u0119 na placu przy Domu Kultury Country ul. Herbowa. Rozpocz\u0119cie o godz.15.00 W programie gry, konkursy, warsztaty, animacje i urz\u0105dzenia rekreacyjna dla dzieci oraz pota\u0144c\u00f3wka dla doros\u0142ych. Wst\u0119p wolny.<\/li>\n<\/ol>\n","protected":false},"excerpt":{"rendered":"<p>&#8230;<\/p>\n","protected":false},"author":1,"featured_media":7584,"comment_status":"closed","ping_status":"open","sticky":false,"template":"","format":"standard","meta":{"ngg_post_thumbnail":0,"footnotes":""},"categories":[25,13,14],"tags":[],"class_list":["post-8253","post","type-post","status-publish","format-standard","has-post-thumbnail","hentry","category-news","category-newsy","category-ogloszenia_duszp"],"_links":{"self":[{"href":"https:\/\/mbsniezna.rzeszow.pl\/index.php\/wp-json\/wp\/v2\/posts\/8253","targetHints":{"allow":["GET"]}}],"collection":[{"href":"https:\/\/mbsniezna.rzeszow.pl\/index.php\/wp-json\/wp\/v2\/posts"}],"about":[{"href":"https:\/\/mbsniezna.rzeszow.pl\/index.php\/wp-json\/wp\/v2\/types\/post"}],"author":[{"embeddable":true,"href":"https:\/\/mbsniezna.rzeszow.pl\/index.php\/wp-json\/wp\/v2\/users\/1"}],"replies":[{"embeddable":true,"href":"https:\/\/mbsniezna.rzeszow.pl\/index.php\/wp-json\/wp\/v2\/comments?post=8253"}],"version-history":[{"count":1,"href":"https:\/\/mbsniezna.rzeszow.pl\/index.php\/wp-json\/wp\/v2\/posts\/8253\/revisions"}],"predecessor-version":[{"id":8254,"href":"https:\/\/mbsniezna.rzeszow.pl\/index.php\/wp-json\/wp\/v2\/posts\/8253\/revisions\/8254"}],"wp:featuredmedia":[{"embeddable":true,"href":"https:\/\/mbsniezna.rzeszow.pl\/index.php\/wp-json\/wp\/v2\/media\/7584"}],"wp:attachment":[{"href":"https:\/\/mbsniezna.rzeszow.pl\/index.php\/wp-json\/wp\/v2\/media?parent=8253"}],"wp:term":[{"taxonomy":"category","embeddable":true,"href":"https:\/\/mbsniezna.rzeszow.pl\/index.php\/wp-json\/wp\/v2\/categories?post=8253"},{"taxonomy":"post_tag","embeddable":true,"href":"https:\/\/mbsniezna.rzeszow.pl\/index.php\/wp-json\/wp\/v2\/tags?post=8253"}],"curies":[{"name":"wp","href":"https:\/\/api.w.org\/{rel}","templated":true}]}}