{"id":8283,"date":"2021-09-26T16:49:39","date_gmt":"2021-09-26T14:49:39","guid":{"rendered":"https:\/\/mbsniezna.rzeszow.pl\/?p=8283"},"modified":"2021-09-26T16:49:39","modified_gmt":"2021-09-26T14:49:39","slug":"xxvi-niedziela-zwykla-26-wrzesnia-2021-roku","status":"publish","type":"post","link":"https:\/\/mbsniezna.rzeszow.pl\/index.php\/2021\/09\/26\/xxvi-niedziela-zwykla-26-wrzesnia-2021-roku\/","title":{"rendered":"XXVI NIEDZIELA ZWYK\u0141A  26 WRZE\u015aNIA 2021 ROKU"},"content":{"rendered":"<p>&nbsp;<\/p>\n<ol>\n<li>W poniedzia\u0142ek \u015bw. Wincentego.<\/li>\n<\/ol>\n<ol start=\"2\">\n<li>We wtorek o 15.00 zapraszamy na Koronk\u0119 do Bo\u017cego Mi\u0142osierdzia przy krzy\u017cu misyjnym w ramach og\u00f3lno\u015bwiatowej modlitwy \u2013 koronka na ulicach \u015bwiata.<\/li>\n<\/ol>\n<ol start=\"3\">\n<li>We wtorek o 17.00 spotkanie kandydat\u00f3w na ministrant\u00f3w \u2013 ch\u0142opc\u00f3w po III klasie.<\/li>\n<\/ol>\n<ol start=\"4\">\n<li>We wtorek \u015bw. Wac\u0142awa; modli\u0107 si\u0119 b\u0119dziemy przy relikwiach \u015bw. Szarbela.<\/li>\n<\/ol>\n<ol start=\"5\">\n<li>We wtorek po Mszy spotkanie ministrant\u00f3w i lektor\u00f3w.<\/li>\n<\/ol>\n<ol start=\"6\">\n<li>W \u015brod\u0119 \u015bwi\u0119tych Archanio\u0142\u00f3w Micha\u0142a, Gabriela i Rafa\u0142a \u2013 Nowenna do Matki Bo\u017cej.<\/li>\n<\/ol>\n<ol start=\"7\">\n<li>W \u015brod\u0119 po Mszy \u015bw. szko\u0142a duchowo\u015bci chrze\u015bcija\u0144skiej.<\/li>\n<\/ol>\n<ol start=\"8\">\n<li>W czwartek \u015bw. Hieronima, od 17.15 adoracja i spowied\u017a \u2013 modlimy si\u0119 o powo\u0142ania.<\/li>\n<\/ol>\n<ol start=\"9\">\n<li>I pi\u0105tek miesi\u0105ca: spowied\u017a rano o 6.30, o 7.00 Msza \u015bw. z nabo\u017ce\u0144stwem do Bo\u017cego Serca, po po\u0142udniu spowied\u017a od 16.30 z Komuni\u0105 o 17.00 i 17.30.<\/li>\n<\/ol>\n<ol start=\"10\">\n<li>W pi\u0105tek rozpoczyna si\u0119 pa\u017adziernik \u2013 miesi\u0105c r\u00f3\u017ca\u0144cowy. Nabo\u017ce\u0144stwa r\u00f3\u017ca\u0144cowe w dni powszednie b\u0119d\u0105 po Mszy \u015bw. wieczornej, a w niedziel\u0119 o 15.30. Serdecznie zapraszamy.<\/li>\n<\/ol>\n<ol start=\"11\">\n<li>W pi\u0105tek spotkania oazy: o 16.30 oaza m\u0142odsza, o 19.00 oaza starsza.<\/li>\n<\/ol>\n<ol start=\"12\">\n<li>I sobota miesi\u0105ca, po Mszy wieczornej r\u00f3\u017caniec fatimski.<\/li>\n<\/ol>\n<ol start=\"13\">\n<li>I niedziela miesi\u0105ca: na ka\u017cdej Mszy aspersja, po prymarii zmiana tajemnic r\u00f3\u017ca\u0144cowych.<\/li>\n<\/ol>\n<ol start=\"14\">\n<li>Zapowiedzi: Wojciech W\u0105sik \u2013 Paulina Gajdek (III).<\/li>\n<\/ol>\n<ol start=\"15\">\n<li>W przysz\u0142\u0105 niedziel\u0119 o 15.00 r\u00f3\u017caniec miejski na trasie od Zamku do Bernardyn\u00f3w.<\/li>\n<\/ol>\n<ol start=\"16\">\n<li>Na pielgrzymk\u0119 do Cz\u0119stochowy nie ma ju\u017c wolnych miejsc.<\/li>\n<\/ol>\n<ol start=\"17\">\n<li>W sobot\u0119 9 pa\u017adziernika zapraszamy na wyjazd na Roztocze. W programie takie miejsca: Szczebrzeszyn, Zwierzyniec, Bukowa G\u00f3ra, J\u00f3zef\u00f3w \u2013 kamienio\u0142omy, Susiec \u2013 szumy nad<span class=\"Apple-converted-space\">&nbsp; <\/span>Tanwi\u0105, sanktuarium w Krasnobrodzie. Wyjazd o godz. 6.00. Koszt 140 z\u0142 \u2013 w cenie obiad. Zapisy od dzi\u015b w zakrystii. Wi\u0119cej szczeg\u00f3\u0142\u00f3w na plakacie na drzwiach i na parafialnym FB.<\/li>\n<\/ol>\n<ol start=\"18\">\n<li>B\u00f3g zap\u0142a\u0107 za sk\u0142adk\u0119 inwestycyjna z ubieg\u0142ej niedzieli \u2013 z\u0142o\u017cono 10&nbsp;800 z\u0142.<\/li>\n<\/ol>\n<ol start=\"19\">\n<li>B\u00f3g zap\u0142a\u0107 za ofiary na sprz\u0105tanie ko\u015bcio\u0142a. W tym tygodniu z ul. Strzelc\u00f3w prosimy rodziny z numer\u00f3w: 36\/6, 36\/7, 36\/8, 36\/9, 36\/10, 36\/11, 36\/12, 36\/13, 36\/14, 36\/16, 36\/17, 36\/18, 36\/19, 36\/20, 36\/21.<\/li>\n<\/ol>\n<ol start=\"20\">\n<li>Zach\u0119camy do g\u0142osowania na Rzeszowski Bud\u017cet Obywatelski. Od naszej aktywno\u015bci zale\u017cy czy na nasze Osiedle trafi\u0105 \u015brodki finansowe i czy powstan\u0105 jakie\u015b nowe inwestycje. W kategorii I g\u0142osujemy na punkt 8 \u2013 Budowa budynku klubu sportowego na stadionie KS Grunwald Budziw\u00f3j, w kategorii II g\u0142osujemy na punkt 44 \u2013 Utwardzenie po\u0142\u0105czenia \u015bcie\u017cki rowerowej \u2013 przed\u0142u\u017cenie ul. Piaskowej do ul. Kwiatkowskiego obok staw\u00f3w przy rzece Wis\u0142ok, w kategorii trzeciej g\u0142osujemy na punkt 65 \u2013 projekt: Pod\u0142\u0105cz si\u0119 pod kultur\u0119. G\u0142osujemy przez stron\u0119 internetow\u0105: rbo.erzeszow.pl. G\u0142osowanie trwa do 8 pa\u017adziernika. Szczeg\u00f3\u0142y na plakacie na drzwiach i na parafialnym FB.<\/li>\n<\/ol>\n<ol start=\"21\">\n<li>Jest nowy numer darmowej gazety \u201eDobre nowiny\u201d \u2013 zapraszamy do lektury.<\/li>\n<\/ol>\n","protected":false},"excerpt":{"rendered":"<p>&#8230;<\/p>\n","protected":false},"author":1,"featured_media":7294,"comment_status":"closed","ping_status":"open","sticky":false,"template":"","format":"standard","meta":{"ngg_post_thumbnail":0,"footnotes":""},"categories":[25,13,14],"tags":[],"class_list":["post-8283","post","type-post","status-publish","format-standard","has-post-thumbnail","hentry","category-news","category-newsy","category-ogloszenia_duszp"],"_links":{"self":[{"href":"https:\/\/mbsniezna.rzeszow.pl\/index.php\/wp-json\/wp\/v2\/posts\/8283","targetHints":{"allow":["GET"]}}],"collection":[{"href":"https:\/\/mbsniezna.rzeszow.pl\/index.php\/wp-json\/wp\/v2\/posts"}],"about":[{"href":"https:\/\/mbsniezna.rzeszow.pl\/index.php\/wp-json\/wp\/v2\/types\/post"}],"author":[{"embeddable":true,"href":"https:\/\/mbsniezna.rzeszow.pl\/index.php\/wp-json\/wp\/v2\/users\/1"}],"replies":[{"embeddable":true,"href":"https:\/\/mbsniezna.rzeszow.pl\/index.php\/wp-json\/wp\/v2\/comments?post=8283"}],"version-history":[{"count":1,"href":"https:\/\/mbsniezna.rzeszow.pl\/index.php\/wp-json\/wp\/v2\/posts\/8283\/revisions"}],"predecessor-version":[{"id":8284,"href":"https:\/\/mbsniezna.rzeszow.pl\/index.php\/wp-json\/wp\/v2\/posts\/8283\/revisions\/8284"}],"wp:featuredmedia":[{"embeddable":true,"href":"https:\/\/mbsniezna.rzeszow.pl\/index.php\/wp-json\/wp\/v2\/media\/7294"}],"wp:attachment":[{"href":"https:\/\/mbsniezna.rzeszow.pl\/index.php\/wp-json\/wp\/v2\/media?parent=8283"}],"wp:term":[{"taxonomy":"category","embeddable":true,"href":"https:\/\/mbsniezna.rzeszow.pl\/index.php\/wp-json\/wp\/v2\/categories?post=8283"},{"taxonomy":"post_tag","embeddable":true,"href":"https:\/\/mbsniezna.rzeszow.pl\/index.php\/wp-json\/wp\/v2\/tags?post=8283"}],"curies":[{"name":"wp","href":"https:\/\/api.w.org\/{rel}","templated":true}]}}