{"id":8285,"date":"2021-10-02T23:17:01","date_gmt":"2021-10-02T21:17:01","guid":{"rendered":"https:\/\/mbsniezna.rzeszow.pl\/?p=8285"},"modified":"2021-10-02T23:17:01","modified_gmt":"2021-10-02T21:17:01","slug":"intencje-mszalne-4-10-10-2021-r","status":"publish","type":"post","link":"https:\/\/mbsniezna.rzeszow.pl\/index.php\/2021\/10\/02\/intencje-mszalne-4-10-10-2021-r\/","title":{"rendered":"Intencje mszalne\u00a0 4\u2013 10.10.2021 r."},"content":{"rendered":"<p>&nbsp;<\/p>\n<p>Poniedzia\u0142ek 4.10<\/p>\n<table cellspacing=\"0\" cellpadding=\"0\">\n<tbody>\n<tr>\n<td valign=\"middle\">7.00<\/td>\n<td valign=\"top\">1. +Jadwiga Dobek (4)<\/td>\n<\/tr>\n<tr>\n<td valign=\"middle\">18.00<\/td>\n<td valign=\"top\">1. +Dariusz Wac\u0142awek (4)<\/p>\n<p>2. +Boles\u0142aw, Maria Kyc<\/p>\n<p>*W intencji Bogu wiadomej \u2013 ks. Micha\u0142 poza parafi\u0105<\/p>\n<p>*+Janina Kocur (22) Tarnoszyn<\/td>\n<\/tr>\n<\/tbody>\n<\/table>\n<p>Wtorek 5.10<\/p>\n<table cellspacing=\"0\" cellpadding=\"0\">\n<tbody>\n<tr>\n<td valign=\"middle\">7.00<\/td>\n<td valign=\"top\">1. +Damian Wac\u0142awek (5)<\/td>\n<\/tr>\n<tr>\n<td valign=\"middle\">18.00<\/td>\n<td valign=\"top\">1. +Jadwiga Dobek (5)<\/p>\n<p>2. +Maria, Cecylia Szczygie\u0142<\/p>\n<p>*+ W intencji Bogu wiadomej \u2013 ks. Micha\u0142 poza parafi\u0105<\/p>\n<p>*+Janina Kocur (23) Tarnoszyn<\/td>\n<\/tr>\n<\/tbody>\n<\/table>\n<p>\u015aroda 6.10<\/p>\n<table cellspacing=\"0\" cellpadding=\"0\">\n<tbody>\n<tr>\n<td valign=\"middle\">7.00<\/td>\n<td valign=\"top\">1. +Jadwiga Dobek (6)<\/p>\n<p>2. +Pawe\u0142 \u017burek<\/td>\n<\/tr>\n<tr>\n<td valign=\"middle\">18.00<\/td>\n<td valign=\"top\">1. +Dariusz Wac\u0142awek (6)<\/p>\n<p>2. +Boles\u0142aw Czarnik (50 rocz.)<\/p>\n<p>*+Dariusz Wac\u0142awek od rodz. Szeteli z Tyczyna \u2013 ks. Micha\u0142 poza parafi\u0105<\/p>\n<p>*+Janina Kocur (24) Tarnoszyn<\/td>\n<\/tr>\n<\/tbody>\n<\/table>\n<p>Czwartek 7.10<\/p>\n<table cellspacing=\"0\" cellpadding=\"0\">\n<tbody>\n<tr>\n<td valign=\"middle\">7.00<\/td>\n<td valign=\"top\">1. O zdrowie i b\u0142og. Bo\u017ce dla s. Lucyny<\/p>\n<p>2. +Dariusz Wac\u0142awek (7)<\/td>\n<\/tr>\n<tr>\n<td valign=\"middle\">18.00<\/td>\n<td valign=\"top\">1. +Jadwiga Dobek (7)<\/p>\n<p>2. +Wies\u0142aw Materna (7 rocz.)<\/p>\n<p>*+Dariusz Wac\u0142awek od Edwarda Boczar z rodzin\u0105 \u2013 ks. Micha\u0142 poza parafi\u0105<\/p>\n<p>*+Janina Kocur (25) Tarnoszyn<\/td>\n<\/tr>\n<\/tbody>\n<\/table>\n<p>Pi\u0105tek 8.10<\/p>\n<table cellspacing=\"0\" cellpadding=\"0\">\n<tbody>\n<tr>\n<td valign=\"middle\">7.00<\/td>\n<td valign=\"top\">1. +Wiktoria, J\u00f3zef Rak<\/p>\n<p>2. +Seweryna Pasierb od rodz. Pa\u015bkiewicz<\/td>\n<\/tr>\n<tr>\n<td valign=\"middle\">18.00<\/td>\n<td valign=\"top\">1. +Jadwiga Dobek (8)<\/p>\n<p>2. +Dariusz Wac\u0142awek (8)<\/p>\n<p>3. +Stanis\u0142aw Gliwa (20 rocz.)<\/p>\n<p>*+Janina Kocur (26) Tarnoszyn<\/td>\n<\/tr>\n<\/tbody>\n<\/table>\n<p>Sobota 9.10<\/p>\n<table cellspacing=\"0\" cellpadding=\"0\">\n<tbody>\n<tr>\n<td valign=\"middle\">7.00<\/td>\n<td valign=\"top\">1. O b\u0142og. Bo\u017ce dla Moniki w 40 urodziny i dla ca\u0142ej rodziny<\/p>\n<p>2. +Mieczys\u0142aw Fie\u0144<\/td>\n<\/tr>\n<tr>\n<td valign=\"middle\">18.00<\/td>\n<td valign=\"top\">1. +Jadwiga Dobek (9)<\/p>\n<p>2. +Czes\u0142awa Ziemniak (11 rocz.)<\/p>\n<p>*+Janina Kocur (27) Tarnoszyn; *+Dariusz Wac\u0142awek (9) \u2013 ks. Micha\u0142 poza parafi\u0105<\/td>\n<\/tr>\n<\/tbody>\n<\/table>\n<p>NIEDZIELA<span class=\"Apple-converted-space\">&nbsp; <\/span>3.10<\/p>\n<table cellspacing=\"0\" cellpadding=\"0\">\n<tbody>\n<tr>\n<td valign=\"middle\">7.00<\/td>\n<td valign=\"top\">1. O b\u0142og. Bo\u017ce dla si\u00f3str z r\u00f3\u017cy Alicji Szura<\/p>\n<p>2. +Dariusz Wac\u0142awek (10)<\/td>\n<\/tr>\n<tr>\n<td valign=\"middle\">9.00<\/p>\n<p>10.30<\/td>\n<td valign=\"top\">1. Dzi\u0119kczynna i o Bo\u017ce b\u0142og. dla Anastazji i Janusza w 30 rocznice \u015blubu<\/p>\n<p>1. O przebaczenie grzech\u00f3w, dzi\u0119kczynna i o b\u0142og. Bo\u017ce dla Katarzyny i Mariusza Augustynek w 12 rocz. \u015blubu<\/p>\n<p>2.+Jadwiga Dobek (3)<\/p>\n<p>*+Janina Kocur (28) Tarnoszyn<\/td>\n<\/tr>\n<tr>\n<td valign=\"middle\">12.00<\/td>\n<td valign=\"top\">1. Za parafian \u017cywych i zmar\u0142ych<\/td>\n<\/tr>\n<tr>\n<td valign=\"middle\">16.00<\/td>\n<td valign=\"top\">1. +Zofia Brzezi\u0144ska (35 rocz.)<\/td>\n<\/tr>\n<tr>\n<td valign=\"middle\">18.00<\/td>\n<td valign=\"top\">1. W intencji naszej Ojczyzny<\/td>\n<\/tr>\n<\/tbody>\n<\/table>\n","protected":false},"excerpt":{"rendered":"<p>&#8230;<\/p>\n","protected":false},"author":1,"featured_media":7666,"comment_status":"closed","ping_status":"open","sticky":false,"template":"","format":"standard","meta":{"ngg_post_thumbnail":0,"footnotes":""},"categories":[4,25,13],"tags":[],"class_list":["post-8285","post","type-post","status-publish","format-standard","has-post-thumbnail","hentry","category-intencje","category-news","category-newsy"],"_links":{"self":[{"href":"https:\/\/mbsniezna.rzeszow.pl\/index.php\/wp-json\/wp\/v2\/posts\/8285","targetHints":{"allow":["GET"]}}],"collection":[{"href":"https:\/\/mbsniezna.rzeszow.pl\/index.php\/wp-json\/wp\/v2\/posts"}],"about":[{"href":"https:\/\/mbsniezna.rzeszow.pl\/index.php\/wp-json\/wp\/v2\/types\/post"}],"author":[{"embeddable":true,"href":"https:\/\/mbsniezna.rzeszow.pl\/index.php\/wp-json\/wp\/v2\/users\/1"}],"replies":[{"embeddable":true,"href":"https:\/\/mbsniezna.rzeszow.pl\/index.php\/wp-json\/wp\/v2\/comments?post=8285"}],"version-history":[{"count":1,"href":"https:\/\/mbsniezna.rzeszow.pl\/index.php\/wp-json\/wp\/v2\/posts\/8285\/revisions"}],"predecessor-version":[{"id":8286,"href":"https:\/\/mbsniezna.rzeszow.pl\/index.php\/wp-json\/wp\/v2\/posts\/8285\/revisions\/8286"}],"wp:featuredmedia":[{"embeddable":true,"href":"https:\/\/mbsniezna.rzeszow.pl\/index.php\/wp-json\/wp\/v2\/media\/7666"}],"wp:attachment":[{"href":"https:\/\/mbsniezna.rzeszow.pl\/index.php\/wp-json\/wp\/v2\/media?parent=8285"}],"wp:term":[{"taxonomy":"category","embeddable":true,"href":"https:\/\/mbsniezna.rzeszow.pl\/index.php\/wp-json\/wp\/v2\/categories?post=8285"},{"taxonomy":"post_tag","embeddable":true,"href":"https:\/\/mbsniezna.rzeszow.pl\/index.php\/wp-json\/wp\/v2\/tags?post=8285"}],"curies":[{"name":"wp","href":"https:\/\/api.w.org\/{rel}","templated":true}]}}