{"id":8290,"date":"2021-10-09T23:36:20","date_gmt":"2021-10-09T21:36:20","guid":{"rendered":"https:\/\/mbsniezna.rzeszow.pl\/?p=8290"},"modified":"2021-10-09T23:36:20","modified_gmt":"2021-10-09T21:36:20","slug":"intencje-mszalne-11-17-10-2021-r","status":"publish","type":"post","link":"https:\/\/mbsniezna.rzeszow.pl\/index.php\/2021\/10\/09\/intencje-mszalne-11-17-10-2021-r\/","title":{"rendered":"Intencje mszalne 11\u2013 17.10.2021 r."},"content":{"rendered":"<p>&nbsp;<\/p>\n<p>Poniedzia\u0142ek 11.10<\/p>\n<table cellspacing=\"0\" cellpadding=\"0\">\n<tbody>\n<tr>\n<td valign=\"middle\">7.00<\/td>\n<td valign=\"top\">1. +Jadwiga Dobek (11)<\/p>\n<p>2. +Stanis\u0142awa Pa\u015bko \u2013 7 dzie\u0144 po \u015bmierci<\/p>\n<p>3. +Stanis\u0142aw Kozik od rodziny Szostek i Pot\u0119ckich<\/td>\n<\/tr>\n<tr>\n<td valign=\"middle\">18.00<\/td>\n<td valign=\"top\">1. +Dariusz Wac\u0142awek (11)<\/p>\n<p>2. +Tadeusz, Anna Domino<\/p>\n<p>3. +Krystyna Mi\u0142ek od rodziny Szur\u00f3w<\/p>\n<p>*+Janina Kocur (29) Tarnoszyn<\/td>\n<\/tr>\n<\/tbody>\n<\/table>\n<p>Wtorek 12.10<\/p>\n<table cellspacing=\"0\" cellpadding=\"0\">\n<tbody>\n<tr>\n<td valign=\"middle\">7.00<\/td>\n<td valign=\"top\">1. +Jadwiga Dobek (12)<\/p>\n<p>2. +Stanis\u0142aw Kozik od Moniki i Romana Mazur z rodzin\u0105<\/p>\n<p>3. +Stanis\u0142awa Wac\u0142awek od s\u0105siad\u00f3w Iwony i Bogdana Loch<\/p>\n<p>4. +Jerzy Ro\u017ckiewicz od rodzic\u00f3w<\/td>\n<\/tr>\n<tr>\n<td valign=\"middle\">18.00<\/td>\n<td valign=\"top\">1. +Dariusz Wac\u0142awek (12)<\/p>\n<p>2. +Krzysztof Wojtachnia (8 rocz.) od c\u00f3rki Jeniffer<\/p>\n<p>3. +Zbigniew Mierzwa od Rafa\u0142a i Anety Oczo\u015b<\/p>\n<p>4. +J\u00f3zefa Borowiec od c\u00f3rki Ani z synem i synow\u0105<\/p>\n<p>5. O b\u0142og. Bo\u017ce i zdrowie dla si\u00f3str z r\u00f3\u017cy Teresy Basiura<\/p>\n<p>*+Janina Kocur (30) Tarnoszyn<\/td>\n<\/tr>\n<\/tbody>\n<\/table>\n<p>\u015aroda 13.10<\/p>\n<table cellspacing=\"0\" cellpadding=\"0\">\n<tbody>\n<tr>\n<td valign=\"middle\">7.00<\/td>\n<td valign=\"top\">1. +Jadwiga Dobek (13)<\/p>\n<p>2.<span class=\"Apple-converted-space\">&nbsp; <\/span>+Stanis\u0142awa Wac\u0142awek od Katarzyny i Wac\u0142awa B\u0142o\u0144skich<\/p>\n<p>3. +Stanis\u0142aw Kozik od syna S\u0142awka z rodzin\u0105<\/p>\n<p>4. +Adam G\u0142odowski od kuzynek Danuty, Zofii, Alicji<\/td>\n<\/tr>\n<tr>\n<td valign=\"middle\">18.00<\/td>\n<td valign=\"top\">1. +Dariusz Wac\u0142awek (13)<\/p>\n<p>2. +Edward, Anna Mazur<\/p>\n<p>3. +Alfred Pr\u0119dki (35 rocz.)<\/p>\n<p>4. +Zbigniew Mierzwa od Karoliny Ho\u0142\u00f3wko<\/p>\n<p>5. Dzi\u0119kczynna za \u017cycie Izabeli i o b\u0142og. Bo\u017ce dla rodzic\u00f3w od dziadk\u00f3w<\/td>\n<\/tr>\n<\/tbody>\n<\/table>\n<p>Czwartek 14.10<\/p>\n<table cellspacing=\"0\" cellpadding=\"0\">\n<tbody>\n<tr>\n<td valign=\"middle\">7.00<\/td>\n<td valign=\"top\">1. +Jadwiga Dobek (14)<\/p>\n<p>2. +Zofia Pr\u0119dka, Alfred Lasota<\/p>\n<p>3. +Seweryna Pasierb od siostry Alicji z m\u0119\u017cem<\/p>\n<p>4. +Dariusz Wac\u0142awek (14)<\/td>\n<\/tr>\n<tr>\n<td valign=\"middle\">18.00<\/td>\n<td valign=\"top\">1. +Marian Drewniak<\/p>\n<p>2. +Wojciech Korbecki od rodziny Grodeckich<\/p>\n<p>3. +Jerzy Ro\u017ckiewicz od \u017cony i syna Sebastiana<\/p>\n<p>4. +J\u00f3zefa Borowiec od syna Jana z rodzin\u0105<\/p>\n<p>5. +Adam G\u0142odowski od brata z rodzin\u0105<\/td>\n<\/tr>\n<\/tbody>\n<\/table>\n<p>Pi\u0105tek 15.10<\/p>\n<table cellspacing=\"0\" cellpadding=\"0\">\n<tbody>\n<tr>\n<td valign=\"middle\">7.00<\/td>\n<td valign=\"top\">1. O b\u0142og. Bo\u017ce dla s. Teresy w dniu imienin<\/p>\n<p>2. +Jadwiga Dobek (15)<\/p>\n<p>3. +Gabriel w dniu 7 urodzin<\/p>\n<p>4. +Seweryna Pasierb od syna Jacka z Renat\u0105<\/td>\n<\/tr>\n<tr>\n<td valign=\"middle\">18.00<\/td>\n<td valign=\"top\">1. +Dariusz Wac\u0142awek (15)<\/p>\n<p>2. +Irena Blicharz w dniu urodzin<\/p>\n<p>3. +Zbigniew Mierzwa od siostry Zo\u015bki i A\u015bki<\/p>\n<p>4. Dzi\u0119kczynna za \u017cycie Izabeli i o b\u0142og. Bo\u017ce dla rodzic\u00f3w od matki chrzestnej<\/td>\n<\/tr>\n<\/tbody>\n<\/table>\n<p>Sobota 16.10<\/p>\n<table cellspacing=\"0\" cellpadding=\"0\">\n<tbody>\n<tr>\n<td valign=\"middle\">7.00<\/td>\n<td valign=\"top\">1. +Jadwiga Dobek (16)<\/p>\n<p>2. +Joanna, Roman Pa\u0142ka<\/td>\n<\/tr>\n<tr>\n<td valign=\"middle\">18.00<\/td>\n<td valign=\"top\">1. +Dariusz Wac\u0142awek (16)<\/p>\n<p>2. +Emilia, J\u00f3zef Ziemniak<\/p>\n<p>3. +Zbigniew Mierzwa od szwagierki Joli<\/p>\n<p>4. Dzi\u0119kczynna, o Bo\u017ce b\u0142ogos\u0142awie\u0144stwo i zdrowie dla Eugenii i J\u00f3zefa w 55-lecie \u015blubu<\/td>\n<\/tr>\n<\/tbody>\n<\/table>\n<p>NIEDZIELA<span class=\"Apple-converted-space\">&nbsp; <\/span>17.10<\/p>\n<table cellspacing=\"0\" cellpadding=\"0\">\n<tbody>\n<tr>\n<td valign=\"middle\">7.00<\/td>\n<td valign=\"top\">1. +Henryk Jakubiec (21 rocz.)<\/p>\n<p>2. +Dariusz Wac\u0142awek (17)<\/td>\n<\/tr>\n<tr>\n<td valign=\"middle\">9.00<\/p>\n<p>10.30<\/td>\n<td valign=\"top\">1. O b\u0142og. Bo\u017ce i opiek\u0119 Matki Bo\u017cej dla Anastazji i Janusza w 30-lecie \u015blubu<\/p>\n<p>2. +W\u0142adys\u0142aw, Czes\u0142awa Szwed<\/p>\n<p>1. W intencji s. Teresy<\/p>\n<p>2. +Jadwiga Dobek (17)<\/td>\n<\/tr>\n<tr>\n<td valign=\"middle\">12.00<\/td>\n<td valign=\"top\">1. Za parafian \u017cywych i zmar\u0142ych<\/td>\n<\/tr>\n<tr>\n<td valign=\"middle\">16.00<\/td>\n<td valign=\"top\">1. +Edward Domo\u0144 w 21 rocz. od rodziny<\/td>\n<\/tr>\n<tr>\n<td valign=\"middle\">18.00<\/td>\n<td valign=\"top\">1. +Bogdan Materna<\/td>\n<\/tr>\n<\/tbody>\n<\/table>\n","protected":false},"excerpt":{"rendered":"<p>&#8230;<\/p>\n","protected":false},"author":1,"featured_media":6998,"comment_status":"closed","ping_status":"open","sticky":false,"template":"","format":"standard","meta":{"ngg_post_thumbnail":0,"footnotes":""},"categories":[4,25,13],"tags":[],"class_list":["post-8290","post","type-post","status-publish","format-standard","has-post-thumbnail","hentry","category-intencje","category-news","category-newsy"],"_links":{"self":[{"href":"https:\/\/mbsniezna.rzeszow.pl\/index.php\/wp-json\/wp\/v2\/posts\/8290","targetHints":{"allow":["GET"]}}],"collection":[{"href":"https:\/\/mbsniezna.rzeszow.pl\/index.php\/wp-json\/wp\/v2\/posts"}],"about":[{"href":"https:\/\/mbsniezna.rzeszow.pl\/index.php\/wp-json\/wp\/v2\/types\/post"}],"author":[{"embeddable":true,"href":"https:\/\/mbsniezna.rzeszow.pl\/index.php\/wp-json\/wp\/v2\/users\/1"}],"replies":[{"embeddable":true,"href":"https:\/\/mbsniezna.rzeszow.pl\/index.php\/wp-json\/wp\/v2\/comments?post=8290"}],"version-history":[{"count":1,"href":"https:\/\/mbsniezna.rzeszow.pl\/index.php\/wp-json\/wp\/v2\/posts\/8290\/revisions"}],"predecessor-version":[{"id":8291,"href":"https:\/\/mbsniezna.rzeszow.pl\/index.php\/wp-json\/wp\/v2\/posts\/8290\/revisions\/8291"}],"wp:featuredmedia":[{"embeddable":true,"href":"https:\/\/mbsniezna.rzeszow.pl\/index.php\/wp-json\/wp\/v2\/media\/6998"}],"wp:attachment":[{"href":"https:\/\/mbsniezna.rzeszow.pl\/index.php\/wp-json\/wp\/v2\/media?parent=8290"}],"wp:term":[{"taxonomy":"category","embeddable":true,"href":"https:\/\/mbsniezna.rzeszow.pl\/index.php\/wp-json\/wp\/v2\/categories?post=8290"},{"taxonomy":"post_tag","embeddable":true,"href":"https:\/\/mbsniezna.rzeszow.pl\/index.php\/wp-json\/wp\/v2\/tags?post=8290"}],"curies":[{"name":"wp","href":"https:\/\/api.w.org\/{rel}","templated":true}]}}