{"id":8292,"date":"2021-10-09T23:36:54","date_gmt":"2021-10-09T21:36:54","guid":{"rendered":"https:\/\/mbsniezna.rzeszow.pl\/?p=8292"},"modified":"2021-10-09T23:36:54","modified_gmt":"2021-10-09T21:36:54","slug":"xxviii-niedziela-zwykla-10-pazdziernika-2021-roku","status":"publish","type":"post","link":"https:\/\/mbsniezna.rzeszow.pl\/index.php\/2021\/10\/09\/xxviii-niedziela-zwykla-10-pazdziernika-2021-roku\/","title":{"rendered":"XXVIII NIEDZIELA ZWYK\u0141A  10 PA\u0179DZIERNIKA\u00a0 2021 ROKU"},"content":{"rendered":"<p>&nbsp;<\/p>\n<ol>\n<li>Dzisiaj Dzie\u0144 Papieski. Po Mszach \u015bw. zbi\u00f3rka do puszek na Dzie\u0142o Nowego Tysi\u0105clecia \u2013 Fundusz wspierania zdolnej m\u0142odzie\u017cy. Dzi\u0119kujemy cz\u0142onkom Szkolnego Ko\u0142a Caritas za przeprowadzanie zbi\u00f3rki.<\/li>\n<\/ol>\n<ol start=\"2\">\n<li>Zapraszamy na nabo\u017ce\u0144stwa r\u00f3\u017ca\u0144cowe: w dni powszednie po Mszy wieczornej \u2013 w czwartek przed Msz\u0105 i w niedziele o 15.30.<\/li>\n<\/ol>\n<ol start=\"3\">\n<li>We wtorek<span class=\"Apple-converted-space\">&nbsp; <\/span>b\u0142. Carlo Acutisa \u2013 patrona dzieci i m\u0142odzie\u017cy, b\u0119dziemy si\u0119 modli\u0107 przy jego relikwiach.<\/li>\n<\/ol>\n<ol start=\"4\">\n<li>We wtorek o 19.00 spotkanie lektor\u00f3w i ministrant\u00f3w.<\/li>\n<\/ol>\n<ol start=\"5\">\n<li>W \u015brod\u0119 b\u0142. Honorata Ko\u017ami\u0144skiego. Po Mszy wieczornej szko\u0142a duchowo\u015bci \u2013 zapraszamy.<\/li>\n<\/ol>\n<ol start=\"6\">\n<li>W czwartek od 17.15 adoracja i mo\u017cliwo\u015b\u0107 spowiedzi.<\/li>\n<\/ol>\n<ol start=\"7\">\n<li>W czwartek o 19.00 spotkanie kandydat\u00f3w do bierzmowania z klas VIII grupa II \u2013 klasa VIIIc oraz uczniowie spoza naszej szko\u0142y.<\/li>\n<\/ol>\n<ol start=\"8\">\n<li>W czwartek Dzie\u0144 Edukacji Narodowej \u2013 z wdzi\u0119czno\u015bci\u0105 w modlitwie pami\u0119tajmy o \u017cywych i zmar\u0142ych naszych nauczycielach, wychowawcach i katechetach.<\/li>\n<\/ol>\n<ol start=\"9\">\n<li>W pi\u0105tek \u015bw. Teresy od Jezusa.<\/li>\n<\/ol>\n<ol start=\"10\">\n<li>W pi\u0105tek Dzie\u0144 Dziecka Utraconego. Na wsp\u00f3ln\u0105 modlitw\u0119 zapraszamy rodzic\u00f3w, kt\u00f3rzy utracili swoje dzieci przez samoczynne poronienie, martwy por\u00f3d czy te\u017c z powodu choroby i wypadku. Prosimy, aby w tym dniu nawiedzi\u0107 groby swoich dzieci.<\/li>\n<\/ol>\n<ol start=\"11\">\n<li>W pi\u0105tek spotkania oazy: o 16.30 oaza m\u0142odsza, o 19.00 oaza starsza.<\/li>\n<\/ol>\n<ol start=\"12\">\n<li>W sobot\u0119 \u015bw. Jadwigi \u015al\u0105skiej \u2013 43 rocznica wyboru Jana Paw\u0142a II.<\/li>\n<\/ol>\n<ol start=\"13\">\n<li>W sobot\u0119 o 16.30 Msza \u015bw. dla dzieci z klas III i ich rodzic\u00f3w w ramach przygotowania do I Komunii \u015bw. Dzieci otrzymaj\u0105 r\u00f3\u017ca\u0144ce.<\/li>\n<\/ol>\n<ol start=\"14\">\n<li>Przysz\u0142a niedziela jest III niedziel\u0105 miesi\u0105ca dlatego prosimy o sk\u0142adk\u0119 na cele inwestycyjne. R\u00f3\u017caniec r\u00f3\u017ca Alicji Szura.<\/li>\n<\/ol>\n<ol start=\"15\">\n<li>B\u00f3g zap\u0142a\u0107 za ofiary na sprz\u0105tanie ko\u015bcio\u0142a. W tym tygodniu z ul. Wakacyjnej prosimy rodziny z numer\u00f3w: 1, 3, 4, 5, 7, 9, 10, 11, 12, 13, 14, 15, 16, 17, 18, 20.<\/li>\n<\/ol>\n<ol start=\"16\">\n<li>Biuro Rozwoju Miasta Rzeszowa serdecznie zaprasza na spotkania otwarte dla mieszka\u0144c\u00f3w Rzeszowa pt. \u201ePorozmawiajmy o Studium\u201d. Spotkanie dla Osiedla Budziw\u00f3j b\u0119dzie 19 pa\u017adziernika br. w godzinach od 17.00 do19.00 w Sali Domu Kultury Country przy ul. Herbowej 3. Szczeg\u00f3\u0142owe informacje znajduj\u0105 si\u0119 na stronie internetowej Biura brmr.erzeszow.pl<\/li>\n<\/ol>\n","protected":false},"excerpt":{"rendered":"<p>&#8230;<\/p>\n","protected":false},"author":1,"featured_media":8276,"comment_status":"closed","ping_status":"open","sticky":false,"template":"","format":"standard","meta":{"ngg_post_thumbnail":0,"footnotes":""},"categories":[25,13,14],"tags":[],"class_list":["post-8292","post","type-post","status-publish","format-standard","has-post-thumbnail","hentry","category-news","category-newsy","category-ogloszenia_duszp"],"_links":{"self":[{"href":"https:\/\/mbsniezna.rzeszow.pl\/index.php\/wp-json\/wp\/v2\/posts\/8292","targetHints":{"allow":["GET"]}}],"collection":[{"href":"https:\/\/mbsniezna.rzeszow.pl\/index.php\/wp-json\/wp\/v2\/posts"}],"about":[{"href":"https:\/\/mbsniezna.rzeszow.pl\/index.php\/wp-json\/wp\/v2\/types\/post"}],"author":[{"embeddable":true,"href":"https:\/\/mbsniezna.rzeszow.pl\/index.php\/wp-json\/wp\/v2\/users\/1"}],"replies":[{"embeddable":true,"href":"https:\/\/mbsniezna.rzeszow.pl\/index.php\/wp-json\/wp\/v2\/comments?post=8292"}],"version-history":[{"count":1,"href":"https:\/\/mbsniezna.rzeszow.pl\/index.php\/wp-json\/wp\/v2\/posts\/8292\/revisions"}],"predecessor-version":[{"id":8293,"href":"https:\/\/mbsniezna.rzeszow.pl\/index.php\/wp-json\/wp\/v2\/posts\/8292\/revisions\/8293"}],"wp:featuredmedia":[{"embeddable":true,"href":"https:\/\/mbsniezna.rzeszow.pl\/index.php\/wp-json\/wp\/v2\/media\/8276"}],"wp:attachment":[{"href":"https:\/\/mbsniezna.rzeszow.pl\/index.php\/wp-json\/wp\/v2\/media?parent=8292"}],"wp:term":[{"taxonomy":"category","embeddable":true,"href":"https:\/\/mbsniezna.rzeszow.pl\/index.php\/wp-json\/wp\/v2\/categories?post=8292"},{"taxonomy":"post_tag","embeddable":true,"href":"https:\/\/mbsniezna.rzeszow.pl\/index.php\/wp-json\/wp\/v2\/tags?post=8292"}],"curies":[{"name":"wp","href":"https:\/\/api.w.org\/{rel}","templated":true}]}}