{"id":8355,"date":"2021-10-17T15:46:26","date_gmt":"2021-10-17T13:46:26","guid":{"rendered":"https:\/\/mbsniezna.rzeszow.pl\/?p=8355"},"modified":"2021-10-17T15:46:26","modified_gmt":"2021-10-17T13:46:26","slug":"intencje-mszalne-18-24-10-2021-r","status":"publish","type":"post","link":"https:\/\/mbsniezna.rzeszow.pl\/index.php\/2021\/10\/17\/intencje-mszalne-18-24-10-2021-r\/","title":{"rendered":"Intencje mszalne 18\u2013 24.10.2021 r."},"content":{"rendered":"<p>&nbsp;<\/p>\n<p>Poniedzia\u0142ek 18.10<\/p>\n<table cellspacing=\"0\" cellpadding=\"0\">\n<tbody>\n<tr>\n<td valign=\"middle\">7.00<\/td>\n<td valign=\"top\">1. +Dariusz Wac\u0142awek (18)<\/p>\n<p>2. +Jerzy Ro\u017ckiewicz od kuzynostwa z opolskiego<\/p>\n<p>3. +Seweryna Pasierb od rodziny G\u0142odowskich<\/td>\n<\/tr>\n<tr>\n<td valign=\"middle\">18.00<\/td>\n<td valign=\"top\">1. +Maciej Pa\u017adzior od \u017cony i c\u00f3rki (1 rocz.)<\/p>\n<p>2. +Jadwiga Dobek (18)<\/p>\n<p>3. O Bo\u017ce b\u0142og. i opiek\u0119 Matki Bo\u017cej dla Zofii w 86 urodziny<\/td>\n<\/tr>\n<\/tbody>\n<\/table>\n<p>Wtorek 19.10<\/p>\n<table cellspacing=\"0\" cellpadding=\"0\">\n<tbody>\n<tr>\n<td valign=\"middle\">7.00<\/td>\n<td valign=\"top\">1. +Dariusz Wac\u0142awek (19)<\/p>\n<p>2. +Jerzy Ro\u017ckiewicz od Alicji i Edwarda Myrda z Siedlisk<\/td>\n<\/tr>\n<tr>\n<td valign=\"middle\">18.00<\/td>\n<td valign=\"top\">1. O zdrowie i b\u0142og. Bo\u017ce dla Agaty i Jerzego Stachyrak<\/p>\n<p>2. +Jadwiga Dobek (19)<\/p>\n<p>3. +Mieczys\u0142aw, Anna Grzebyk; J\u00f3zef, Aniela Hadera<\/td>\n<\/tr>\n<\/tbody>\n<\/table>\n<p>\u015aroda 20.10<\/p>\n<table cellspacing=\"0\" cellpadding=\"0\">\n<tbody>\n<tr>\n<td valign=\"middle\">7.00<\/td>\n<td valign=\"top\">1. +Dariusz Wac\u0142awek (20)<\/p>\n<p>2.<span class=\"Apple-converted-space\">&nbsp; <\/span>+Seweryna Pasierb od Krystiana Pasierb<\/p>\n<p>3. O b\u0142og. Bo\u017ce, dary Ducha \u015awi\u0119tego i opiek\u0119 Matki Bo\u017cej dla El\u017cbiety<\/td>\n<\/tr>\n<tr>\n<td valign=\"middle\">18.00<\/td>\n<td valign=\"top\">1. Dzi\u0119kczynno-przeb\u0142agalna w 15 rocznice \u015blubu Agnieszki i Wojciecha Nowak, o zdrowie i b\u0142og. Bo\u017ce w rodzinie<\/p>\n<p>2. +Jadwiga Dobek (20)<\/p>\n<p>3. +Aniela Kasperska<\/p>\n<p>4. +Jerzy Ro\u017ckiewicz od rodziny Sosnowskich<\/td>\n<\/tr>\n<\/tbody>\n<\/table>\n<p>Czwartek 21.10<\/p>\n<table cellspacing=\"0\" cellpadding=\"0\">\n<tbody>\n<tr>\n<td valign=\"middle\">7.00<\/td>\n<td valign=\"top\">1. +Dariusz Wac\u0142awek (21)<\/p>\n<p>2. ++ zmarli mieszka\u0144cy Kolonii, kt\u00f3rzy w 1957 r. przy ul. Herbowej wybudowali kapliczk\u0119 jako wotum dzi\u0119kczynne<\/p>\n<p>3. +Adam G\u0142odowski od Zofii Krzto\u0144, Krzysztofy Miciuda i Ewy Pa\u015bko<\/p>\n<p>4. +Stanis\u0142awa Wac\u0142awek od kole\u017canek i koleg\u00f3w Kasi z klasy ze Szko\u0142y Podstawowej<\/td>\n<\/tr>\n<tr>\n<td valign=\"middle\">18.00<\/td>\n<td valign=\"top\">1. + Jadwiga Dobek (21)<\/p>\n<p>2. ++ z rodziny Komisarzy<\/p>\n<p>3. +Wojciech Korbecki od rodziny Ziaj\u00f3w<\/p>\n<p>4. +Jerzy Ro\u017ckiewicz od rodziny Koc\u00f3j<\/p>\n<p>5. W intencji pielgrzym\u00f3w do Cz\u0119stochowy i ich rodzin<\/td>\n<\/tr>\n<\/tbody>\n<\/table>\n<p>Pi\u0105tek 22.10<\/p>\n<table cellspacing=\"0\" cellpadding=\"0\">\n<tbody>\n<tr>\n<td valign=\"middle\">7.00<\/td>\n<td valign=\"top\">1. +Dariusz Wac\u0142awek (22)<\/p>\n<p>2. +Adam G\u0142odowski od kuzyna Les\u0142awa i kuzynki Marii<\/p>\n<p>3. +Stanis\u0142awa Wac\u0142awek od Krystyny i Edwarda Syno\u015b z rodzin\u0105<\/p>\n<p>4. O Bo\u017ce b\u0142og. dla pielgrzym\u00f3w na Roztocze i ich rodzin<\/td>\n<\/tr>\n<tr>\n<td valign=\"middle\">18.00<\/td>\n<td valign=\"top\">1. +Jadwiga Dobek (22)<\/p>\n<p>2. +J\u00f3zefa, Katarzyna, Antoni Kuc i ++ z rodziny<\/p>\n<p>3. +Helena, Edward Pa\u015bkiewicz<\/p>\n<p>4. +Zbigniew Mierzwa od s\u0105siad\u00f3w Doroty i Macieja<\/p>\n<p>5. +Jerzy Ro\u017ckiewicz od koleg\u00f3w z pracy Wydzia\u0142 75<\/td>\n<\/tr>\n<\/tbody>\n<\/table>\n<p>Sobota 23.10<\/p>\n<table cellspacing=\"0\" cellpadding=\"0\">\n<tbody>\n<tr>\n<td valign=\"middle\">7.00<\/td>\n<td valign=\"top\">1. O zdrowie i szcz\u0119\u015bliwa operacj\u0119 dla Zdzis\u0142awa<\/p>\n<p>2. +Dariusz Wac\u0142awek (23)<\/p>\n<p>3. +J\u00f3zef Ko\u0142wa od rodziny<\/td>\n<\/tr>\n<tr>\n<td valign=\"middle\">18.00<\/td>\n<td valign=\"top\">1. +Jadwiga Dobek (23)<\/p>\n<p>2. +Edward, Zofia, Les\u0142aw Pa\u015bko<\/p>\n<p>3. +Henryk Pilszak w 71 urodziny<\/p>\n<p>4. +J\u00f3zefa Borowiec od wnuczki Ani \u2013 zako\u0144czenie Mszy pogrzebowych<\/td>\n<\/tr>\n<\/tbody>\n<\/table>\n<p>NIEDZIELA<span class=\"Apple-converted-space\">&nbsp; <\/span>24.10<\/p>\n<table cellspacing=\"0\" cellpadding=\"0\">\n<tbody>\n<tr>\n<td valign=\"middle\">7.00<\/td>\n<td valign=\"top\">1. +Albina, Antoni Go\u015b<\/p>\n<p>2. +Dariusz Wac\u0142awek (24)<\/td>\n<\/tr>\n<tr>\n<td valign=\"middle\">9.00<\/p>\n<p>10.30<\/td>\n<td valign=\"top\">1. +Jan, Julia, Stanis\u0142aw Szczoczarz<\/p>\n<p>2. +Seweryna Pasierb (1 rocz.)<\/p>\n<p>1. +Jadwiga Dobek (24)<\/td>\n<\/tr>\n<tr>\n<td valign=\"middle\">12.00<\/td>\n<td valign=\"top\">1. Za parafian \u017cywych i zmar\u0142ych<\/td>\n<\/tr>\n<tr>\n<td valign=\"middle\">16.00<\/td>\n<td valign=\"top\">1. +Anna Mi\u0105sik (25 rocz.) od rodziny Mi\u0105sik\u00f3w<\/td>\n<\/tr>\n<tr>\n<td valign=\"middle\">18.00<\/td>\n<td valign=\"top\">1. +Adolf P\u0142onka (1 rocz.)<\/td>\n<\/tr>\n<\/tbody>\n<\/table>\n","protected":false},"excerpt":{"rendered":"<p>&#8230;<\/p>\n","protected":false},"author":1,"featured_media":7616,"comment_status":"closed","ping_status":"open","sticky":false,"template":"","format":"standard","meta":{"ngg_post_thumbnail":0,"footnotes":""},"categories":[4,25,13],"tags":[],"class_list":["post-8355","post","type-post","status-publish","format-standard","has-post-thumbnail","hentry","category-intencje","category-news","category-newsy"],"_links":{"self":[{"href":"https:\/\/mbsniezna.rzeszow.pl\/index.php\/wp-json\/wp\/v2\/posts\/8355","targetHints":{"allow":["GET"]}}],"collection":[{"href":"https:\/\/mbsniezna.rzeszow.pl\/index.php\/wp-json\/wp\/v2\/posts"}],"about":[{"href":"https:\/\/mbsniezna.rzeszow.pl\/index.php\/wp-json\/wp\/v2\/types\/post"}],"author":[{"embeddable":true,"href":"https:\/\/mbsniezna.rzeszow.pl\/index.php\/wp-json\/wp\/v2\/users\/1"}],"replies":[{"embeddable":true,"href":"https:\/\/mbsniezna.rzeszow.pl\/index.php\/wp-json\/wp\/v2\/comments?post=8355"}],"version-history":[{"count":1,"href":"https:\/\/mbsniezna.rzeszow.pl\/index.php\/wp-json\/wp\/v2\/posts\/8355\/revisions"}],"predecessor-version":[{"id":8356,"href":"https:\/\/mbsniezna.rzeszow.pl\/index.php\/wp-json\/wp\/v2\/posts\/8355\/revisions\/8356"}],"wp:featuredmedia":[{"embeddable":true,"href":"https:\/\/mbsniezna.rzeszow.pl\/index.php\/wp-json\/wp\/v2\/media\/7616"}],"wp:attachment":[{"href":"https:\/\/mbsniezna.rzeszow.pl\/index.php\/wp-json\/wp\/v2\/media?parent=8355"}],"wp:term":[{"taxonomy":"category","embeddable":true,"href":"https:\/\/mbsniezna.rzeszow.pl\/index.php\/wp-json\/wp\/v2\/categories?post=8355"},{"taxonomy":"post_tag","embeddable":true,"href":"https:\/\/mbsniezna.rzeszow.pl\/index.php\/wp-json\/wp\/v2\/tags?post=8355"}],"curies":[{"name":"wp","href":"https:\/\/api.w.org\/{rel}","templated":true}]}}