{"id":8357,"date":"2021-10-17T15:47:15","date_gmt":"2021-10-17T13:47:15","guid":{"rendered":"https:\/\/mbsniezna.rzeszow.pl\/?p=8357"},"modified":"2021-10-17T15:47:15","modified_gmt":"2021-10-17T13:47:15","slug":"xxix-niedziela-zwykla-ogloszenia-17-pazdziernika-2021-roku","status":"publish","type":"post","link":"https:\/\/mbsniezna.rzeszow.pl\/index.php\/2021\/10\/17\/xxix-niedziela-zwykla-ogloszenia-17-pazdziernika-2021-roku\/","title":{"rendered":"XXIX NIEDZIELA ZWYK\u0141A &#8211; OG\u0141OSZENIA  17 PA\u0179DZIERNIKA 2021 ROKU"},"content":{"rendered":"<p>&nbsp;<\/p>\n<ol>\n<li>Zapraszamy na nabo\u017ce\u0144stwa r\u00f3\u017ca\u0144cowe: w tygodniu po Mszy wieczornej, w niedziele o 15.30.<\/li>\n<\/ol>\n<ol start=\"2\">\n<li>W poniedzia\u0142ek \u015bw. \u0141ukasza Ewangelisty- patrona pracownik\u00f3w s\u0142u\u017cby zdrowia.<\/li>\n<\/ol>\n<ol start=\"3\">\n<li>W poniedzia\u0142ek r\u00f3\u017caniec po Mszy \u015bw. w intencji naszych zmar\u0142ych \u2013 szczeg\u00f3lnie zmar\u0142ych w tym roku. Po nabo\u017ce\u0144stwie spotkanie dla rodzin w \u017ca\u0142obie. Zapraszamy.<\/li>\n<\/ol>\n<ol start=\"4\">\n<li>We wtorek b\u0142. ks. Jerzego Popie\u0142uszki.<\/li>\n<\/ol>\n<ol start=\"5\">\n<li>We wtorek o 19.00 w salce pod ko\u015bcio\u0142em spotkanie odno\u015bnie pielgrzymki do Meksyku w lutym 2022 r. Zapraszamy osoby ju\u017c zapisane i wszystkich zainteresowanych tym tematem. Obecny b\u0119dzie pracownik Biura Matteo Travel, kt\u00f3re organizuje wyjazd. Osoby zapisane proszone s\u0105 o przyniesienie paszportu i 100 z\u0142 zaliczki.<\/li>\n<\/ol>\n<ol start=\"6\">\n<li>W \u015brod\u0119 \u015bw. Jana Kantego. O 19.00 katecheza dla doros\u0142ych.<\/li>\n<\/ol>\n<ol start=\"7\">\n<li>W czwartek adoracja od 17.15 i spowied\u017a.<\/li>\n<\/ol>\n<ol start=\"8\">\n<li>W czwartek o 19.00 spotkanie dla kandydat\u00f3w do bierzmowania z kl. VIII \u2013 grupa I : kl. a i b.<\/li>\n<\/ol>\n<ol start=\"9\">\n<li>W pi\u0105tek \u015bw. Jana Paw\u0142a II. Na nabo\u017ce\u0144stwie wieczornym zostan\u0105 odczytane pro\u015bby z\u0142o\u017cone do \u015bw. Jana Paw\u0142a II.<\/li>\n<\/ol>\n<ol start=\"10\">\n<li>W pi\u0105tek spotkania oazy: o 16.30 oaza m\u0142odsza, o 19.00 oaza starsza.<\/li>\n<\/ol>\n<ol start=\"11\">\n<li>W sobot\u0119 o 10.00 spotkanie scholii parafialnej.<\/li>\n<\/ol>\n<ol start=\"12\">\n<li>W przysz\u0142\u0105 niedziel\u0119 rozpocznie si\u0119 Tydzie\u0144 Misyjny. R\u00f3\u017caniec r\u00f3\u017ca Zofii Pa\u0142ka.<\/li>\n<\/ol>\n<ol start=\"13\">\n<li>W przysz\u0142\u0105 niedziel\u0119 o godz. 14.00 b\u0119dzie po\u015bwi\u0119cenie odnowionej kapliczki na ul. Herbowej. Dzi\u0119kujemy darczy\u0144com i wykonawcom. Zapraszamy parafian z tego rejonu.<\/li>\n<\/ol>\n<ol start=\"14\">\n<li>B\u00f3g zap\u0142a\u0107 za ofiary na sprz\u0105tanie ko\u015bcio\u0142a. W tym tygodniu z ul. Ks. Kazimierza Guzego prosimy rodziny z numer\u00f3w: 5, 9, 16, 17\/3, 17\/6, 17\/7, 18, 20 oraz z ul. Prometeusza rodziny z numer\u00f3w: 1, 2, 3, 5, 6.<\/li>\n<\/ol>\n<ol start=\"15\">\n<li>Zbli\u017ca si\u0119 uroczysto\u015b\u0107 Wszystkich \u015awi\u0119tych. Powoli przyst\u0119pujemy do porz\u0105dkowania grob\u00f3w naszych bliskich. \u015amieci zno\u015bmy do kontener\u00f3w: wypalone wk\u0142ady i znicze oraz wszelki plastyk sk\u0142adamy do kontener\u00f3w blaszanych (kt\u00f3rych jest 4), natomiast odpady naturalne \u2013 trawa, kwiaty, krzewy- sk\u0142adamy w pojemniku murowanym. Bardzo prosimy o dokonywanie segregacji \u015bmieci na cmentarzu \u2013 od tego te\u017c zale\u017cy cena wywozu \u015bmieci.<\/li>\n<\/ol>\n<ol start=\"16\">\n<li>Na cmentarzu wystawiona jest kabina toaletowa \u2013 zachowajmy porz\u0105dek.<\/li>\n<\/ol>\n<ol start=\"17\">\n<li>Wa\u017cne jest, aby groby naszych bliskich by\u0142y zadbane \u2013 ale nie mo\u017cemy pozosta\u0107 tylko na zniczach i kwiatach. Wa\u017cna jest modlitwa za zmar\u0142ych oraz g\u0142\u0119boka \u2013 w \u015bwietle wiary \u2013 nasza refleksja nad \u017cyciem, przemijaniem, \u015bmierci\u0105 i tym co po \u015bmierci. W mediach spotka\u0142em takie has\u0142o na te dni: \u201eMniej \u015bmieci, a wi\u0119cej modlitwy i pami\u0119ci\u201d.<\/li>\n<\/ol>\n<ol start=\"18\">\n<li>Na stolikach za \u0142awkami wy\u0142o\u017cone s\u0105 kartki na wypominki za naszych zmar\u0142ych. Imiona zmar\u0142ych wpisujemy w mianowniku. Wypominki sk\u0142adamy w kopertach na tac\u0119 lub u siostry w zakrystii.<span class=\"Apple-converted-space\">&nbsp;<\/span><\/li>\n<\/ol>\n","protected":false},"excerpt":{"rendered":"<p>&#8230;<\/p>\n","protected":false},"author":1,"featured_media":7584,"comment_status":"closed","ping_status":"open","sticky":false,"template":"","format":"standard","meta":{"ngg_post_thumbnail":0,"footnotes":""},"categories":[25,13,14],"tags":[],"class_list":["post-8357","post","type-post","status-publish","format-standard","has-post-thumbnail","hentry","category-news","category-newsy","category-ogloszenia_duszp"],"_links":{"self":[{"href":"https:\/\/mbsniezna.rzeszow.pl\/index.php\/wp-json\/wp\/v2\/posts\/8357","targetHints":{"allow":["GET"]}}],"collection":[{"href":"https:\/\/mbsniezna.rzeszow.pl\/index.php\/wp-json\/wp\/v2\/posts"}],"about":[{"href":"https:\/\/mbsniezna.rzeszow.pl\/index.php\/wp-json\/wp\/v2\/types\/post"}],"author":[{"embeddable":true,"href":"https:\/\/mbsniezna.rzeszow.pl\/index.php\/wp-json\/wp\/v2\/users\/1"}],"replies":[{"embeddable":true,"href":"https:\/\/mbsniezna.rzeszow.pl\/index.php\/wp-json\/wp\/v2\/comments?post=8357"}],"version-history":[{"count":1,"href":"https:\/\/mbsniezna.rzeszow.pl\/index.php\/wp-json\/wp\/v2\/posts\/8357\/revisions"}],"predecessor-version":[{"id":8358,"href":"https:\/\/mbsniezna.rzeszow.pl\/index.php\/wp-json\/wp\/v2\/posts\/8357\/revisions\/8358"}],"wp:featuredmedia":[{"embeddable":true,"href":"https:\/\/mbsniezna.rzeszow.pl\/index.php\/wp-json\/wp\/v2\/media\/7584"}],"wp:attachment":[{"href":"https:\/\/mbsniezna.rzeszow.pl\/index.php\/wp-json\/wp\/v2\/media?parent=8357"}],"wp:term":[{"taxonomy":"category","embeddable":true,"href":"https:\/\/mbsniezna.rzeszow.pl\/index.php\/wp-json\/wp\/v2\/categories?post=8357"},{"taxonomy":"post_tag","embeddable":true,"href":"https:\/\/mbsniezna.rzeszow.pl\/index.php\/wp-json\/wp\/v2\/tags?post=8357"}],"curies":[{"name":"wp","href":"https:\/\/api.w.org\/{rel}","templated":true}]}}