{"id":8451,"date":"2021-11-20T22:23:08","date_gmt":"2021-11-20T21:23:08","guid":{"rendered":"https:\/\/mbsniezna.rzeszow.pl\/?p=8451"},"modified":"2021-11-20T22:23:08","modified_gmt":"2021-11-20T21:23:08","slug":"uroczystosc-chrystusa-krola-21-listopada-2021-roku","status":"publish","type":"post","link":"https:\/\/mbsniezna.rzeszow.pl\/index.php\/2021\/11\/20\/uroczystosc-chrystusa-krola-21-listopada-2021-roku\/","title":{"rendered":"UROCZYSTO\u015aC CHRYSTUSA KR\u00d3LA  21 LISTOPADA 2021 ROKU"},"content":{"rendered":"<p>&nbsp;<\/p>\n<ol>\n<li>W tygodniu modlitwy wypominkowe za zmar\u0142ych po wieczornej Mszy \u015bw.<\/li>\n<\/ol>\n<ol start=\"2\">\n<li>Jutro rozpoczyna si\u0119 og\u00f3lnopolska nowenna modlitwy w intencji naszej Ojczyzny za wstawiennictwem \u015bw. Andrzeja Boboli. Ojczyzna jest w niebezpiecze\u0144stwie i potrzebuje modlitwy. U nas nowenna b\u0119dzie po Mszach porannych. Zapraszamy. Szczeg\u00f3\u0142y na parafialnym FB.<\/li>\n<\/ol>\n<ol start=\"3\">\n<li>We wtorek po Mszy wieczornej spotkanie ministrant\u00f3w i lektor\u00f3w.<\/li>\n<\/ol>\n<ol start=\"4\">\n<li>Od \u015brody do pi\u0105tku po Mszy wieczornej Triduum modlitw przed wspomnieniem Matki Bo\u017cej od Cudownego Medalika- zapraszamy czcicieli.<\/li>\n<\/ol>\n<ol start=\"5\">\n<li>W \u015brod\u0119 o 19.00 szko\u0142a duchowo\u015bci chrze\u015bcija\u0144skiej.<\/li>\n<\/ol>\n<ol start=\"6\">\n<li>W czwartek od 17.15 adoracja i mo\u017cliwo\u015b\u0107 spowiedzi.<\/li>\n<\/ol>\n<ol start=\"7\">\n<li>W czwartek o 19.00 spotkanie kandydat\u00f3w do bierzmowania \u2013 grupa II: klasa VIIIc oraz ucz\u0119szczaj\u0105cy do szko\u0142y poza nasza parafi\u0105.<\/li>\n<\/ol>\n<ol start=\"8\">\n<li>W pi\u0105tek spotkania oazy: o 16.30 oaza m\u0142odsza, o 19.00 oaza starsza.<\/li>\n<\/ol>\n<ol start=\"9\">\n<li>W sobot\u0119 wspomnienie Matki Bo\u017cej od Cudownego Medalika. Na Mszy wieczornej b\u0119dzie mo\u017cliwo\u015b\u0107 otrzymania Cudownego Medalika.<\/li>\n<\/ol>\n<ol start=\"10\">\n<li>Za tydzie\u0144 I niedziela Adwentu- pocz\u0105tek nowego roku liturgicznego. Adwent jest czasem duchowego przygotowania na spotkanie z Chrystusem w tajemnicy Bo\u017cego Narodzenia. Roraty b\u0119d\u0105 w dni powszednie o godz. 18.00, na kt\u00f3re zapraszamy doros\u0142ych i dzieci z lampionami. B\u0119dzie realizowany program \u201eW drodze do Betlejem\u201d. Plansze i naklejki dla dzieci.<\/li>\n<\/ol>\n<ol start=\"11\">\n<li>Za tydzie\u0144 na prymarii po\u015bwi\u0119cimy wieniec adwentowy i op\u0142atki na st\u00f3\u0142 wigilijny. Op\u0142atki mo\u017cemy nabywa\u0107 w zakrystii \u2013 dobrowolne ofiary przeznaczone b\u0119d\u0105 na op\u0142acenie ogrzewania ko\u015bcio\u0142a.<\/li>\n<\/ol>\n<ol start=\"12\">\n<li>W przysz\u0142\u0105 niedziel\u0119<span class=\"Apple-converted-space\">&nbsp; <\/span>b\u0119d\u0105 te\u017c do nabycia \u015bwiece wigilijne Caritas: ma\u0142a 6 z\u0142, du\u017ca 15 z\u0142.<\/li>\n<\/ol>\n<ol start=\"13\">\n<li>W przysz\u0142\u0105 niedziel\u0119 po ka\u017cdej Mszy \u015bw. modli\u0107 si\u0119 b\u0119dziemy przy relikwiach \u015bw. Szarbela.<\/li>\n<\/ol>\n<ol start=\"14\">\n<li>Zapowiedzi: Bartek Le\u015b \u2013 Aleksandra Stachowicz.(zap. III).<\/li>\n<\/ol>\n<ol start=\"15\">\n<li>Dzisiaj po Mszach \u015bw. jest zbi\u00f3rka do puszek na pomoc organizowan\u0105 przez Caritas przybywaj\u0105cym do nas imigrantom.<\/li>\n<\/ol>\n<ol start=\"16\">\n<li>Bardzo prosimy, aby pozbiera\u0107 z grob\u00f3w wypalone znicze. Znosimy je do blaszanych kontener\u00f3w.<\/li>\n<\/ol>\n<ol start=\"17\">\n<li>B\u00f3g zap\u0142a\u0107 za ofiary na sprz\u0105tanie ko\u015bcio\u0142a. W tym tygodniu z ul. Budziwojskiej prosimy rodziny z numer\u00f3w:331, 333, 335, 337, 339, 341, 343, 345, 347, 351, 355.<\/li>\n<\/ol>\n<ol start=\"18\">\n<li>Od kilkunastu lat Fundacja Ma\u0142ych St\u00f3pek, kt\u00f3rej celem jest obrona \u017cycia nienarodzonych oraz organizacja pomocy dla dzieci i matek, w okresie adwentowo-bo\u017conarodzeniowym prowadzi akcj\u0119 \u201ePaczuszka dla maluszka\u201d. Polega ona na zbi\u00f3rce \u015brodk\u00f3w higieny dla ma\u0142ych dzieci: proszki i p\u0142yny do prania, kremy, szampony, oliwki, myd\u0142a. Zebrane rzeczy s\u0105 przekazywane do Dom\u00f3w Ma\u0142ego Dziecka, do Dom\u00f3w Samotnej Matki oraz do Hospicj\u00f3w dla Dzieci. Jako parafia pragniemy si\u0119 przy\u0142\u0105czy\u0107 do tej akcji. Od przysz\u0142ej niedzieli do \u015bwi\u0105t przed obrazem \u015bw. Antoniego \u2013 patrona dobroczynno\u015bci wystawiony b\u0119dzie kosz, do kt\u00f3rego b\u0119dzie mo\u017cna sk\u0142ada\u0107 dary \u2013 do czego bardzo zach\u0119camy. Pami\u0119tajmy: Dobrze jest pomaga\u0107! Ka\u017cdy darczy\u0144ca na pami\u0105tk\u0119 otrzyma papierow\u0105 bombk\u0119 choinkow\u0105. Bardziej szczeg\u00f3\u0142owe informacje s\u0105 na parafialnym FB.<\/li>\n<\/ol>\n","protected":false},"excerpt":{"rendered":"<p>&#8230;<\/p>\n","protected":false},"author":1,"featured_media":6999,"comment_status":"closed","ping_status":"open","sticky":false,"template":"","format":"standard","meta":{"ngg_post_thumbnail":0,"footnotes":""},"categories":[25,13,14],"tags":[],"class_list":["post-8451","post","type-post","status-publish","format-standard","has-post-thumbnail","hentry","category-news","category-newsy","category-ogloszenia_duszp"],"_links":{"self":[{"href":"https:\/\/mbsniezna.rzeszow.pl\/index.php\/wp-json\/wp\/v2\/posts\/8451","targetHints":{"allow":["GET"]}}],"collection":[{"href":"https:\/\/mbsniezna.rzeszow.pl\/index.php\/wp-json\/wp\/v2\/posts"}],"about":[{"href":"https:\/\/mbsniezna.rzeszow.pl\/index.php\/wp-json\/wp\/v2\/types\/post"}],"author":[{"embeddable":true,"href":"https:\/\/mbsniezna.rzeszow.pl\/index.php\/wp-json\/wp\/v2\/users\/1"}],"replies":[{"embeddable":true,"href":"https:\/\/mbsniezna.rzeszow.pl\/index.php\/wp-json\/wp\/v2\/comments?post=8451"}],"version-history":[{"count":1,"href":"https:\/\/mbsniezna.rzeszow.pl\/index.php\/wp-json\/wp\/v2\/posts\/8451\/revisions"}],"predecessor-version":[{"id":8452,"href":"https:\/\/mbsniezna.rzeszow.pl\/index.php\/wp-json\/wp\/v2\/posts\/8451\/revisions\/8452"}],"wp:featuredmedia":[{"embeddable":true,"href":"https:\/\/mbsniezna.rzeszow.pl\/index.php\/wp-json\/wp\/v2\/media\/6999"}],"wp:attachment":[{"href":"https:\/\/mbsniezna.rzeszow.pl\/index.php\/wp-json\/wp\/v2\/media?parent=8451"}],"wp:term":[{"taxonomy":"category","embeddable":true,"href":"https:\/\/mbsniezna.rzeszow.pl\/index.php\/wp-json\/wp\/v2\/categories?post=8451"},{"taxonomy":"post_tag","embeddable":true,"href":"https:\/\/mbsniezna.rzeszow.pl\/index.php\/wp-json\/wp\/v2\/tags?post=8451"}],"curies":[{"name":"wp","href":"https:\/\/api.w.org\/{rel}","templated":true}]}}