{"id":8454,"date":"2021-11-29T08:32:39","date_gmt":"2021-11-29T07:32:39","guid":{"rendered":"https:\/\/mbsniezna.rzeszow.pl\/?p=8454"},"modified":"2021-11-29T08:32:39","modified_gmt":"2021-11-29T07:32:39","slug":"intencje-mszalne-29-11-5-12-2021-r","status":"publish","type":"post","link":"https:\/\/mbsniezna.rzeszow.pl\/index.php\/2021\/11\/29\/intencje-mszalne-29-11-5-12-2021-r\/","title":{"rendered":"Intencje Mszalne 29.11 \u2013 5.12.2021 r."},"content":{"rendered":"<p>&nbsp;<\/p>\n<p>Poniedzia\u0142ek: 29.11<\/p>\n<table cellspacing=\"0\" cellpadding=\"0\">\n<tbody>\n<tr>\n<td valign=\"middle\">7.00<\/td>\n<td valign=\"top\">1. Dzi\u0119kczynna i o dalsze Bo\u017ce b\u0142og. dla Krystyny w 70 urodziny<\/p>\n<p>2. +o. Adam Kotula, Janina, Marian<\/td>\n<\/tr>\n<tr>\n<td valign=\"middle\">18.00<\/td>\n<td valign=\"top\">1. +Helena Pa\u0142ka (29)<\/p>\n<p>2. +Tadeusz Zi\u0119ba od Marty Filip z rodzin\u0105<\/p>\n<p>3. +Jerzy Ro\u017ckiewicz od s\u0105siad\u00f3w Tobjasz\u00f3w<\/p>\n<p>4. +Zbigniew Mierzwa od Joanny Za\u0142ocha-Chmiel \u2013 zako\u0144czenie Mszy pogrzebowych<\/p>\n<p>*+Irena Kotula (29) \u2013 Barlinek;<span class=\"Apple-converted-space\">&nbsp; <\/span>*+Janusz Piekarz (15) \u2013 Francja; *+Alfred Lasota od W\u0142adys\u0142awy i Jurka Pryk- Gruzja<\/td>\n<\/tr>\n<\/tbody>\n<\/table>\n<p>Wtorek: 30.11<\/p>\n<table cellspacing=\"0\" cellpadding=\"0\">\n<tbody>\n<tr>\n<td valign=\"middle\">7.00<\/td>\n<td valign=\"top\">1. +O b\u0142o. Bo\u017ce opiek\u0119 Matki Bo\u017cej i \u015bw. Andrzeja i o \u0142ask\u0119 zdrowia dla Andrzeja i El\u017cbiety G\u0142az i ich rodziny<\/p>\n<p>2. +Stanis\u0142aw, Bronis\u0142awa, Antoni Kotula<\/p>\n<p>3. +Eugenia Starzak od Doroty z dzie\u0107mi<\/p>\n<p>4. +Jerzy Ro\u017ckiewicz od s\u0105siad\u00f3w Tabisz\u00f3w<\/td>\n<\/tr>\n<tr>\n<td valign=\"middle\">18.00<\/td>\n<td valign=\"top\">1. +Helena Pa\u0142ka (30)-zako\u0144czenie Mszy gregoria\u0144skich<\/p>\n<p>2. +Aneta Czemerowska<\/p>\n<p>3. + Andrzej Bilski (44 rocz.), ++ z rodziny Bilskich i Zieli\u0144skich<\/p>\n<p>4. +Lidia czopik od siostry Anny z m\u0119\u017cem<\/p>\n<p>5. +El\u017cbieta Nalepa od siostry Anny<\/p>\n<p>*+Irena Kotula (30)-Barlinek; *+Janusz Piekarz (16) \u2013 Francja; *+Alfred Lasota od Mariana Trafid\u0142o z siostrami i od G\u0142odowskich &#8211; Gruzja<\/td>\n<\/tr>\n<\/tbody>\n<\/table>\n<p>\u015aroda: 1.12<\/p>\n<table cellspacing=\"0\" cellpadding=\"0\">\n<tbody>\n<tr>\n<td valign=\"middle\">7.00<\/td>\n<td valign=\"top\">1. O b\u0142og. Bo\u017ce dla si\u00f3str z r\u00f3\u017cy Olgi Kotula i o \u017cycie wieczne dla si\u00f3str zmar\u0142ych<\/p>\n<p>2. +Eugenia Starzak od Mieczys\u0142awa Mazura z rodzin\u0105<\/p>\n<p>3. +Seweryna Pasierb od Roberta Michalskiego z rodzin\u0105<\/td>\n<\/tr>\n<tr>\n<td valign=\"middle\">18.00<\/td>\n<td valign=\"top\">1. O b\u0142og. Bo\u017ce dla rodziny<\/p>\n<p>2. +Janina Dr\u0105\u017cek (1) \u2013 rozpocz\u0119cie Mszy gregoria\u0144skich<\/p>\n<p>3. +Jan, Zofia, Krzysztof, Mieczys\u0142aw, Mariusz Dopart<\/p>\n<p>4. +Roman, Genowefa Motowid\u0142o<\/p>\n<p>5. +Maciej Pa\u017adzior od kole\u017canek i koleg\u00f3w c\u00f3rki Martyny z Dzia\u0142u Kontroli Jako\u015bci<\/p>\n<p>6. +Lidia Czopik od siostry Anny z m\u0119\u017cem<\/p>\n<p><span class=\"Apple-converted-space\">&nbsp;<\/span>*+Janusz Piekarz (17) \u2013 Francja; *+Helena Chy\u0142a od Anny Borowiec &#8211; Gruzja<\/td>\n<\/tr>\n<\/tbody>\n<\/table>\n<p>Czwartek 2.12<\/p>\n<table cellspacing=\"0\" cellpadding=\"0\">\n<tbody>\n<tr>\n<td valign=\"middle\">7.00<\/td>\n<td valign=\"top\">1. +Stanis\u0142aw Bie\u0144ko (rocz.)<\/p>\n<p>2. +Seweryna Pasierb od \u0141ukasza Pasierb z rodzin\u0105<\/p>\n<p>3. +Jerzy Ro\u017ckiewicz od kole\u017canek i koleg\u00f3w z pracy DS. Ikar<\/td>\n<\/tr>\n<tr>\n<td valign=\"middle\">18.00<\/td>\n<td valign=\"top\">1. +Janina Dr\u0105\u017cek (2)<\/p>\n<p>2. +El\u017cbieta Nalepa (1 rocz.)<\/p>\n<p>3. +Jacek, S\u0142awomir, Anna W\u00f3jcik<\/p>\n<p>4. +Lidia Czopik od rodziny z Siedlisk<\/p>\n<p>5. +Maciej Pa\u017adzior od wsp\u00f3\u0142pracownik\u00f3w \u017cony Anny z Oddzia\u0142u Noworodk\u00f3w Szpitala Woj. Nr 1 na ul. Chopina<\/p>\n<p>6. +Jerzy Ro\u017ckiewicz od Marii i Les\u0142awa G\u0142odowskich<\/p>\n<p>*+Janusz Piekarz (18) \u2013 Francja;<span class=\"Apple-converted-space\">&nbsp; <\/span>*+Helena Chy\u0142a od r\u00f3\u017cy Olgi Kotula &#8211; Gruzja<\/td>\n<\/tr>\n<\/tbody>\n<\/table>\n<p>Pi\u0105tek: 3.11<\/p>\n<table cellspacing=\"0\" cellpadding=\"0\">\n<tbody>\n<tr>\n<td valign=\"middle\">7.00<\/td>\n<td valign=\"top\">1.<span class=\"Apple-converted-space\">&nbsp; <\/span>Wynagradzaj\u0105ca Sercu Pana Jezusa za grzechy \u015bwiata od Olgi Kotula<\/p>\n<p>2.<span class=\"Apple-converted-space\">&nbsp; <\/span>+Stanis\u0142awa Pa\u015bko od c\u00f3rki w 30 dzie\u0144 po \u015bmierci<\/p>\n<p>3. +Seweryna Pasierb od Brata Waldemara z \u017con\u0105<\/p>\n<p>4. +El\u017cbieta Nalepa od brata Stanis\u0142awa<\/td>\n<\/tr>\n<tr>\n<td valign=\"middle\">18.00<\/td>\n<td valign=\"top\">1. +Janina Dr\u0105\u017cek (3)<\/p>\n<p>*+Janusz Piekarz (19) \u2013 Francja; *+Helena Chy\u0142a od Stanis\u0142awa z rodz.- Gruzja<\/td>\n<\/tr>\n<\/tbody>\n<\/table>\n<p>Sobota 4.12<\/p>\n<table cellspacing=\"0\" cellpadding=\"0\">\n<tbody>\n<tr>\n<td valign=\"middle\">7.00<\/td>\n<td valign=\"top\">1.<span class=\"Apple-converted-space\">&nbsp; <\/span>O Bo\u017ce b\u0142og. dla Barbary i Jacka, i ca\u0142ej rodziny Kotul\u00f3w<\/p>\n<p>2.<span class=\"Apple-converted-space\">&nbsp; <\/span>+Florian Lis (18 rocz.)<\/p>\n<p>3. +Zbigniew Mierzwa od Eweliny, Klaudiusza i \u0141ukasza<\/td>\n<\/tr>\n<tr>\n<td valign=\"middle\">18.00<\/td>\n<td valign=\"top\">1. O zdrowie, b\u0142og. Bo\u017ce, opiek\u0119 Matki Bo\u017cej dla Marii i jej rodziny<\/p>\n<p>2. +Janina Dr\u0105\u017cek (4)<\/p>\n<p>3. +Aniela Pi\u0105ta<\/p>\n<p>4. +El\u017cbieta Nalepa od siostry Marii<\/p>\n<p>5. +Jerzy Ro\u017ckiewicz od Alicji i Zygmunta Szl\u00f3w \u2013 zako\u0144czenie Mszy pogrzebowych<\/p>\n<p>*+Stanis\u0142awa Pa\u015bko (1) \u2013 Tarnoszyn;*+Janusz Piekarz (20) \u2013 Francja; *+J\u00f3zef Borcz od rodz. Szot\u00f3w- Gruzja<\/td>\n<\/tr>\n<\/tbody>\n<\/table>\n<p>NIEDZIELA: 21.11<\/p>\n<table cellspacing=\"0\" cellpadding=\"0\">\n<tbody>\n<tr>\n<td valign=\"middle\">7.00<\/td>\n<td valign=\"top\">1. Za parafian \u017cywych i zmar\u0142ych<\/p>\n<p>2. +El\u017cbieta Nalepa (1 rocz.)<\/td>\n<\/tr>\n<tr>\n<td valign=\"middle\">9.00<\/td>\n<td valign=\"top\">1. +Janina Dr\u0105\u017cek (5)<\/td>\n<\/tr>\n<tr>\n<td valign=\"middle\">10.30<\/td>\n<td valign=\"top\">1. +Anna Dudek (5 rocz.)<\/p>\n<p><span class=\"Apple-converted-space\">&nbsp;<\/span>*+Stanis\u0142awa Pa\u015bko (2) &#8211; Tarnoszyn; *+Janusz Piekarz (21) \u2013 Francja; *+J\u00f3zef Borcz od rodziny Bekier\u00f3w z Siedlisk &#8211; Gruzja<\/td>\n<\/tr>\n<tr>\n<td valign=\"middle\">12.00<\/td>\n<td valign=\"top\">1. Ks. Kazimierz Guzy w kolejn\u0105 rocznice \u015bmierci<\/td>\n<\/tr>\n<tr>\n<td valign=\"middle\">16.00<\/td>\n<td valign=\"top\">1. +W\u0142adys\u0142aw Ferenc<\/td>\n<\/tr>\n<tr>\n<td valign=\"middle\">18.00<\/td>\n<td valign=\"top\">1. W intencji naszej Ojczyzny<\/td>\n<\/tr>\n<\/tbody>\n<\/table>\n","protected":false},"excerpt":{"rendered":"<p>&#8230;<\/p>\n","protected":false},"author":1,"featured_media":7352,"comment_status":"closed","ping_status":"open","sticky":false,"template":"","format":"standard","meta":{"ngg_post_thumbnail":0,"footnotes":""},"categories":[4,25,13],"tags":[],"class_list":["post-8454","post","type-post","status-publish","format-standard","has-post-thumbnail","hentry","category-intencje","category-news","category-newsy"],"_links":{"self":[{"href":"https:\/\/mbsniezna.rzeszow.pl\/index.php\/wp-json\/wp\/v2\/posts\/8454","targetHints":{"allow":["GET"]}}],"collection":[{"href":"https:\/\/mbsniezna.rzeszow.pl\/index.php\/wp-json\/wp\/v2\/posts"}],"about":[{"href":"https:\/\/mbsniezna.rzeszow.pl\/index.php\/wp-json\/wp\/v2\/types\/post"}],"author":[{"embeddable":true,"href":"https:\/\/mbsniezna.rzeszow.pl\/index.php\/wp-json\/wp\/v2\/users\/1"}],"replies":[{"embeddable":true,"href":"https:\/\/mbsniezna.rzeszow.pl\/index.php\/wp-json\/wp\/v2\/comments?post=8454"}],"version-history":[{"count":1,"href":"https:\/\/mbsniezna.rzeszow.pl\/index.php\/wp-json\/wp\/v2\/posts\/8454\/revisions"}],"predecessor-version":[{"id":8455,"href":"https:\/\/mbsniezna.rzeszow.pl\/index.php\/wp-json\/wp\/v2\/posts\/8454\/revisions\/8455"}],"wp:featuredmedia":[{"embeddable":true,"href":"https:\/\/mbsniezna.rzeszow.pl\/index.php\/wp-json\/wp\/v2\/media\/7352"}],"wp:attachment":[{"href":"https:\/\/mbsniezna.rzeszow.pl\/index.php\/wp-json\/wp\/v2\/media?parent=8454"}],"wp:term":[{"taxonomy":"category","embeddable":true,"href":"https:\/\/mbsniezna.rzeszow.pl\/index.php\/wp-json\/wp\/v2\/categories?post=8454"},{"taxonomy":"post_tag","embeddable":true,"href":"https:\/\/mbsniezna.rzeszow.pl\/index.php\/wp-json\/wp\/v2\/tags?post=8454"}],"curies":[{"name":"wp","href":"https:\/\/api.w.org\/{rel}","templated":true}]}}