{"id":8465,"date":"2021-12-11T21:53:12","date_gmt":"2021-12-11T20:53:12","guid":{"rendered":"https:\/\/mbsniezna.rzeszow.pl\/?p=8465"},"modified":"2021-12-11T21:53:12","modified_gmt":"2021-12-11T20:53:12","slug":"iii-niedziela-adwentu-ogloszenia-12-grudnia-2021-roku","status":"publish","type":"post","link":"https:\/\/mbsniezna.rzeszow.pl\/index.php\/2021\/12\/11\/iii-niedziela-adwentu-ogloszenia-12-grudnia-2021-roku\/","title":{"rendered":"III NIEDZIELA ADWENTU \u2013 OG\u0141OSZENIA  12 GRUDNIA 2021 ROKU"},"content":{"rendered":"<p>&nbsp;<\/p>\n<ol>\n<li>W tygodniu roraty o godz. 18.00. Serdecznie zapraszamy doros\u0142ych i dzieci z lampionami.<\/li>\n<\/ol>\n<ol start=\"2\">\n<li>Jutro 40. rocznica wprowadzenia stanu wojennego \u2013 w modlitwie pami\u0119tajmy o naszej Ojczy\u017anie i o tych co za ni\u0105 oddali \u017cycie.<\/li>\n<\/ol>\n<ol start=\"3\">\n<li>W \u015brod\u0119 o 19.00 katecheza dla doros\u0142ych.<\/li>\n<\/ol>\n<ol start=\"4\">\n<li>W czwartek od 17.15 adoracja i spowied\u017a oraz rozpocz\u0119cie Nowenny do Dzieci\u0105tka Jezus. Z racji 16 dnia miesi\u0105ca modlitwy za wstawiennictwem \u015bw. Jana Paw\u0142a II.<\/li>\n<\/ol>\n<ol start=\"5\">\n<li>W pi\u0105tek o 19.00 wigilijne spotkanie oazy m\u0142odszej i starszej.<\/li>\n<\/ol>\n<ol start=\"6\">\n<li>W sobot\u0119 o 10.00 spotkanie scholii parafialnej.<\/li>\n<\/ol>\n<ol start=\"7\">\n<li>W sobot\u0119 o 16.30 Msza \u015bw. dla dzieci komunijnych i ich rodzic\u00f3w. Po\u015bwi\u0119cenie medalik\u00f3w.<\/li>\n<\/ol>\n<ol start=\"8\">\n<li>W sobot\u0119 od 11.00 zaopatrzymy chorych na \u015bwi\u0119ta. Prosimy zg\u0142asza\u0107 w zakrystii do pi\u0105tku.<\/li>\n<\/ol>\n<ol start=\"9\">\n<li>W przysz\u0142\u0105 niedziel\u0119 r\u00f3\u017caniec poprowadzi r\u00f3\u017ca Teresy<span class=\"Apple-converted-space\">&nbsp; <\/span>Basiura.<\/li>\n<\/ol>\n<ol start=\"10\">\n<li>W przysz\u0142\u0105 niedziel\u0119 prosimy o sk\u0142adk\u0119 na cele inwestycyjne.<\/li>\n<\/ol>\n<ol start=\"11\">\n<li>Zapowiedzi: Kamil Matu\u0142a \u2013 Katarzyna B\u0142ajdo (zap. I).<\/li>\n<\/ol>\n<ol start=\"12\">\n<li>W zakrystii mo\u017cemy zaopatrzy\u0107 si\u0119 w po\u015bwi\u0119cone op\u0142atki na st\u00f3\u0142 wigilijny.<\/li>\n<\/ol>\n<ol start=\"13\">\n<li>W zakrystii s\u0105 jeszcze jubileuszowe \u015bwiece parafialne na wigili\u0119 po 10 z\u0142.<\/li>\n<\/ol>\n<ol start=\"14\">\n<li>Zach\u0119camy, aby zaopatrzy\u0107<span class=\"Apple-converted-space\">&nbsp; <\/span>si\u0119 w biografi\u0119 ks. Kazimierza Guzego. Cena 10 z\u0142.<\/li>\n<\/ol>\n<ol start=\"15\">\n<li>Jeszcze ten tydzie\u0144 potrwa akcja dobroczynna \u201ePaczuszka dla maluszka\u201d. \u015arodki higieny dla ma\u0142ych dzieci mo\u017cemy sk\u0142ada\u0107 do kosza przed obrazem \u015bw. Antoniego. Mo\u017cna na ten cel z\u0142o\u017cy\u0107 ofiar\u0119 do skarbonki w balaskach.<\/li>\n<\/ol>\n<ol start=\"16\">\n<li>Trwa zbi\u00f3rka makulatury na misje.<\/li>\n<\/ol>\n<ol start=\"17\">\n<li>Dzisiaj w Domu Kultury \u201eBudziw\u00f3j\u201d w godzinach od 10.00 do 16.00 b\u0119dzie V Budziwojski Kiermasz Bo\u017conarodzeniowy.<\/li>\n<\/ol>\n<ol start=\"18\">\n<li>B\u00f3g zap\u0142a\u0107 za ofiary na sprz\u0105tanie ko\u015bcio\u0142a. W tym tygodniu z ul. Budziwojskiej prosimy rodziny z nast\u0119puj\u0105cych numer\u00f3w: 491, 493, 499, 507, 507a, 507b, 511, 517, 527, 529, 532, 535, 539, 541, 543, 547, 549.<\/li>\n<\/ol>\n<ol start=\"19\">\n<li>Wa\u017cnym elementem duchowego przygotowania na spotkanie z przychodz\u0105cym Chrystusem jest adwentowa spowied\u017a sakramentalna. W zwi\u0105zku z epidemi\u0105 tego roku tak\u017ce nie b\u0119dzie spowiedzi masowych z udzia\u0142em ksi\u0119\u017cy z dekanatu. Spowiada\u0107 b\u0119dziemy sami. W najbli\u017csz\u0105 sobot\u0119 spowied\u017a b\u0119dzie od 9.00 do 11.00, od 16.00 do 18.00. Natomiast po niedzieli spowied\u017a b\u0119dzie od poniedzia\u0142ku do czwartku w godzinach: 9.00-10.00, 17.00-18.00, 20.00-21.00.<\/li>\n<\/ol>\n","protected":false},"excerpt":{"rendered":"<p>&#8230;<\/p>\n","protected":false},"author":1,"featured_media":7372,"comment_status":"closed","ping_status":"open","sticky":false,"template":"","format":"standard","meta":{"ngg_post_thumbnail":0,"footnotes":""},"categories":[13],"tags":[],"class_list":["post-8465","post","type-post","status-publish","format-standard","has-post-thumbnail","hentry","category-newsy"],"_links":{"self":[{"href":"https:\/\/mbsniezna.rzeszow.pl\/index.php\/wp-json\/wp\/v2\/posts\/8465","targetHints":{"allow":["GET"]}}],"collection":[{"href":"https:\/\/mbsniezna.rzeszow.pl\/index.php\/wp-json\/wp\/v2\/posts"}],"about":[{"href":"https:\/\/mbsniezna.rzeszow.pl\/index.php\/wp-json\/wp\/v2\/types\/post"}],"author":[{"embeddable":true,"href":"https:\/\/mbsniezna.rzeszow.pl\/index.php\/wp-json\/wp\/v2\/users\/1"}],"replies":[{"embeddable":true,"href":"https:\/\/mbsniezna.rzeszow.pl\/index.php\/wp-json\/wp\/v2\/comments?post=8465"}],"version-history":[{"count":1,"href":"https:\/\/mbsniezna.rzeszow.pl\/index.php\/wp-json\/wp\/v2\/posts\/8465\/revisions"}],"predecessor-version":[{"id":8466,"href":"https:\/\/mbsniezna.rzeszow.pl\/index.php\/wp-json\/wp\/v2\/posts\/8465\/revisions\/8466"}],"wp:featuredmedia":[{"embeddable":true,"href":"https:\/\/mbsniezna.rzeszow.pl\/index.php\/wp-json\/wp\/v2\/media\/7372"}],"wp:attachment":[{"href":"https:\/\/mbsniezna.rzeszow.pl\/index.php\/wp-json\/wp\/v2\/media?parent=8465"}],"wp:term":[{"taxonomy":"category","embeddable":true,"href":"https:\/\/mbsniezna.rzeszow.pl\/index.php\/wp-json\/wp\/v2\/categories?post=8465"},{"taxonomy":"post_tag","embeddable":true,"href":"https:\/\/mbsniezna.rzeszow.pl\/index.php\/wp-json\/wp\/v2\/tags?post=8465"}],"curies":[{"name":"wp","href":"https:\/\/api.w.org\/{rel}","templated":true}]}}