{"id":8467,"date":"2021-12-19T16:51:14","date_gmt":"2021-12-19T15:51:14","guid":{"rendered":"https:\/\/mbsniezna.rzeszow.pl\/?p=8467"},"modified":"2021-12-19T16:51:14","modified_gmt":"2021-12-19T15:51:14","slug":"intencje-mszalne-20-12-26-12-2021-r","status":"publish","type":"post","link":"https:\/\/mbsniezna.rzeszow.pl\/index.php\/2021\/12\/19\/intencje-mszalne-20-12-26-12-2021-r\/","title":{"rendered":"Intencje Mszalne 20.12 \u2013 26.12.2021 r."},"content":{"rendered":"<p>&nbsp;<\/p>\n<p>Poniedzia\u0142ek: 20.12.<\/p>\n<table cellspacing=\"0\" cellpadding=\"0\">\n<tbody>\n<tr>\n<td valign=\"middle\">7.00<\/td>\n<td valign=\"top\">1.+Janina Dr\u0105\u017cek (20)<\/p>\n<p>2. +W\u0142adys\u0142awa i Franciszek Doksa<\/p>\n<p>3. O szcz\u0119\u015bliw\u0105 operacj\u0119, zdrowie i b\u0142og. Bo\u017ce dla Czes\u0142awa<\/td>\n<\/tr>\n<tr>\n<td valign=\"middle\">18.00<\/td>\n<td valign=\"top\">1. O zdrowie i b\u0142og. Bo\u017ce dla Paw\u0142a<\/p>\n<p>2. +Barbara \u017bmuda<\/p>\n<p>3. +Mieczys\u0142aw T\u0142uczek<\/p>\n<p>*+Stanis\u0142awa Pa\u015bko (17) \u2013 Tarnoszyn; +Edyta Jopek od<span class=\"Apple-converted-space\">&nbsp; <\/span>kole\u017canek i koleg\u00f3w z UM Rzesz\u00f3w-Francja; +El\u017cbieta Rudnik od rodz. W\u00f3jcik-J\u0119drzej\u00f3w; +Dariusz Wac\u0142awek od rodz. Szczepan-Krasnojarsk<\/td>\n<\/tr>\n<\/tbody>\n<\/table>\n<p>Wtorek: 21.12<\/p>\n<table cellspacing=\"0\" cellpadding=\"0\">\n<tbody>\n<tr>\n<td valign=\"middle\">7.00<\/td>\n<td valign=\"top\">1. +Janina Dr\u0105\u017cek (21)<\/p>\n<p>2. +Zofia, Edward \u017bmuda<\/p>\n<p>3. +Helena, Czes\u0142aw<\/p>\n<p>4. +Edwarda Danilczuk od Mariusza Kukli z rodzin\u0105<\/td>\n<\/tr>\n<tr>\n<td valign=\"middle\">18.00<\/td>\n<td valign=\"top\">1. +Wiktoria, Zofia Kozik<\/p>\n<p>2. +Jakub \u015awieboda (1 rocz.)<\/p>\n<p>3. +El\u017cbieta Nalepa od Ani z rodzin\u0105<\/p>\n<p><span class=\"Apple-converted-space\">&nbsp;<\/span>*+Stanis\u0142awa Pa\u015bko (18) \u2013 Tarnoszyn; +Edyta Jopek od Rosjego i Agnieszki -Francja; +El\u017cbieta Rudnik od rodz. Szcz\u0119ch -J\u0119drzej\u00f3w; +Dariusz Wac\u0142awek od rodz. Opali\u0144skich -Krasnojarsk<\/td>\n<\/tr>\n<\/tbody>\n<\/table>\n<p>\u015aroda: 22.12<\/p>\n<table cellspacing=\"0\" cellpadding=\"0\">\n<tbody>\n<tr>\n<td valign=\"middle\">7.00<\/td>\n<td valign=\"top\">1. O zdrowie dla Gra\u017cyny i powr\u00f3t do zdrowia<\/p>\n<p>2. +Janina dr\u0105\u017cek (22)<\/p>\n<p>3. +Eugenia Starzak od rodzin Maternia i Kyc<\/td>\n<\/tr>\n<tr>\n<td valign=\"middle\">18.00<\/td>\n<td valign=\"top\">1. +Rozalia, Jan Bomba; ++ z rodziny<\/p>\n<p>2. +Bronis\u0142awa, Tomasz Pa\u015bko<\/p>\n<p>3. +Tadeusz Pitera od c\u00f3rki Jolanty z rodzin\u0105<\/p>\n<p>4. Dzi\u0119kczynna w 2 urodziny Daniela, o b\u0142og. Bo\u017ce i opiek\u0119 Matki Bo\u017cej<\/p>\n<p>*+Stanis\u0142awa Pa\u015bko (19) \u2013 Tarnoszyn; +Edyta Jopek od koleg\u00f3w z Kielnarowej i Borku-Francja; +El\u017cbieta Rudnik od rodz. Kurc\u00f3w-J\u0119drzej\u00f3w; +Dariusz Wac\u0142awek od rodz. Kotul\u00f3w-Krasnojarsk<\/td>\n<\/tr>\n<\/tbody>\n<\/table>\n<p>Czwartek 23.12<\/p>\n<table cellspacing=\"0\" cellpadding=\"0\">\n<tbody>\n<tr>\n<td valign=\"middle\">7.00<\/td>\n<td valign=\"top\">1. +Janina Dr\u0105\u017cek (23)<\/p>\n<p>2. +Ryszard<\/p>\n<p>3. +Seweryna Pasierb od W\u0142adys\u0142awy i Edwarda Pasierb<\/td>\n<\/tr>\n<tr>\n<td valign=\"middle\">18.00<\/td>\n<td valign=\"top\">1. +Antonina, Emil Kuczmarz od dzieci<\/p>\n<p>2. +J\u00f3zef Ko\u0142wa od \u017cony<\/p>\n<p>3. +Tomasz, Aniela Pa\u015bko<\/p>\n<p>4. +Lidia Czopik od wnuczki Karoliny z Tomaszem<\/p>\n<p><span class=\"Apple-converted-space\">&nbsp;<\/span>*+Stanis\u0142awa Pa\u015bko (20) \u2013 Tarnoszyn; +Edyta Jopek od znajomych Agnieszki z Warszawy-Francja; +El\u017cbieta Rudnik od rodz. Augustyn\u00f3w- J\u0119drzej\u00f3w; +Dariusz Wac\u0142awek od rodz. P\u0105czk\u00f3w &#8211; Krasnojarsk<\/td>\n<\/tr>\n<\/tbody>\n<\/table>\n<p>Pi\u0105tek 24.12. &#8211; Wigilia<\/p>\n<table cellspacing=\"0\" cellpadding=\"0\">\n<tbody>\n<tr>\n<td valign=\"middle\">7.00<\/td>\n<td valign=\"top\">1.<span class=\"Apple-converted-space\">&nbsp; <\/span>+Janina Dr\u0105\u017cek (24)<\/p>\n<p>2. +o. Adam Kotula, ++ z rodz. Kotul\u00f3w<\/p>\n<p>3. +Brenadetta Pasek, Antoni Pinoga<\/p>\n<p>4. +Mieczys\u0142aw Basiura (5 rocz.)<\/p>\n<p>*+Stanis\u0142awa Pa\u015bko (21)- Tarnoszyn<\/td>\n<\/tr>\n<\/tbody>\n<\/table>\n<p>Sobota 25.12 \u2013 Bo\u017ce Narodzenie<\/p>\n<table cellspacing=\"0\" cellpadding=\"0\">\n<tbody>\n<tr>\n<td valign=\"middle\">24.00<\/td>\n<td valign=\"top\">1. Za parafian \u017cywych i zmar\u0142ych<\/p>\n<p>2. +Maria, J\u00f3zef Bury, ++ z rodziny<\/p>\n<p>3.+Wies\u0142awa i Stanis\u0142aw Piekie\u0142ek, Gra\u017cyna Paluch<\/p>\n<p>4. +Stefania, Adam, Tadeusz Rzeszutek<\/td>\n<\/tr>\n<tr>\n<td valign=\"middle\">7.00<\/td>\n<td valign=\"top\">1. +Jan, Zofia, Krzysztof, Mieczys\u0142aw, Mariusz Dopart<\/td>\n<\/tr>\n<tr>\n<td valign=\"middle\">9.00<\/td>\n<td valign=\"top\">1. +Antoni G\u0142odowski (45 rocz.), Aleksandra<\/td>\n<\/tr>\n<tr>\n<td valign=\"middle\">10.30<\/td>\n<td valign=\"top\">1. +Andrzej Procyk (5 rocz.) od rodziny<\/p>\n<p>*+Stanis\u0142awa Pasko (22)-Tarnoszyn<\/td>\n<\/tr>\n<tr>\n<td valign=\"middle\">12.00<\/td>\n<td valign=\"top\">1. +Janina Dr\u0105\u017cek (25)<\/td>\n<\/tr>\n<tr>\n<td valign=\"middle\">16.00<\/td>\n<td valign=\"top\">1. +Grzegorz, Edward Myrda<\/td>\n<\/tr>\n<tr>\n<td valign=\"middle\">18.00<\/td>\n<td valign=\"top\">1.<span class=\"Apple-converted-space\">&nbsp; <\/span>+Gra\u017cyna Pa\u015bkiewicz, W\u0142adys\u0142aw Go\u015b<\/td>\n<\/tr>\n<\/tbody>\n<\/table>\n<p>Niedziela 26.12 \u2013 \u015awi\u0119tej Rodziny<\/p>\n<table cellspacing=\"0\" cellpadding=\"0\">\n<tbody>\n<tr>\n<td valign=\"middle\">7.00<\/td>\n<td valign=\"top\">1. +Zbigniew Filip<\/td>\n<\/tr>\n<tr>\n<td valign=\"middle\">9.00<\/td>\n<td valign=\"top\">1. O Bo\u017ce b\u0142og. dla Jacka i Ewy Ku\u015b w 30-lecie \u015blubu od dzieci<\/p>\n<p>2. +Stefan Rzeszutko (4 rocz.)<\/td>\n<\/tr>\n<tr>\n<td valign=\"middle\">10.30<\/td>\n<td valign=\"top\">1. +Janina Dr\u0105\u017cek (26)<\/p>\n<p>2. Dzi\u0119kczynna i o Bo\u017ce b\u0142ogos\u0142awie\u0144stwo dla Ewy i Eugeniusza w 60-lecie \u015blubu<\/p>\n<p><span class=\"Apple-converted-space\">&nbsp;<\/span>*+Stanis\u0142awa Pa\u015bko (26)) &#8211; Tarnoszyn<\/td>\n<\/tr>\n<tr>\n<td valign=\"middle\">12.00<\/td>\n<td valign=\"top\">1. Za parafian \u017cywych i zmar\u0142ych<\/p>\n<p>2. +Stanis\u0142aw Czyrek (1 rocz.) od rodziny<\/td>\n<\/tr>\n<tr>\n<td valign=\"middle\">16.00<\/td>\n<td valign=\"top\">1. +Tadeusz Pa\u0142ka<\/td>\n<\/tr>\n<tr>\n<td valign=\"middle\">18.00<\/td>\n<td valign=\"top\">1. +Dariusz Wac\u0142awek od siostry Eweliny z rodzin\u0105<\/td>\n<\/tr>\n<\/tbody>\n<\/table>\n","protected":false},"excerpt":{"rendered":"<p>&#8230;<\/p>\n","protected":false},"author":1,"featured_media":7410,"comment_status":"closed","ping_status":"open","sticky":false,"template":"","format":"standard","meta":{"ngg_post_thumbnail":0,"footnotes":""},"categories":[4,25,13],"tags":[],"class_list":["post-8467","post","type-post","status-publish","format-standard","has-post-thumbnail","hentry","category-intencje","category-news","category-newsy"],"_links":{"self":[{"href":"https:\/\/mbsniezna.rzeszow.pl\/index.php\/wp-json\/wp\/v2\/posts\/8467","targetHints":{"allow":["GET"]}}],"collection":[{"href":"https:\/\/mbsniezna.rzeszow.pl\/index.php\/wp-json\/wp\/v2\/posts"}],"about":[{"href":"https:\/\/mbsniezna.rzeszow.pl\/index.php\/wp-json\/wp\/v2\/types\/post"}],"author":[{"embeddable":true,"href":"https:\/\/mbsniezna.rzeszow.pl\/index.php\/wp-json\/wp\/v2\/users\/1"}],"replies":[{"embeddable":true,"href":"https:\/\/mbsniezna.rzeszow.pl\/index.php\/wp-json\/wp\/v2\/comments?post=8467"}],"version-history":[{"count":1,"href":"https:\/\/mbsniezna.rzeszow.pl\/index.php\/wp-json\/wp\/v2\/posts\/8467\/revisions"}],"predecessor-version":[{"id":8468,"href":"https:\/\/mbsniezna.rzeszow.pl\/index.php\/wp-json\/wp\/v2\/posts\/8467\/revisions\/8468"}],"wp:featuredmedia":[{"embeddable":true,"href":"https:\/\/mbsniezna.rzeszow.pl\/index.php\/wp-json\/wp\/v2\/media\/7410"}],"wp:attachment":[{"href":"https:\/\/mbsniezna.rzeszow.pl\/index.php\/wp-json\/wp\/v2\/media?parent=8467"}],"wp:term":[{"taxonomy":"category","embeddable":true,"href":"https:\/\/mbsniezna.rzeszow.pl\/index.php\/wp-json\/wp\/v2\/categories?post=8467"},{"taxonomy":"post_tag","embeddable":true,"href":"https:\/\/mbsniezna.rzeszow.pl\/index.php\/wp-json\/wp\/v2\/tags?post=8467"}],"curies":[{"name":"wp","href":"https:\/\/api.w.org\/{rel}","templated":true}]}}