{"id":8478,"date":"2022-01-01T22:35:08","date_gmt":"2022-01-01T21:35:08","guid":{"rendered":"https:\/\/mbsniezna.rzeszow.pl\/?p=8478"},"modified":"2022-01-01T22:35:08","modified_gmt":"2022-01-01T21:35:08","slug":"intencje-mszalne-3-01-9-01-2022-r","status":"publish","type":"post","link":"https:\/\/mbsniezna.rzeszow.pl\/index.php\/2022\/01\/01\/intencje-mszalne-3-01-9-01-2022-r\/","title":{"rendered":"Intencje Mszalne 3.01 \u2013 9.01.2022 r."},"content":{"rendered":"<p>&nbsp;<\/p>\n<p>Poniedzia\u0142ek: 3.01<\/p>\n<table cellspacing=\"0\" cellpadding=\"0\">\n<tbody>\n<tr>\n<td valign=\"middle\">7.00<\/td>\n<td valign=\"top\">1. +Janina Kozik od Augustyna Matucha z rodzin\u0105<\/p>\n<p>2. +Leon<\/p>\n<p>3. +El\u017cbieta Nalepa od m\u0119\u017ca Zdzis\u0142awa, Agnieszki, Janusza i Lenki<\/td>\n<\/tr>\n<tr>\n<td valign=\"middle\">18.00<\/td>\n<td valign=\"top\">1. W intencji parafian z ulic: Budziwojska \u2013 numery parzyste, Pogodne Wzg\u00f3rze od Budziwojskiej, \u015bw. Agnieszki<\/p>\n<p>2. O b\u0142og. Bo\u017ce dla Marii w 9 urodziny, dzi\u0119kczynna za otrzymane \u0142aski<\/p>\n<p>3. +Czes\u0142aw Szyd\u0142owski (4 rocz.)<\/p>\n<p>4. +Lidia Czopik od s\u0105siad\u00f3w Szajna<\/p>\n<p>*+Jerzy Ro\u017ckiewicz (3)-Barlinek, +Helena Chy\u0142a od Danuty Smalarz \u2013 J\u0119drzej\u00f3w, +Edwarda Danilczuk od Doroty Drwi\u0119gi z rodzin\u0105 \u2013 Usole Syberyjskie<\/td>\n<\/tr>\n<\/tbody>\n<\/table>\n<p>Wtorek: 4.01<\/p>\n<table cellspacing=\"0\" cellpadding=\"0\">\n<tbody>\n<tr>\n<td valign=\"middle\">7.00<\/td>\n<td valign=\"top\">1. +o spok\u00f3j duszy Bogu wiadomej<\/p>\n<p>2. +Lidia Czopik od rodziny Warzybok\u00f3w i Marii Borowiec<\/p>\n<p>3.+Eugenia Starzak od s\u0105siad\u00f3w Wilk\u00f3w i Mazur\u00f3w<\/p>\n<p>4. +Seweryna Pasierb od Jacka Michalskiego \u2013 zako\u0144czenie Mszy pogrzebowych<\/td>\n<\/tr>\n<tr>\n<td valign=\"middle\">18.00<\/td>\n<td valign=\"top\">1. W intencji parafian z ulicy Budziwojska &#8211;<span class=\"Apple-converted-space\">&nbsp; <\/span>nieparzyste<\/p>\n<p>2. +El\u017cbieta Nalepa od si\u00f3str z r\u00f3\u017cy Marii Mr\u00f3z<\/p>\n<p>3. +J\u00f3zef Marianna Waliccy<\/p>\n<p>4. +Zofia, J\u00f3zef , Leon Kotula<\/p>\n<p><span class=\"Apple-converted-space\">&nbsp;<\/span>*+Jerzy Ro\u017ckiewicz (4)-Barlinek, +Helena Pa\u0142ka od s\u0105siad\u00f3w -J\u0119drzej\u00f3w, +Edwarda Danilczuk od Domin\u00f3w z Lutory\u017ca -Usole Syb.<\/td>\n<\/tr>\n<\/tbody>\n<\/table>\n<p>\u015aroda: 5.01<\/p>\n<table cellspacing=\"0\" cellpadding=\"0\">\n<tbody>\n<tr>\n<td valign=\"middle\">7.00<\/td>\n<td valign=\"top\">1. +Eugenia Starzak od El\u017cbiety \u017bychowskiej<\/p>\n<p>2. +Tadeusz Pitera od Czes\u0142awa Kozika z rodzin\u0105<\/p>\n<p>3. +Janina Kozik od Anny i Beaty Siciak<\/td>\n<\/tr>\n<tr>\n<td valign=\"middle\">18.00<\/td>\n<td valign=\"top\">1. W intencji parafian z ulic: Karmelicka i Tarnopolska<\/p>\n<p>2. +Piotr Mi\u0105sik (3 rocz.)<\/p>\n<p>3. +Ryszard Wo\u017aniak od Marty Filip z rodzin\u0105<\/p>\n<p>*+Jerzy Ro\u017ckiewicz (5)-Barlinek, +Anna P\u00f3\u0142ch\u0142opek od rodz. Mitk\u00f3w, Edwarda Danilczuk od chrze\u015bnicy Marii z rodz.-Usole Syb.<\/td>\n<\/tr>\n<\/tbody>\n<\/table>\n<p>Czwartek 6.01. \u2013 \u015awi\u0119to Trzech Kr\u00f3li<\/p>\n<table cellspacing=\"0\" cellpadding=\"0\">\n<tbody>\n<tr>\n<td valign=\"middle\">7.00<\/td>\n<td valign=\"top\">1. O b\u0142og. Bo\u017ce dla si\u00f3str z r\u00f3\u017cy Marii Mr\u00f3z i za zmar\u0142e siostry z r\u00f3\u017cy<\/td>\n<\/tr>\n<tr>\n<td valign=\"middle\">9.00<\/td>\n<td valign=\"top\">1. O b\u0142og. Bo\u017ce dla Kacpra w dniu urodzin i o \u0142aski dla rodziny<\/p>\n<p>2. Dzi\u0119kczynna i o Bo\u017ce b\u0142og. i opiek\u0119 Matki Bo\u017cej dla Haliny, Jacka, Kacpra i Emilki Rybak\u00f3w<\/p>\n<p>*+Jerzy Ro\u017ckiewicz (6) &#8211; Barlinek<\/td>\n<\/tr>\n<tr>\n<td valign=\"middle\">10.30<\/td>\n<td valign=\"top\">1. +Zofia, J\u00f3zef Ko\u0142wa, Kazimierz<\/p>\n<p>*+Janina Kozik od Mariusza-J\u0119drzej\u00f3w, +Alfred Lasota od rodziny Czaja -Usole Syberyjskie<\/td>\n<\/tr>\n<tr>\n<td valign=\"middle\">12.00<\/td>\n<td valign=\"top\">1. Za parafian \u017cywych i zmar\u0142ych<\/td>\n<\/tr>\n<tr>\n<td valign=\"middle\">16.00<\/td>\n<td valign=\"top\">1. +Janina, Czes\u0142aw Siwierscy<\/td>\n<\/tr>\n<tr>\n<td valign=\"middle\">18.00<\/td>\n<td valign=\"top\">1.<span class=\"Apple-converted-space\">&nbsp; <\/span>+Zofia P\u0142onka (3 rocz.) od c\u00f3rki Doroty<\/td>\n<\/tr>\n<\/tbody>\n<\/table>\n<p>Pi\u0105tek 7.01<\/p>\n<table cellspacing=\"0\" cellpadding=\"0\">\n<tbody>\n<tr>\n<td valign=\"middle\">7.00<\/td>\n<td valign=\"top\">1. +Edwarda Danilczuk od Andrzeja i Doroty Pa\u015bko<\/p>\n<p>2. +Eugenia Starzak od Renaty, Jacka, Krystyny<\/td>\n<\/tr>\n<tr>\n<td valign=\"middle\">18.00<\/td>\n<td valign=\"top\">1. W intencji parafian z ulic Strzelc\u00f3w i Wakacyjna<\/p>\n<p>2. O b\u0142og. Bo\u017ce dla misjonarki s. Miriam<\/p>\n<p>3. O b\u0142og. Bo\u017ce opiek\u0119 Matki Bo\u017cej dla Marioli Olszewskiej z racji imienin i urodzin<\/p>\n<p>4. +El\u017cbieta Nalepa od swatowej Gra\u017cyny z rodz.<\/p>\n<p>*+Jerzy Ro\u017ckiewicz (7)-Barlinek, Zofia Pr\u0119dka od rodz. S\u0142owik-J\u0119drzej\u00f3w, +Janina Kozik od r\u00f3\u017cy Marii Mr\u00f3z \u2013 Usole Syb.<\/td>\n<\/tr>\n<\/tbody>\n<\/table>\n<p>Sobota 8.01<\/p>\n<table cellspacing=\"0\" cellpadding=\"0\">\n<tbody>\n<tr>\n<td valign=\"middle\">7.00<\/td>\n<td valign=\"top\">1. +El\u017cbieta Nalepa od chrze\u015bnicy Jadwigi z m\u0119\u017cem i dzie\u0107mi z Kanady<\/p>\n<p>2. Lidia Czopik od kuzynki Zofii Siwak z rodz. Drozdowskich<\/p>\n<p>3. +Eugenia Starzak od El\u017cbiety Bury z rodzin\u0105<\/td>\n<\/tr>\n<tr>\n<td valign=\"middle\">18.00<\/td>\n<td valign=\"top\">1. W intencji parafian z ulicy Herbowej i Pogodne Wzg\u00f3rze od ul. Herbowej<\/p>\n<p>2. W intencji Mateusza Kargol w urodzin &#8211; o Bo\u017ce b\u0142og. za wstawiennictwem b\u0142. Carlo Acutisa<\/p>\n<p>3. +Stanis\u0142awa T\u0142uczek (15 rocz.)<\/p>\n<p>4. +Jan Miciuda (2 rocz.)<\/p>\n<p>*+Jerzy Ro\u017ckiewicz (8)-Barlinek, +Janina Kozik od Anny i Beaty Siciak- Usole Syberyjskie, +Edwarda Danilczuk od J\u00f3zefa Kyc z rodzin\u0105 &#8211; J\u0119drzej\u00f3w<\/td>\n<\/tr>\n<\/tbody>\n<\/table>\n<p>Niedziela 9.01<\/p>\n<table cellspacing=\"0\" cellpadding=\"0\">\n<tbody>\n<tr>\n<td valign=\"middle\">7.00<\/td>\n<td valign=\"top\">1. O b\u0142og. Bo\u017ce dla rodziny Szpiech<\/td>\n<\/tr>\n<tr>\n<td valign=\"middle\">9.00<\/td>\n<td valign=\"top\">1. +Alfred Lasota<\/p>\n<p>*+Jerzy Ro\u017ckiewicz (9) &#8211; Barlinek<\/td>\n<\/tr>\n<tr>\n<td valign=\"middle\">10.30<\/td>\n<td valign=\"top\">1. +O b\u0142og. Bo\u017ce, zdrowie dla Filipa w 18 urodziny<\/p>\n<p>2. +Jan Lisowicz (9 rocz.) od syn\u00f3w i c\u00f3rek<\/td>\n<\/tr>\n<tr>\n<td valign=\"middle\">12.00<\/td>\n<td valign=\"top\">1. Za parafian \u017cywych i zmar\u0142ych<\/td>\n<\/tr>\n<tr>\n<td valign=\"middle\">16.00<\/td>\n<td valign=\"top\">1. +Teresa Depa (5 rocz.)<\/td>\n<\/tr>\n<tr>\n<td valign=\"middle\">18.00<\/td>\n<td valign=\"top\">1. O b\u0142og. Bo\u017ce i opiek\u0119 Matki Bo\u017cej dla Nikodema G\u0142\u00f3d<\/td>\n<\/tr>\n<\/tbody>\n<\/table>\n","protected":false},"excerpt":{"rendered":"<p>&#8230;<\/p>\n","protected":false},"author":1,"featured_media":7580,"comment_status":"closed","ping_status":"open","sticky":false,"template":"","format":"standard","meta":{"ngg_post_thumbnail":0,"footnotes":""},"categories":[4,25,13],"tags":[],"class_list":["post-8478","post","type-post","status-publish","format-standard","has-post-thumbnail","hentry","category-intencje","category-news","category-newsy"],"_links":{"self":[{"href":"https:\/\/mbsniezna.rzeszow.pl\/index.php\/wp-json\/wp\/v2\/posts\/8478","targetHints":{"allow":["GET"]}}],"collection":[{"href":"https:\/\/mbsniezna.rzeszow.pl\/index.php\/wp-json\/wp\/v2\/posts"}],"about":[{"href":"https:\/\/mbsniezna.rzeszow.pl\/index.php\/wp-json\/wp\/v2\/types\/post"}],"author":[{"embeddable":true,"href":"https:\/\/mbsniezna.rzeszow.pl\/index.php\/wp-json\/wp\/v2\/users\/1"}],"replies":[{"embeddable":true,"href":"https:\/\/mbsniezna.rzeszow.pl\/index.php\/wp-json\/wp\/v2\/comments?post=8478"}],"version-history":[{"count":1,"href":"https:\/\/mbsniezna.rzeszow.pl\/index.php\/wp-json\/wp\/v2\/posts\/8478\/revisions"}],"predecessor-version":[{"id":8479,"href":"https:\/\/mbsniezna.rzeszow.pl\/index.php\/wp-json\/wp\/v2\/posts\/8478\/revisions\/8479"}],"wp:featuredmedia":[{"embeddable":true,"href":"https:\/\/mbsniezna.rzeszow.pl\/index.php\/wp-json\/wp\/v2\/media\/7580"}],"wp:attachment":[{"href":"https:\/\/mbsniezna.rzeszow.pl\/index.php\/wp-json\/wp\/v2\/media?parent=8478"}],"wp:term":[{"taxonomy":"category","embeddable":true,"href":"https:\/\/mbsniezna.rzeszow.pl\/index.php\/wp-json\/wp\/v2\/categories?post=8478"},{"taxonomy":"post_tag","embeddable":true,"href":"https:\/\/mbsniezna.rzeszow.pl\/index.php\/wp-json\/wp\/v2\/tags?post=8478"}],"curies":[{"name":"wp","href":"https:\/\/api.w.org\/{rel}","templated":true}]}}