{"id":8605,"date":"2022-02-21T22:50:37","date_gmt":"2022-02-21T21:50:37","guid":{"rendered":"https:\/\/mbsniezna.rzeszow.pl\/?p=8605"},"modified":"2022-02-21T22:50:37","modified_gmt":"2022-02-21T21:50:37","slug":"vii-niedziela-zwykla-20-luty-2022-r","status":"publish","type":"post","link":"https:\/\/mbsniezna.rzeszow.pl\/index.php\/2022\/02\/21\/vii-niedziela-zwykla-20-luty-2022-r\/","title":{"rendered":"VII NIEDZIELA ZWYK\u0141A \u2013 20 LUTY 2022 R."},"content":{"rendered":"<p>&nbsp;<\/p>\n<ol>\n<li>Ca\u0142y tydzie\u0144 po Mszy porannej i wieczornej modli\u0107 si\u0119 b\u0119dziemy o pok\u00f3j na Ukrainie i o bezpiecze\u0144stwo dla naszej Ojczyzny.<\/li>\n<\/ol>\n<ol start=\"2\">\n<li>W poniedzia\u0142ek<span class=\"Apple-converted-space\">&nbsp; <\/span>na Msz\u0119 wieczorn\u0105 zapraszamy rodziny w \u017c\u0142obie po zmar\u0142ych w 2021 i 2022 roku.<\/li>\n<\/ol>\n<ol start=\"3\">\n<li>We wtorek nabo\u017ce\u0144stwo do \u015bw. Antoniego.<\/li>\n<\/ol>\n<ol start=\"4\">\n<li>W \u015brod\u0119 Nowenna do Matki Bo\u017cej \u015anie\u017cnej.<\/li>\n<\/ol>\n<ol start=\"5\">\n<li>W czwartek od 17.15 adoracja i mo\u017cliwo\u015b\u0107 spowiedzi.<\/li>\n<\/ol>\n<ol start=\"6\">\n<li>W pi\u0105tek nabo\u017ce\u0144stwo do Bo\u017cego Mi\u0142osierdzia.<\/li>\n<\/ol>\n<ol start=\"7\">\n<li>W sobot\u0119 po Mszy wieczornej r\u00f3\u017caniec w intencji Ojczyzny w ramach modlitewnego dzie\u0142a \u201eNoc walki o b\u0142ogos\u0142awie\u0144stwo dla Polski\u201d \u2013 zapraszamy.<\/li>\n<\/ol>\n<ol start=\"8\">\n<li>W przysz\u0142\u0105 niedziel\u0119 go\u015bci\u0107 b\u0119dziemy misjonarza ks. Tomasza Podrazika ze Zgromadzenia Misjonarzy Afryki (Ojcowie Biali), kt\u00f3ry wyg\u0142osi s\u0142owo Bo\u017ce, a po Mszy b\u0119dzie zbiera\u0142 ofiary na misje. R\u00f3\u017caniec r\u00f3\u017ca Marii Mr\u00f3z.<\/li>\n<\/ol>\n<ol start=\"9\">\n<li>Trwamy w aktywnym prze\u017cywaniu Roku Rodziny. W tym tygodniu zapraszamy wdowy i wdowc\u00f3w<span class=\"Apple-converted-space\">&nbsp; <\/span>do modlitwy za zmar\u0142ych wsp\u00f3\u0142ma\u0142\u017conk\u00f3w. Na parafialnym FB proponujemy specjaln\u0105 modlitw\u0119. Mo\u017cemy te\u017c modli\u0107 si\u0119 w dowolny spos\u00f3b \u2013 np. R\u00f3\u017caniec czy Koronka. Mo\u017cna przyj\u015b\u0107 na Msze \u015bw. i przyj\u0105\u0107 za zmar\u0142ych Komuni\u0119 \u015bw. Warto te\u017c w tym tygodniu nawiedzi\u0107 gr\u00f3b zmar\u0142ego wsp\u00f3\u0142ma\u0142\u017conka. Modlitwa za zmar\u0142ego wsp\u00f3\u0142ma\u0142\u017conka wyra\u017ca ci\u0105gle trwaj\u0105ca mi\u0142o\u015b\u0107 do niego i jest pomoc\u0105 w osi\u0105gni\u0119ciu zbawienia.<\/li>\n<\/ol>\n<ol start=\"10\">\n<li>Na parafialnym FB zamieszczony jest nowy filmik o rodzinie pt. \u201eMi\u0142o\u015b\u0107 w ma\u0142\u017ce\u0144stwie\u201d \u2013 zach\u0119camy do obejrzenia.<\/li>\n<\/ol>\n<ol start=\"11\">\n<li>B\u00f3g zap\u0142a\u0107 za ofiary na sprz\u0105tanie ko\u015bcio\u0142a. W tym tygodniu z ul. Herbowej prosimy rodziny z numer\u00f3w: 94, 96, 98, 100, 102, 104, 106, 108, 110, 112, 116, 118, 120.<\/li>\n<\/ol>\n","protected":false},"excerpt":{"rendered":"<p>&#8230;<\/p>\n","protected":false},"author":1,"featured_media":7717,"comment_status":"closed","ping_status":"open","sticky":false,"template":"","format":"standard","meta":{"ngg_post_thumbnail":0,"footnotes":""},"categories":[25,13,14],"tags":[],"class_list":["post-8605","post","type-post","status-publish","format-standard","has-post-thumbnail","hentry","category-news","category-newsy","category-ogloszenia_duszp"],"_links":{"self":[{"href":"https:\/\/mbsniezna.rzeszow.pl\/index.php\/wp-json\/wp\/v2\/posts\/8605","targetHints":{"allow":["GET"]}}],"collection":[{"href":"https:\/\/mbsniezna.rzeszow.pl\/index.php\/wp-json\/wp\/v2\/posts"}],"about":[{"href":"https:\/\/mbsniezna.rzeszow.pl\/index.php\/wp-json\/wp\/v2\/types\/post"}],"author":[{"embeddable":true,"href":"https:\/\/mbsniezna.rzeszow.pl\/index.php\/wp-json\/wp\/v2\/users\/1"}],"replies":[{"embeddable":true,"href":"https:\/\/mbsniezna.rzeszow.pl\/index.php\/wp-json\/wp\/v2\/comments?post=8605"}],"version-history":[{"count":1,"href":"https:\/\/mbsniezna.rzeszow.pl\/index.php\/wp-json\/wp\/v2\/posts\/8605\/revisions"}],"predecessor-version":[{"id":8606,"href":"https:\/\/mbsniezna.rzeszow.pl\/index.php\/wp-json\/wp\/v2\/posts\/8605\/revisions\/8606"}],"wp:featuredmedia":[{"embeddable":true,"href":"https:\/\/mbsniezna.rzeszow.pl\/index.php\/wp-json\/wp\/v2\/media\/7717"}],"wp:attachment":[{"href":"https:\/\/mbsniezna.rzeszow.pl\/index.php\/wp-json\/wp\/v2\/media?parent=8605"}],"wp:term":[{"taxonomy":"category","embeddable":true,"href":"https:\/\/mbsniezna.rzeszow.pl\/index.php\/wp-json\/wp\/v2\/categories?post=8605"},{"taxonomy":"post_tag","embeddable":true,"href":"https:\/\/mbsniezna.rzeszow.pl\/index.php\/wp-json\/wp\/v2\/tags?post=8605"}],"curies":[{"name":"wp","href":"https:\/\/api.w.org\/{rel}","templated":true}]}}