{"id":8607,"date":"2022-02-28T18:35:05","date_gmt":"2022-02-28T17:35:05","guid":{"rendered":"https:\/\/mbsniezna.rzeszow.pl\/?p=8607"},"modified":"2022-02-28T18:35:05","modified_gmt":"2022-02-28T17:35:05","slug":"intencje-mszalne-28-02-6-03-2022-r","status":"publish","type":"post","link":"https:\/\/mbsniezna.rzeszow.pl\/index.php\/2022\/02\/28\/intencje-mszalne-28-02-6-03-2022-r\/","title":{"rendered":"Intencje\u00a0 Mszalne 28.02 \u2013 6.03.2022 r."},"content":{"rendered":"<p><span class=\"Apple-converted-space\">&nbsp;&nbsp; &nbsp; &nbsp; &nbsp; &nbsp; &nbsp; &nbsp; &nbsp; &nbsp; &nbsp; &nbsp; &nbsp; &nbsp; &nbsp; &nbsp; &nbsp; &nbsp; &nbsp; &nbsp; &nbsp; &nbsp; &nbsp; &nbsp; &nbsp; &nbsp; &nbsp; &nbsp; &nbsp; &nbsp; &nbsp; &nbsp; &nbsp; &nbsp; &nbsp; &nbsp; &nbsp; &nbsp; &nbsp; &nbsp; &nbsp; <\/span>Poniedzia\u0142ek: 28.02<\/p>\n<table cellspacing=\"0\" cellpadding=\"0\">\n<tbody>\n<tr>\n<td valign=\"middle\">7.00<\/td>\n<td valign=\"top\">1. +Antoni Lignowski<\/p>\n<p>2. +Micha\u0142 Przygoda<\/td>\n<\/tr>\n<tr>\n<td valign=\"middle\">18.00<\/td>\n<td valign=\"top\">1. +Teresa Stopka (28)<\/p>\n<p>2. +Czes\u0142aw \u015alemp<span class=\"Apple-converted-space\">&nbsp; &nbsp; &nbsp; &nbsp; &nbsp; &nbsp; &nbsp; &nbsp; &nbsp; &nbsp; &nbsp; &nbsp; &nbsp; &nbsp; &nbsp; &nbsp; &nbsp; &nbsp; &nbsp; &nbsp; &nbsp; &nbsp; &nbsp; &nbsp; &nbsp; &nbsp; &nbsp; &nbsp; &nbsp; &nbsp; &nbsp; &nbsp; &nbsp; &nbsp; &nbsp; &nbsp; &nbsp; &nbsp; &nbsp; &nbsp; &nbsp; &nbsp; &nbsp; &nbsp; &nbsp; &nbsp; &nbsp; &nbsp; &nbsp; &nbsp; &nbsp; &nbsp; &nbsp; &nbsp; &nbsp; &nbsp; &nbsp; &nbsp; &nbsp; &nbsp; &nbsp; &nbsp; &nbsp; &nbsp; &nbsp; &nbsp; &nbsp; &nbsp; &nbsp; &nbsp; &nbsp; &nbsp; &nbsp; &nbsp; &nbsp; &nbsp; &nbsp; &nbsp; &nbsp; &nbsp; &nbsp; &nbsp; &nbsp; &nbsp; &nbsp; &nbsp; &nbsp; &nbsp; &nbsp; &nbsp; &nbsp; &nbsp; &nbsp; &nbsp; &nbsp; &nbsp; <\/span>3. +Helena Pa\u0142ka od Aleksandry Krok i El\u017cbiety Pa\u015bko<\/p>\n<p>4. +Mieczys\u0142aw Mazur od wnyk\u00f3w Bartka, Arkadiusza, Korneli, Magdaleny i Jadwigi z m\u0119\u017cem<\/p>\n<p>*+Zofia Pr\u0119dka od Fredka i Marty z rodzin\u0105-Krasnojarsk, +Alfred Lasota od Renaty i Grzegorza Wr\u00f3bel -Tomsk, +Helena Chy\u0142a od rodziny Domino z Siedlisk-ks. Micha\u0142<\/td>\n<\/tr>\n<\/tbody>\n<\/table>\n<p>Wtorek: 1.03<\/p>\n<table cellspacing=\"0\" cellpadding=\"0\">\n<tbody>\n<tr>\n<td valign=\"middle\">7.00<\/td>\n<td valign=\"top\">1. Dzi\u0119kczynna za zdane egzaminy i o Bo\u017ce b\u0142ogos\u0142awie\u0144stwo<\/p>\n<p>2. +Mateusz<\/p>\n<p>3. +Edward Gawron od wnuczki Zuzanny<\/p>\n<p>4. +Mieczys\u0142aw Mazur od Andrzeja i Jana Prokop z Hy\u017cnego<\/td>\n<\/tr>\n<tr>\n<td valign=\"middle\">18.00<\/td>\n<td valign=\"top\">1. W sprawie Bogu wiadomej<\/p>\n<p>2. +Teresa Stopka (29)<\/p>\n<p>3. +Maria T\u0142uczek (1) rozpocz\u0119cie Mszy gregoria\u0144skich<\/p>\n<p>4. +J\u00f3zef Ko\u0142wa od \u017cony Haliny<\/p>\n<p>*+Zofia Pr\u0119dka od Kazimiery Skiba z rodzin\u0105-Tomsk, +Alfred Lasota od W\u0142adys\u0142awy i Jurka Pryk-Krasnojarsk<\/td>\n<\/tr>\n<\/tbody>\n<\/table>\n<p>\u015aroda Popielcowa 2.03<\/p>\n<table cellspacing=\"0\" cellpadding=\"0\">\n<tbody>\n<tr>\n<td valign=\"middle\">7.00<\/td>\n<td valign=\"top\">1. +Zofia Pr\u0119dka od bratowej Zofii Pr\u0119dkiej z synem;<span class=\"Apple-converted-space\">&nbsp; <\/span>2. +Alfred Pr\u0119dki od Andrzeja Mi\u0105sika z rodzin\u0105<\/td>\n<\/tr>\n<tr>\n<td valign=\"middle\">9.00<\/td>\n<td valign=\"top\">1. +Maria T\u0142uczek (2); 2. J\u00f3zef Borcz od Zofii Anny Kalita<\/td>\n<\/tr>\n<tr>\n<td valign=\"middle\">18.00<\/td>\n<td valign=\"top\">1. +Teresa Stopka (30) \u2013 zako\u0144czenie Mszy pogrzebowych<\/p>\n<p>2. +W\u0142adys\u0142aw Gawron (24 rocz.)<\/p>\n<p>*+Helena Chy\u0142a od chrzestnego Jacka z rodzin\u0105-Tomsk, +Helena Pa\u0142ka od Anny Bomba z rodz.-Krasnojarsk<\/td>\n<\/tr>\n<tr>\n<td valign=\"middle\">20.00<\/td>\n<td valign=\"top\">1. +Helena Jacek; 2. +Mieczys\u0142aw Mazur od wnuk\u00f3w Dominika, Konrada, Martyny<\/td>\n<\/tr>\n<\/tbody>\n<\/table>\n<p>Czwartek 3.03<\/p>\n<table cellspacing=\"0\" cellpadding=\"0\">\n<tbody>\n<tr>\n<td valign=\"middle\">7.00<\/td>\n<td valign=\"top\">1. +Wiktoria Pitera (1 rocz.) od c\u00f3rki z rodzin\u0105<\/p>\n<p>2. +Zofia Pr\u0119dka od chrze\u015bnicy Danuty Zawi\u0142o z rodzin\u0105<\/p>\n<p>3. +Alfred Lasota od Krzysztofa Lasota z rodzin\u0105<\/p>\n<p>4. ++dusze w czy\u015b\u0107cu cierpi\u0105ce<\/td>\n<\/tr>\n<tr>\n<td valign=\"middle\">18.00<\/td>\n<td valign=\"top\">1. +Maria T\u0142uczek (3)<\/p>\n<p>2. +Jan Ciura (21 rocz.)<\/p>\n<p>3. +Halina Napi\u00f3rkowska od kuzyn\u00f3w z rodziny Kuczmarz<\/p>\n<p>4. +J\u00f3zef Borcz od syna Bronis\u0142awa z rodzin\u0105<\/p>\n<p>5. +Edward Gawron od c\u00f3rki El\u017cbiety z rodzin\u0105<\/p>\n<p>*+Helena Pa\u0142ka od Ireny Rakowieckiej z rodzin\u0105 ze Stan\u00f3w-Tomsk, +Helena Chy\u0142a od Kazimierza Borowiec-Krasnojarsk<\/td>\n<\/tr>\n<\/tbody>\n<\/table>\n<p>Pi\u0105tek 4.03<\/p>\n<table cellspacing=\"0\" cellpadding=\"0\">\n<tbody>\n<tr>\n<td valign=\"middle\">7.00<\/td>\n<td valign=\"top\">1. +Kazimiera Chmiel \u2013 z racji imienin<\/p>\n<p>2. +Helena Chy\u0142a od Zofii G\u0142odowskiej z dzie\u0107mi<\/p>\n<p>3. +Edward Gawron od s\u0105siada Kuli\u0144skiego<\/p>\n<p>4. +Genowefa Krok od Stanis\u0142awa i Anny Krok z rodzin\u0105<\/td>\n<\/tr>\n<tr>\n<td valign=\"middle\">18.00<\/td>\n<td valign=\"top\">1. +Maria T\u0142uczek (4)<\/p>\n<p>* +Zofia Pr\u0119dka od Andrzeja Mi\u0105sik z rodz.-Tomsk, +Alfred Lasota od rodz. Pryk-Krasnojarsk, +Mieczys\u0142aw Mazur od Mariusza Cie\u015bla-ks. Micha\u0142<\/td>\n<\/tr>\n<\/tbody>\n<\/table>\n<p>Sobota 5.03<\/p>\n<table cellspacing=\"0\" cellpadding=\"0\">\n<tbody>\n<tr>\n<td valign=\"middle\">7.00<\/td>\n<td valign=\"top\">1. W intencji wynagrodzenia za grzechy i zniewagi wobec Niepokalanego Serca Maryi<\/p>\n<p>2. +Genowefa Krok od rodziny Kotul\u00f3w i Terech\u00f3w<\/p>\n<p>3. +Helena Chy\u0142a od Stanis\u0142awa i Gra\u017cyny Cag<\/td>\n<\/tr>\n<tr>\n<td valign=\"middle\">18.00<\/td>\n<td valign=\"top\">1. +Maria T\u0142uczek (5)<\/p>\n<p>2. +J\u00f3zef, Aniela Konkol<\/p>\n<p>3. +S\u0142awomir Inglot (1 rocz.)<\/p>\n<p>* +Alfred Lasota od rodz. Domo\u0144 z Siedlisk-Tomsk, +Zofia Pr\u0119dka od Lucjana i Teresy Leniart-Krasnojarsk, +Mieczys\u0142aw Mazur od Marzeny i Marka-ks. Micha\u0142<\/td>\n<\/tr>\n<\/tbody>\n<\/table>\n<p>Niedziela 6.03<\/p>\n<table cellspacing=\"0\" cellpadding=\"0\">\n<tbody>\n<tr>\n<td valign=\"middle\">7.00<\/td>\n<td valign=\"top\">1.+Mariusz Piz\u0142o (rocz.)<\/p>\n<p>2. +Wies\u0142awa, Stanis\u0142aw Piekie\u0142ek, Gra\u017cyna Paluch (22 rocz.)<\/td>\n<\/tr>\n<tr>\n<td valign=\"middle\">9.00<\/td>\n<td valign=\"top\">1. +Jan Biestek, Zofia i J\u00f3zef Kukla<\/td>\n<\/tr>\n<tr>\n<td valign=\"middle\">10.30<\/td>\n<td valign=\"top\">1. +Maria T\u0142uczek (6)<\/p>\n<p>*+Mieczys\u0142aw Mazur od Janusza Pa\u015bko z rodzin\u0105\u2013 ks. Micha\u0142<\/td>\n<\/tr>\n<tr>\n<td valign=\"middle\">12.00<\/td>\n<td valign=\"top\">1. Za parafian \u017cywych i zmar\u0142ych<\/td>\n<\/tr>\n<tr>\n<td valign=\"middle\">16.00<\/td>\n<td valign=\"top\">1. +Kazimierz Rachwa\u0142, Irena Kotula (1 rocz.)<\/td>\n<\/tr>\n<tr>\n<td valign=\"middle\">18.00<\/td>\n<td valign=\"top\">1. +Maria, Kazimierz, Anna, Tadeusz Domino<\/td>\n<\/tr>\n<\/tbody>\n<\/table>\n","protected":false},"excerpt":{"rendered":"<p>&#8230;<\/p>\n","protected":false},"author":1,"featured_media":7585,"comment_status":"closed","ping_status":"open","sticky":false,"template":"","format":"standard","meta":{"ngg_post_thumbnail":0,"footnotes":""},"categories":[4,25,13],"tags":[],"class_list":["post-8607","post","type-post","status-publish","format-standard","has-post-thumbnail","hentry","category-intencje","category-news","category-newsy"],"_links":{"self":[{"href":"https:\/\/mbsniezna.rzeszow.pl\/index.php\/wp-json\/wp\/v2\/posts\/8607","targetHints":{"allow":["GET"]}}],"collection":[{"href":"https:\/\/mbsniezna.rzeszow.pl\/index.php\/wp-json\/wp\/v2\/posts"}],"about":[{"href":"https:\/\/mbsniezna.rzeszow.pl\/index.php\/wp-json\/wp\/v2\/types\/post"}],"author":[{"embeddable":true,"href":"https:\/\/mbsniezna.rzeszow.pl\/index.php\/wp-json\/wp\/v2\/users\/1"}],"replies":[{"embeddable":true,"href":"https:\/\/mbsniezna.rzeszow.pl\/index.php\/wp-json\/wp\/v2\/comments?post=8607"}],"version-history":[{"count":1,"href":"https:\/\/mbsniezna.rzeszow.pl\/index.php\/wp-json\/wp\/v2\/posts\/8607\/revisions"}],"predecessor-version":[{"id":8608,"href":"https:\/\/mbsniezna.rzeszow.pl\/index.php\/wp-json\/wp\/v2\/posts\/8607\/revisions\/8608"}],"wp:featuredmedia":[{"embeddable":true,"href":"https:\/\/mbsniezna.rzeszow.pl\/index.php\/wp-json\/wp\/v2\/media\/7585"}],"wp:attachment":[{"href":"https:\/\/mbsniezna.rzeszow.pl\/index.php\/wp-json\/wp\/v2\/media?parent=8607"}],"wp:term":[{"taxonomy":"category","embeddable":true,"href":"https:\/\/mbsniezna.rzeszow.pl\/index.php\/wp-json\/wp\/v2\/categories?post=8607"},{"taxonomy":"post_tag","embeddable":true,"href":"https:\/\/mbsniezna.rzeszow.pl\/index.php\/wp-json\/wp\/v2\/tags?post=8607"}],"curies":[{"name":"wp","href":"https:\/\/api.w.org\/{rel}","templated":true}]}}