{"id":8614,"date":"2022-03-06T15:37:42","date_gmt":"2022-03-06T14:37:42","guid":{"rendered":"https:\/\/mbsniezna.rzeszow.pl\/?p=8614"},"modified":"2022-03-11T19:05:01","modified_gmt":"2022-03-11T18:05:01","slug":"i-niedziela-wielkiego-postu-ogloszenia-6-marca-2022-roku","status":"publish","type":"post","link":"https:\/\/mbsniezna.rzeszow.pl\/index.php\/2022\/03\/06\/i-niedziela-wielkiego-postu-ogloszenia-6-marca-2022-roku\/","title":{"rendered":"I NIEDZIELA WIELKIEGO POSTU-OG\u0141OSZENIA-6 MARCA 2022 ROKU"},"content":{"rendered":"<p>&nbsp;<\/p>\n<ol>\n<li>Trwa nowenna o powo\u0142ania kap\u0142a\u0144skie, zakonne i misyjne za wstawiennictwem \u015bw. Andrzeja Boboli.<\/li>\n<\/ol>\n<ol start=\"2\">\n<li>We wtorek nabo\u017ce\u0144stwo do \u015bw. Antoniego.<\/li>\n<\/ol>\n<ol start=\"3\">\n<li>We wtorek Dzie\u0144 Kobiet \u2013 modlimy si\u0119 za wszystkie kobiety.<\/li>\n<\/ol>\n<ol start=\"4\">\n<li>W \u015brod\u0119 Nowenna do Matki Bo\u017cej \u015anie\u017cnej. O 19.00 szko\u0142a duchowo\u015bci.<\/li>\n<\/ol>\n<ol start=\"5\">\n<li>W czwartek od 17.15 adoracja i mo\u017cliwo\u015b\u0107 spowiedzi. O 19.00 spotkanie kandydat\u00f3w do bierzmowania: grupa II \u2013 klasa VIIIc i uczniowie spoza naszej szko\u0142y.<\/li>\n<\/ol>\n<ol start=\"6\">\n<li>W pi\u0105tek nabo\u017ce\u0144stwo Drogi Krzy\u017cowej o 17.30 i 20.00. Spotkania oazy: 16.30-m\u0142odsza, 19.00-starsza.<\/li>\n<\/ol>\n<ol start=\"7\">\n<li>W sobot\u0119 o 10.00 spotkanie scholii parafialnej.<\/li>\n<\/ol>\n<ol start=\"8\">\n<li>W niedziel\u0119 Droga Krzy\u017cowa o 6.30, a Gorzkie \u017bale o 17.00.<\/li>\n<\/ol>\n<ol start=\"9\">\n<li>Przysz\u0142a niedziela po\u015bwi\u0119cona jest misjom i nosi nazw\u0119 \u201eAd gentes\u201d-\u201eDo narod\u00f3w\u201d. B\u0119dzie zbi\u00f3rka do puszek na misje.<\/li>\n<\/ol>\n<ol start=\"10\">\n<li>Zapowiedzi: Marcin Misztal i Ma\u0142gorzata Marsza\u0142ek (zap. I).<\/li>\n<\/ol>\n<ol start=\"11\">\n<li>Trwamy w prze\u017cywaniu Roku Rodziny. W tym tygodniu prosimy rodzic\u00f3w aby pomodlili si\u0119 za swoje ju\u017c doros\u0142e dzieci. Pomoce do modlitwy s\u0105 na parafialnym FB, tam te\u017c jest nowy filmik o rodzinie pt. \u201eMi\u0142o\u015b\u0107 p\u0142odna\u201d.<\/li>\n<\/ol>\n<ol start=\"12\">\n<li>W dniach 21-22 marca w naszym ko\u015bciele planowane jest<span class=\"Apple-converted-space\">&nbsp; <\/span>ca\u0142odobowe czuwanie modlitewne \u201eJerycho r\u00f3\u017ca\u0144cowe\u201d na intencje pokoju na Ukrainie i o uchronienie Polski od wojny.<\/li>\n<\/ol>\n<ol start=\"13\">\n<li>W sobot\u0119 26 marca pragniemy zorganizowa\u0107<span class=\"Apple-converted-space\">&nbsp; <\/span>wyjazd na plenerow\u0105 Drog\u0119 Krzy\u017cow\u0105 na \u015awi\u0119ty Krzy\u017c. Wyj\u015bcie z Nowej S\u0142upi traktem kr\u00f3lewskim. <span style=\"color: #ff0000;\"><strong>Cena 100 z\u0142<\/strong><\/span> \u2013 autobus, obiad dwudaniowy, ubezpieczenie. Zapisy z zap\u0142at\u0105 w przysz\u0142\u0105<span class=\"Apple-converted-space\">&nbsp; <\/span>niedziel\u0119.<\/li>\n<\/ol>\n<p><span class=\"Apple-converted-space\">&nbsp;<\/span><\/p>\n<ol start=\"14\">\n<li>B\u00f3g zap\u0142a\u0107 za ofiary na sprz\u0105tanie ko\u015bcio\u0142a. W tym tygodniu z ul. Pogodne Wzg\u00f3rze prosimy rodziny z numer\u00f3w: 88, 82, 80, 78, 76, 72, 68, 66, 64, 56, 54a, 52.<\/li>\n<\/ol>\n<ol start=\"15\">\n<li>Bardzo serdecznie dzi\u0119kujemy za ofiary ze \u015arody Popielcowej na pomoc uchod\u017acom z Ukrainy. Z\u0142o\u017cono 18 tys. z\u0142. Pieni\u0105dze ju\u017c zosta\u0142y wp\u0142acone na konto Caritas Diecezji Rzeszowskiej.<\/li>\n<\/ol>\n<ol start=\"16\">\n<li>Dzi\u0119kujemy za sk\u0142adane dary na pomoc uchod\u017acom. Cz\u0119\u015b\u0107 tych dar\u00f3w przez Caritas Diecezjaln\u0105 zosta\u0142a ju\u017c wywieziona na Ukrain\u0119. Na razie wstrzymujemy zbieranie dar\u00f3w. Za jaki\u015b czas do zbi\u00f3rki powr\u00f3cimy.<span class=\"Apple-converted-space\">&nbsp;<\/span><\/li>\n<\/ol>\n<ol start=\"17\">\n<li>Rodziny, kt\u00f3re pragn\u0105 udzieli\u0107 schronienia uchod\u017acom w swoim domu prosimy o kontakt z ks. Damianem. Rozdzia\u0142 uchod\u017ac\u00f3w koordynuje Caritas Diecezjalna.<\/li>\n<\/ol>\n<ol start=\"18\">\n<li>Dzisiaj po Mszach \u015bw. jest zbi\u00f3rka do puszek na pomoc rodzinie z naszej parafii, kt\u00f3rej spali\u0142 si\u0119 dom. B\u00f3g zap\u0142a\u0107 wszystkim ofiarodawcom. Dzi\u0119kujemy cz\u0142onkom Szkolnego Ko\u0142a Caritas za przeprowadzanie zbi\u00f3rki.<\/li>\n<\/ol>\n","protected":false},"excerpt":{"rendered":"<p>&#8230;<\/p>\n","protected":false},"author":1,"featured_media":7637,"comment_status":"closed","ping_status":"open","sticky":false,"template":"","format":"standard","meta":{"ngg_post_thumbnail":0,"footnotes":""},"categories":[25,13,14],"tags":[],"class_list":["post-8614","post","type-post","status-publish","format-standard","has-post-thumbnail","hentry","category-news","category-newsy","category-ogloszenia_duszp"],"_links":{"self":[{"href":"https:\/\/mbsniezna.rzeszow.pl\/index.php\/wp-json\/wp\/v2\/posts\/8614","targetHints":{"allow":["GET"]}}],"collection":[{"href":"https:\/\/mbsniezna.rzeszow.pl\/index.php\/wp-json\/wp\/v2\/posts"}],"about":[{"href":"https:\/\/mbsniezna.rzeszow.pl\/index.php\/wp-json\/wp\/v2\/types\/post"}],"author":[{"embeddable":true,"href":"https:\/\/mbsniezna.rzeszow.pl\/index.php\/wp-json\/wp\/v2\/users\/1"}],"replies":[{"embeddable":true,"href":"https:\/\/mbsniezna.rzeszow.pl\/index.php\/wp-json\/wp\/v2\/comments?post=8614"}],"version-history":[{"count":2,"href":"https:\/\/mbsniezna.rzeszow.pl\/index.php\/wp-json\/wp\/v2\/posts\/8614\/revisions"}],"predecessor-version":[{"id":8616,"href":"https:\/\/mbsniezna.rzeszow.pl\/index.php\/wp-json\/wp\/v2\/posts\/8614\/revisions\/8616"}],"wp:featuredmedia":[{"embeddable":true,"href":"https:\/\/mbsniezna.rzeszow.pl\/index.php\/wp-json\/wp\/v2\/media\/7637"}],"wp:attachment":[{"href":"https:\/\/mbsniezna.rzeszow.pl\/index.php\/wp-json\/wp\/v2\/media?parent=8614"}],"wp:term":[{"taxonomy":"category","embeddable":true,"href":"https:\/\/mbsniezna.rzeszow.pl\/index.php\/wp-json\/wp\/v2\/categories?post=8614"},{"taxonomy":"post_tag","embeddable":true,"href":"https:\/\/mbsniezna.rzeszow.pl\/index.php\/wp-json\/wp\/v2\/tags?post=8614"}],"curies":[{"name":"wp","href":"https:\/\/api.w.org\/{rel}","templated":true}]}}