{"id":8620,"date":"2022-03-12T23:56:14","date_gmt":"2022-03-12T22:56:14","guid":{"rendered":"https:\/\/mbsniezna.rzeszow.pl\/?p=8620"},"modified":"2022-03-12T23:56:14","modified_gmt":"2022-03-12T22:56:14","slug":"ii-niedziela-wielkiego-postu-13-marca-2022-r","status":"publish","type":"post","link":"https:\/\/mbsniezna.rzeszow.pl\/index.php\/2022\/03\/12\/ii-niedziela-wielkiego-postu-13-marca-2022-r\/","title":{"rendered":"II NIEDZIELA WIELKIEGO POSTU \u2013 13 MARCA 2022 R."},"content":{"rendered":"<p>&nbsp;<\/p>\n<ol>\n<li>We wtorek nabo\u017ce\u0144stwo do \u015bw. Antoniego. Po Mszy spotkanie ministrant\u00f3w i lektor\u00f3w.<\/li>\n<\/ol>\n<ol start=\"2\">\n<li>W \u015brod\u0119 nowenna do Matki Bo\u017cej \u015anie\u017cnej. O 19.00 katecheza dla doros\u0142ych.<\/li>\n<\/ol>\n<ol start=\"3\">\n<li>W czwartek od 17.15 adoracja i mo\u017cliwo\u015b\u0107 spowiedzi. Modlitwa przy relikwiach \u015bw. Jana Paw\u0142a II<\/li>\n<\/ol>\n<ol start=\"4\">\n<li>W czwartek na Msz\u0119 wieczorn\u0105 zapraszamy kandydat\u00f3w do bierzmowania z grupy I -klasy VIIIa i VIIIb. O przybycie prosimy tak\u017ce rodzic\u00f3w tych\u017ce kandydat\u00f3w. B\u0119dzie po\u015bwi\u0119cenie i wr\u0119czenie modlitewnik\u00f3w.<\/li>\n<\/ol>\n<ol start=\"5\">\n<li>Czwartek \u2013 17 dzie\u0144 miesi\u0105ca \u2013 dzie\u0144 dedykowany \u015bw. Zygmuntowi Szcz\u0119snemu Feli\u0144skiemu \u2013 b\u0119dziemy przygl\u0105da\u0107 si\u0119 jego drodze \u015bwi\u0119to\u015bci i prosi\u0107 o or\u0119downictwo przed Bogiem.<\/li>\n<\/ol>\n<ol start=\"6\">\n<li>W czwartek i pi\u0105tek odb\u0119d\u0105 si\u0119 rekolekcje dla uczni\u00f3w naszej szko\u0142y. Poprowadzi je ks. \u0141ukasz Mariuszyc z Lubeni. Program zosta\u0142 przes\u0142any rodzicom drog\u0105 elektroniczn\u0105.<\/li>\n<\/ol>\n<ol start=\"7\">\n<li>W pi\u0105tek nabo\u017ce\u0144stwa Drogi Krzy\u017cowej: o 17.30 \u2013 w oparciu o \u017cycie i s\u0142owa \u015bw. Zygmunta Feli\u0144skiego i o 20.00. Spotkania oazy: 16.30-m\u0142odsza, 19.00 starsza.<\/li>\n<\/ol>\n<ol start=\"8\">\n<li>W sobot\u0119 Uroczysto\u015b\u0107 \u015bw. J\u00f3zefa Oblubie\u0144ca Naj\u015bw. Maryi i Opiekuna Pana Jezusa.<\/li>\n<\/ol>\n<ol start=\"9\">\n<li>W sobot\u0119 o 10.00 pr\u00f3ba scholii, o16.30 Msza \u015bw. dla dzieci komunijnych i ich rodzic\u00f3w.<\/li>\n<\/ol>\n<ol start=\"10\">\n<li>W sobot\u0119 pocz\u0105tek Tygodnia Modlitw o Ochron\u0119 \u017bycia. Pomoce s\u0105 na parafialnym FB.<\/li>\n<\/ol>\n<ol start=\"11\">\n<li>W niedziel\u0119 o 6.30 Droga Krzy\u017cowa, o 17.00 Gorzkie \u017cale. R\u00f3\u017caniec r\u00f3\u017ca Krystyny \u015al\u0105czka.<\/li>\n<\/ol>\n<ol start=\"12\">\n<li>W przysz\u0142\u0105 niedziel\u0119 prosimy o sk\u0142adk\u0119 na cele inwestycyjne.<\/li>\n<\/ol>\n<ol start=\"13\">\n<li>Zapowiedzi: Marcin Misztal i Ma\u0142gorzata Marsza\u0142ek (zap. II).<\/li>\n<\/ol>\n<ol start=\"14\">\n<li>B\u00f3g zap\u0142a\u0107 za ofiary na sprz\u0105tanie ko\u015bcio\u0142a. W tym tygodniu z ul. Pogodne Wzg\u00f3rze prosimy rodziny z nast\u0119puj\u0105cych numer\u00f3w: 67, 65, 53, 37, 23, 50, 46, 42, 38\/23, 38\/20, 38\/17, 38\/11, 38\/1.<\/li>\n<\/ol>\n<ol start=\"15\">\n<li>Trwamy w prze\u017cywaniu roku rodziny. Prosimy, aby w tym tygodniu rodzice pomodlili si\u0119 za swoje zmar\u0142e dzieci. Pomoce na FB. Filmik \u201eWezwani do misji Ko\u015bcio\u0142a\u201d.<\/li>\n<\/ol>\n<ol start=\"16\">\n<li>Dzi\u0119kujemy za ofiary na rzecz rodziny, kt\u00f3rej sp\u0142on\u0105\u0142 dom. Z\u0142o\u017cono 16 tys. 600z\u0142.<\/li>\n<\/ol>\n<ol start=\"17\">\n<li>Dzi\u0119kujemy za dary na rzecz uchod\u017ac\u00f3w. Zosta\u0142y one ju\u017c przekazane do Caritas. Dary b\u0119dzie mo\u017cna przynosi\u0107 jutro w godz. od 19.00 do 20.00 do gara\u017cu na plebanii. Lista potrzebnych rzeczy zamieszczona jest na parafialnym FB.<\/li>\n<\/ol>\n<ol start=\"18\">\n<li>Zapraszamy do konkretnej pomocy uchod\u017acom. Ka\u017cdego dnia na stacji PKP w Rzeszowie jest wielu g\u0142odnych ludzi, kt\u00f3rzy z Ukrainy jad\u0105 w g\u0142\u0105b Polski. Brakuje kanapek na drog\u0119 i dro\u017cd\u017c\u00f3wek. Pomoc koordynuje parafianka pani Ewa zapraszamy do wsp\u00f3\u0142pracy. Nr telefonu pani Ewy 500 063 546.<\/li>\n<\/ol>\n<ol start=\"19\">\n<li>W ramach ja\u0142mu\u017cny postnej chcemy wesprze\u0107 odbudow\u0119 ko\u015bcio\u0142a w D\u017awiniaczce na Ukrainie. Ofiary mo\u017cna sk\u0142ada\u0107 do puszki \u201eChleb \u015bw. Antoniego\u201d w balaskach.<\/li>\n<\/ol>\n<ol start=\"20\">\n<li>Jest podstawiony nowy kontener. Prosimy o makulatur\u0119 na misje.<\/li>\n<\/ol>\n<ol start=\"21\">\n<li>Dzisiaj po Mszach \u015bw. zbi\u00f3rka do pusze na misje z racji niedzieli \u201eAd gentes\u201d.<\/li>\n<\/ol>\n<ol start=\"22\">\n<li>Misje mo\u017cemy te\u017c wesprze\u0107 zakupuj\u0105c dewocjonalia \u2013 m.in. r\u00f3\u017ca\u0144ce i krzy\u017ce z drzewa oliwkowego &#8211; przygotowane przez dzieci z \u201eDomu Pokoju\u201d z Betlejem i z sieroci\u0144ca z Jerozolimy, kt\u00f3re prowadzone s\u0105 przez Siostry El\u017cbietanki. To jedyny w Ziemi \u015awi\u0119tej sierociniec dla chrze\u015bcija\u0144skich dzieci palesty\u0144skich, kt\u00f3re utraci\u0142y rodzic\u00f3w. Wszystkie dewocjonalia jakie mo\u017cna<span class=\"Apple-converted-space\">&nbsp; <\/span>dzisiaj zakupi\u0107 w naszej parafii zosta\u0142y wykonane przez dzieci i siostry zakonne.<span class=\"Apple-converted-space\">&nbsp;<\/span><\/li>\n<\/ol>\n<ol start=\"23\">\n<li>Na stoliczku jest darmowa ksi\u0105\u017ceczka z p\u0142yt\u0105 pt. \u201eGorzkie \u017cale\u201d zawieraj\u0105ca medytacje o M\u0119ce Pa\u0144skiej na Wielki Tydzie\u0144.<\/li>\n<\/ol>\n<ol start=\"24\">\n<li>Na wyjazd na Drog\u0119 Krzy\u017cow\u0105 na g\u00f3r\u0119 \u015awi\u0119ty Krzy\u017c nie ma ju\u017c wolnych miejsc.<\/li>\n<\/ol>\n<ol start=\"25\">\n<li>Biblioteka zaprasza na ciekawy film w sobot\u0119 o godz. 19.00.<\/li>\n<\/ol>\n<ol start=\"26\">\n<li>W parafiach Rzeszowa przez siedem dni odbywa\u0107 si\u0119 b\u0119dzie Jerycho R\u00f3\u017ca\u0144cowe \u2013 ca\u0142odobowa \u2013 w dzie\u0144 i w nocy- adoracja Naj\u015bwi\u0119tszego Sakramentu i modlitwa r\u00f3\u017ca\u0144cowa o pok\u00f3j na Ukrainie, o bezpiecze\u0144stwo dla Polski i uchronienie jej od wojny. W naszej parafii ta modlitwa rozpocznie si\u0119 o 18.00 w poniedzia\u0142ek 21 marca, a zako\u0144czy si\u0119 o 18.00 we wtorek 22 marca. Na t\u0119 modlitw\u0119 wszystkich was zapraszamy. Mieszka\u0144cy poszczeg\u00f3lnych ulic zapraszani b\u0119d\u0105 na okre\u015blone godziny. Ka\u017cda ulica b\u0119dzie mia\u0142a wyznaczonego lidera, kt\u00f3ry b\u0119dzie przewodniczy\u0142 modlitwom. W tygodniu pojawi si\u0119 na parafialnym FB rozpiska adoracji poszczeg\u00f3lnych ulic. Na drzwiach s\u0105 plakaty. Sprawa jest wa\u017cna i powa\u017cna. Podejmijmy t\u0119 modlitw\u0119.<\/li>\n<\/ol>\n","protected":false},"excerpt":{"rendered":"<p>&#8230;<\/p>\n","protected":false},"author":1,"featured_media":7640,"comment_status":"closed","ping_status":"open","sticky":false,"template":"","format":"standard","meta":{"ngg_post_thumbnail":0,"footnotes":""},"categories":[25,13,14],"tags":[],"class_list":["post-8620","post","type-post","status-publish","format-standard","has-post-thumbnail","hentry","category-news","category-newsy","category-ogloszenia_duszp"],"_links":{"self":[{"href":"https:\/\/mbsniezna.rzeszow.pl\/index.php\/wp-json\/wp\/v2\/posts\/8620","targetHints":{"allow":["GET"]}}],"collection":[{"href":"https:\/\/mbsniezna.rzeszow.pl\/index.php\/wp-json\/wp\/v2\/posts"}],"about":[{"href":"https:\/\/mbsniezna.rzeszow.pl\/index.php\/wp-json\/wp\/v2\/types\/post"}],"author":[{"embeddable":true,"href":"https:\/\/mbsniezna.rzeszow.pl\/index.php\/wp-json\/wp\/v2\/users\/1"}],"replies":[{"embeddable":true,"href":"https:\/\/mbsniezna.rzeszow.pl\/index.php\/wp-json\/wp\/v2\/comments?post=8620"}],"version-history":[{"count":1,"href":"https:\/\/mbsniezna.rzeszow.pl\/index.php\/wp-json\/wp\/v2\/posts\/8620\/revisions"}],"predecessor-version":[{"id":8621,"href":"https:\/\/mbsniezna.rzeszow.pl\/index.php\/wp-json\/wp\/v2\/posts\/8620\/revisions\/8621"}],"wp:featuredmedia":[{"embeddable":true,"href":"https:\/\/mbsniezna.rzeszow.pl\/index.php\/wp-json\/wp\/v2\/media\/7640"}],"wp:attachment":[{"href":"https:\/\/mbsniezna.rzeszow.pl\/index.php\/wp-json\/wp\/v2\/media?parent=8620"}],"wp:term":[{"taxonomy":"category","embeddable":true,"href":"https:\/\/mbsniezna.rzeszow.pl\/index.php\/wp-json\/wp\/v2\/categories?post=8620"},{"taxonomy":"post_tag","embeddable":true,"href":"https:\/\/mbsniezna.rzeszow.pl\/index.php\/wp-json\/wp\/v2\/tags?post=8620"}],"curies":[{"name":"wp","href":"https:\/\/api.w.org\/{rel}","templated":true}]}}