{"id":8667,"date":"2022-04-30T22:56:10","date_gmt":"2022-04-30T20:56:10","guid":{"rendered":"https:\/\/mbsniezna.rzeszow.pl\/?p=8667"},"modified":"2022-04-30T22:56:10","modified_gmt":"2022-04-30T20:56:10","slug":"iii-niedziela-wielkanocna-1-maja-2022-r","status":"publish","type":"post","link":"https:\/\/mbsniezna.rzeszow.pl\/index.php\/2022\/04\/30\/iii-niedziela-wielkanocna-1-maja-2022-r\/","title":{"rendered":"III NIEDZIELA WIELKANOCNA \u2013 1 MAJA 2022 R."},"content":{"rendered":"<p>&nbsp;<\/p>\n<ol>\n<li>Rozpoczynamy miesi\u0105c maj. Zapraszamy na nabo\u017ce\u0144stwa majowe \u2013 w dni powszednie po Mszy wieczornej, w niedziele i \u015bwi\u0119ta o 15.30.<\/li>\n<\/ol>\n<ol start=\"2\">\n<li>W poniedzia\u0142ek wspomnienie \u015bw. Atanazego.<\/li>\n<\/ol>\n<ol start=\"3\">\n<li>We wtorek Uroczysto\u015b\u0107 Matki Bo\u017cej Kr\u00f3lowej Polski \u2013 g\u0142\u00f3wnej patronki Polski. Porz\u0105dek Mszy \u015bw. jak w niedziel\u0119. Nabo\u017ce\u0144stwo majowe o 15.30. Prosimy wywiesi\u0107 flagi narodowe.<\/li>\n<\/ol>\n<ol start=\"4\">\n<li>W \u015brod\u0119 i we czwartek o 19.00 pr\u00f3by przed bierzmowaniem.<\/li>\n<\/ol>\n<ol start=\"5\">\n<li>W \u015brod\u0119 wspomnienie \u015bw. Floriana patrona stra\u017cak\u00f3w.<\/li>\n<\/ol>\n<ol start=\"6\">\n<li>I czwartek miesi\u0105ca: od 17.15 adoracja Naj\u015bwi\u0119tszego Sakramentu i spowied\u017a- zapraszamy kandydat\u00f3w do bierzmowania z klas VII. Modli\u0107 si\u0119 b\u0119dziemy o powo\u0142ania kap\u0142a\u0144skie, zakonne i misyjne.<\/li>\n<\/ol>\n<ol start=\"7\">\n<li>I pi\u0105tek miesi\u0105ca: spowied\u017a rano 6.30-7.00, po po\u0142udniu od 16.00 spowied\u017a kandydat\u00f3w do bierzmowania z klas VIII ich rodzic\u00f3w i krewnych oraz \u015bwiadk\u00f3w do bierzmowania. Komunia \u015bw. b\u0119dzie o 16.30, 17.00 i 17.30. Prosimy w zakrystii zg\u0142osi\u0107 chorych na pierwszy pi\u0105tek. Spotkania oazy: 16.30-m\u0142odsza, 19.00-starsza.<\/li>\n<\/ol>\n<ol start=\"8\">\n<li>W sobot\u0119 o 18.00 bierzmowanie 113 uczni\u00f3w z klas VIII, kt\u00f3rego udzieli ks. bp. Edward Bia\u0142og\u0142owski. Zapraszamy rodzic\u00f3w, rodze\u0144stwo i dziadk\u00f3w bierzmowanych oraz wszystkich innych parafian. Bierzmowanie jest wa\u017cnym wydarzeniem dla kandydat\u00f3w i ich rodzin, ale tak\u017ce dla ca\u0142ej wsp\u00f3lnoty parafialnej. Dla podkre\u015blenia wagi tego wydarzenia prosimy aby w domach bierzmowanych w sobot\u0119 wieczorem<span class=\"Apple-converted-space\">&nbsp; <\/span>zorganizowa\u0107 uroczyste spotkanie rodzinne przy stole oraz da\u0107 jaki\u015b ma\u0142y prezent. Prosimy aby kandydaci do bierzmowania przyszli w sobot\u0119 najp\u00f3\u017aniej na godzin\u0119 17.20.<\/li>\n<\/ol>\n<ol start=\"9\">\n<li>W przysz\u0142\u0105 niedziel\u0119 go\u015bci\u0142 b\u0119dzie u nas o. Benoit (Benua) \u2013 kombonianin rodem z Togo \u2013 by\u0142 u nas na \u015bwi\u0119ta Bo\u017cego Narodzenia. B\u0119dzie g\u0142osi\u0142 s\u0142owo Bo\u017ce, a po Mszach \u015bw. b\u0119dzie zbiera\u0142 ofiary na misje. B\u0119dzie mia\u0142 te\u017c do kupienia r\u00f3\u017cne materia\u0142y misyjne.<\/li>\n<\/ol>\n<ol start=\"10\">\n<li>R\u00f3\u017caniec w przysz\u0142\u0105 niedziele poprowadzi r\u00f3\u017ca Krystyny \u015al\u0105czka.<\/li>\n<\/ol>\n<ol start=\"11\">\n<li>W przysz\u0142\u0105 niedziel\u0119 pragniemy zorganizowa\u0107 nabo\u017ce\u0144stwo majowe w plenerze. Zapraszamy na godz. 20.00 pod nowy krzy\u017c jubileuszowy przy ul. Budziwojskiej \u2013 na posesji rodziny B\u0142\u00f3\u0144skich.<\/li>\n<\/ol>\n<ol start=\"12\">\n<li>Zapowiedzi: S\u0142awomir Machowski \u2013 Adrianna Piekie\u0142ek (zap. I), Rafa\u0142 Folty\u0144ski \u2013 Patrycja Grzebyk (zap. I), Konrad Bober \u2013 Monika Rzeszutko (zap. I), Pawe\u0142 Pasierb \u2013 Paulina Gw\u00f3\u017ad\u017a (zap. II), Dawid G\u0142odowski \u2013 Joanna Kurcek (zap. II), Krystian Parys-Justyna Maziarz (zap. III).<\/li>\n<\/ol>\n<ol start=\"13\">\n<li>B\u00f3g zap\u0142a\u0107 za ofiary na sprz\u0105tanie ko\u015bcio\u0142a. W tym tygodniu z ul. Chmielnej prosimy rodziny z numer\u00f3w: 98, 98a, 98b, 98c, 98d, 98e, 104, 110, 112, 114, 130.<\/li>\n<\/ol>\n<ol start=\"14\">\n<li>Kontynuujemy do\u017cywianie uchod\u017ac\u00f3w na dworcu PKP. Dzi\u0119kujemy osobom zaanga\u017cowanym. Zapraszamy osoby nowe. Akcj\u0119 w parafii koordynuje pani Ewa. Podajemy telefon do kontaktu: 500 063&nbsp;546. W tym tygodniu dostarczono 19 karton\u00f3w kanapek i dro\u017cd\u017c\u00f3wek.<\/li>\n<\/ol>\n<ol start=\"15\">\n<li>W sobot\u0119 14 maja spotkanie uczestnik\u00f3w lutowej pielgrzymki do Meksyku: o 18.00 Msza \u015bw., a po niej spotkanie w salce pod ko\u015bcio\u0142em.<\/li>\n<\/ol>\n<ol start=\"16\">\n<li>W poniedzia\u0142ek 16 maja po Mszy wieczornej o 18.40 w salce b\u0119dzie spotkanie organizacyjne dla wyje\u017cd\u017caj\u0105cych w lipcu na pielgrzymk\u0119 do kraj\u00f3w nadba\u0142tyckich.<span class=\"Apple-converted-space\">&nbsp;<\/span><\/li>\n<\/ol>\n<ol start=\"17\">\n<li>Na stoliczku za \u0142awkami mamy darmow\u0105 broszurk\u0119 pt. \u201eChwalcie z nami Pani\u0105 \u015bwiata\u201d zawiera ona m.in. histori\u0119 powstania nabo\u017ce\u0144stwa makowego i Litanii Loreta\u0144skiej oraz p\u0142yt\u0119 z pie\u015bniami maryjnymi.<\/li>\n<\/ol>\n","protected":false},"excerpt":{"rendered":"<p>&#8230;<\/p>\n","protected":false},"author":1,"featured_media":8276,"comment_status":"closed","ping_status":"open","sticky":false,"template":"","format":"standard","meta":{"ngg_post_thumbnail":0,"footnotes":""},"categories":[25,13,14],"tags":[],"class_list":["post-8667","post","type-post","status-publish","format-standard","has-post-thumbnail","hentry","category-news","category-newsy","category-ogloszenia_duszp"],"_links":{"self":[{"href":"https:\/\/mbsniezna.rzeszow.pl\/index.php\/wp-json\/wp\/v2\/posts\/8667","targetHints":{"allow":["GET"]}}],"collection":[{"href":"https:\/\/mbsniezna.rzeszow.pl\/index.php\/wp-json\/wp\/v2\/posts"}],"about":[{"href":"https:\/\/mbsniezna.rzeszow.pl\/index.php\/wp-json\/wp\/v2\/types\/post"}],"author":[{"embeddable":true,"href":"https:\/\/mbsniezna.rzeszow.pl\/index.php\/wp-json\/wp\/v2\/users\/1"}],"replies":[{"embeddable":true,"href":"https:\/\/mbsniezna.rzeszow.pl\/index.php\/wp-json\/wp\/v2\/comments?post=8667"}],"version-history":[{"count":1,"href":"https:\/\/mbsniezna.rzeszow.pl\/index.php\/wp-json\/wp\/v2\/posts\/8667\/revisions"}],"predecessor-version":[{"id":8668,"href":"https:\/\/mbsniezna.rzeszow.pl\/index.php\/wp-json\/wp\/v2\/posts\/8667\/revisions\/8668"}],"wp:featuredmedia":[{"embeddable":true,"href":"https:\/\/mbsniezna.rzeszow.pl\/index.php\/wp-json\/wp\/v2\/media\/8276"}],"wp:attachment":[{"href":"https:\/\/mbsniezna.rzeszow.pl\/index.php\/wp-json\/wp\/v2\/media?parent=8667"}],"wp:term":[{"taxonomy":"category","embeddable":true,"href":"https:\/\/mbsniezna.rzeszow.pl\/index.php\/wp-json\/wp\/v2\/categories?post=8667"},{"taxonomy":"post_tag","embeddable":true,"href":"https:\/\/mbsniezna.rzeszow.pl\/index.php\/wp-json\/wp\/v2\/tags?post=8667"}],"curies":[{"name":"wp","href":"https:\/\/api.w.org\/{rel}","templated":true}]}}