{"id":8899,"date":"2022-07-16T22:45:17","date_gmt":"2022-07-16T20:45:17","guid":{"rendered":"https:\/\/mbsniezna.rzeszow.pl\/?p=8899"},"modified":"2022-07-16T22:45:17","modified_gmt":"2022-07-16T20:45:17","slug":"intencje-mszalne-18-24-07-2022-r","status":"publish","type":"post","link":"https:\/\/mbsniezna.rzeszow.pl\/index.php\/2022\/07\/16\/intencje-mszalne-18-24-07-2022-r\/","title":{"rendered":"INTENCJE MSZALNE\u00a0 18 -24.07 2022 r."},"content":{"rendered":"<p>&nbsp;<\/p>\n<p>Poniedzia\u0142ek 18.07<\/p>\n<table cellspacing=\"0\" cellpadding=\"0\">\n<tbody>\n<tr>\n<td valign=\"middle\">7.00<\/td>\n<td valign=\"top\">1. +Janina, Eugeniusz Kotula, Danuta Hajnosz<\/td>\n<\/tr>\n<tr>\n<td valign=\"middle\">18.00<\/td>\n<td valign=\"top\">1. +Jan Bal (18)<\/p>\n<p>2.+ Wies\u0142awa, Stanis\u0142aw Piekie\u0142ek, Gra\u017cyna Paluch od Arletty<\/p>\n<p>*+Stanis\u0142aw Cag (18) \u2013 Tarnoszyn, +Ignacy Szcz\u0119ch (18) \u2013 Barlinek, + Alfreda Piekie\u0142ek od Ewy Tobiasz \u2013 J\u0119drzej\u00f3w<\/p>\n<p>*+Stanis\u0142aw Piero\u017cak od brata Mietka z rodzin\u0105 \u2013 ks. Micha\u0142<\/td>\n<\/tr>\n<\/tbody>\n<\/table>\n<p>Wtorek: 19.07<\/p>\n<table cellspacing=\"0\" cellpadding=\"0\">\n<tbody>\n<tr>\n<td valign=\"middle\">7.00<\/td>\n<td valign=\"top\">1. +Anna Baran<\/td>\n<\/tr>\n<tr>\n<td valign=\"middle\">18.00<\/td>\n<td valign=\"top\">1. O zdrowie i b\u0142ogos\u0142awie\u0144stwo Bo\u017ce dla mamy<\/p>\n<p>2.+Jan Bal (19)<\/p>\n<p>*+ Stanis\u0142aw Cag (19) \u2013 Tarnoszyn, +Ignacy Szcz\u0119ch (19) \u2013 Barlinek, +Maria Kukla od Tadeusza Matu\u0142a z rodzin\u0105 \u2013 J\u0119drzej\u00f3w<\/p>\n<p>*+Maria Kukla od Andrzeja Pr\u0119dkiego z rodzin\u0105 \u2013 ks. Micha\u0142<\/td>\n<\/tr>\n<\/tbody>\n<\/table>\n<p>\u015aroda: 20.07.<\/p>\n<table cellspacing=\"0\" cellpadding=\"0\">\n<tbody>\n<tr>\n<td valign=\"middle\">7.00<\/td>\n<td valign=\"top\">1. +Katarzyna, Kazimierz Krok<\/td>\n<\/tr>\n<tr>\n<td valign=\"middle\">18.00<\/td>\n<td valign=\"top\">1. +Jan Bal (20)<\/p>\n<p>2. +Jacek W\u00f3jcik od kuzyna Tomka z rodzin\u0105<\/p>\n<p>*+ +Stanis\u0142aw Cag (20) \u2013 Tarnoszyn, +Ignacy Szcz\u0119ch (20) \u2013 Barlinek, +Janina Kocur od Ch\u0142and\u00f3w \u2013 J\u0119drzej\u00f3w<\/p>\n<p>* +Janina Kocur od kole\u017canek i koleg\u00f3w c\u00f3rki i wnuczki z Unimetu \u2013 ks. Micha\u0142<\/td>\n<\/tr>\n<\/tbody>\n<\/table>\n<p>Czwartek 21.07<\/p>\n<table cellspacing=\"0\" cellpadding=\"0\">\n<tbody>\n<tr>\n<td valign=\"middle\">7.00<\/td>\n<td valign=\"top\">1. +Emil Ko\u015bci\u00f3\u0142ek (15 rocz.)<\/td>\n<\/tr>\n<tr>\n<td valign=\"middle\">18.00<\/td>\n<td valign=\"top\">1. +Jan Bal (21)<\/p>\n<p>2. Dzi\u0119kczynna za \u017cycie Izabeli i o Bo\u017ce b\u0142ogos\u0142awie\u0144stwo dla jej bliskich od ojca chrzestnego Sebastiana<\/p>\n<p>*+ Stanis\u0142aw Cag (21) \u2013 Tarnoszyn, +Ignacy Szcz\u0119ch (21) \u2013 Barlinek, +Jacek W\u00f3jcik od Zofii Anny Kalita \u2013 J\u0119drzej\u00f3w<\/p>\n<p>*+ Dariusz Wac\u0142awek od Marii i Edwarda Krupa \u2013 ks. Micha\u0142<\/td>\n<\/tr>\n<\/tbody>\n<\/table>\n<p>Pi\u0105tek<span class=\"Apple-converted-space\">&nbsp; <\/span>22.07<\/p>\n<table cellspacing=\"0\" cellpadding=\"0\">\n<tbody>\n<tr>\n<td valign=\"middle\">7.00<\/td>\n<td valign=\"top\">1. O zdrowie i szcz\u0119\u015bliwa operacj\u0119 dla Weroniki od Grupy Odnowy<\/td>\n<\/tr>\n<tr>\n<td valign=\"middle\">18.00<\/td>\n<td valign=\"top\">1. +Jan Bal (22)<\/p>\n<p>2. +Alfreda Piekie\u0142ek od rodzin: Gierla, Pi\u00f3rkowski, Pajda, Styka, Za\u0142\u0119ska<\/p>\n<p>*+Stanis\u0142aw Cag (22) \u2013 Tarnoszyn, +Ignacy Szcz\u0119ch (22) \u2013 Barlinek; +W\u0142adys\u0142aw Go\u015b od rodziny Marszczak\u00f3w \u2013 J\u0119drzej\u00f3w<\/p>\n<p>*+Joanna Pa\u0142ka od rodziny Medygra\u0142\u00f3w \u2013 ks. Micha\u0142<\/td>\n<\/tr>\n<\/tbody>\n<\/table>\n<p>Sobota 23.07<\/p>\n<table cellspacing=\"0\" cellpadding=\"0\">\n<tbody>\n<tr>\n<td valign=\"middle\">7.00<\/td>\n<td valign=\"top\">1. +Jadwiga Dobek ++ z rodziny<\/td>\n<\/tr>\n<tr>\n<td valign=\"middle\">18.00<\/td>\n<td valign=\"top\">1. +Jan Bal (23)<\/p>\n<p>2. +W\u0142adys\u0142aw Go\u015b od c\u00f3rki Marty<\/p>\n<p>*+Stanis\u0142aw Cag (23) \u2013 Tarnoszyn, +Ignacy Szcz\u0119ch (23) \u2013 Barlinek; +Dariusz Wac\u0142awek od swat\u00f3w Str\u00f3\u017c\u00f3w &#8211; J\u0119drzej\u00f3w<\/td>\n<\/tr>\n<\/tbody>\n<\/table>\n<p>Niedziela<span class=\"Apple-converted-space\">&nbsp; <\/span>24.07<\/p>\n<table cellspacing=\"0\" cellpadding=\"0\">\n<tbody>\n<tr>\n<td valign=\"middle\">7.00<\/td>\n<td valign=\"top\">1. O b\u0142ogos\u0142awie\u0144stwo Bo\u017ce dla Alicji i Andrzeja w 36 rocznic\u0119 \u015blubu<\/td>\n<\/tr>\n<tr>\n<td valign=\"middle\">9.00<\/td>\n<td valign=\"top\">1. +Stefan Rzeszutko<\/td>\n<\/tr>\n<tr>\n<td valign=\"middle\">10.30<\/td>\n<td valign=\"top\">1. +Jan Bal (17)<\/p>\n<p>*+Stanis\u0142aw Cag (24) \u2013 Tarnoszyn, +Ignacy Szcz\u0119ch (24) \u2013 Barlinek,<span class=\"Apple-converted-space\">&nbsp;<\/span><\/p>\n<p>*+Dariusz Wac\u0142awek od Agnieszki i Dariusza Wilk -ks. Micha\u0142<\/td>\n<\/tr>\n<tr>\n<td valign=\"middle\">12.00<\/td>\n<td valign=\"top\">1. Za parafian \u017cywych i zmar\u0142ych<\/td>\n<\/tr>\n<tr>\n<td valign=\"middle\">16.00<\/td>\n<td valign=\"top\">1. +Anna, Stanis\u0142aw Dudek, ++ z rodziny<\/td>\n<\/tr>\n<tr>\n<td valign=\"middle\">18.00<\/td>\n<td valign=\"top\">1. +Helena Stanis\u0142aw (18 rocz.)<\/td>\n<\/tr>\n<\/tbody>\n<\/table>\n","protected":false},"excerpt":{"rendered":"<p>&#8230;<\/p>\n","protected":false},"author":1,"featured_media":7666,"comment_status":"closed","ping_status":"open","sticky":false,"template":"","format":"standard","meta":{"ngg_post_thumbnail":0,"footnotes":""},"categories":[4,25,13],"tags":[],"class_list":["post-8899","post","type-post","status-publish","format-standard","has-post-thumbnail","hentry","category-intencje","category-news","category-newsy"],"_links":{"self":[{"href":"https:\/\/mbsniezna.rzeszow.pl\/index.php\/wp-json\/wp\/v2\/posts\/8899","targetHints":{"allow":["GET"]}}],"collection":[{"href":"https:\/\/mbsniezna.rzeszow.pl\/index.php\/wp-json\/wp\/v2\/posts"}],"about":[{"href":"https:\/\/mbsniezna.rzeszow.pl\/index.php\/wp-json\/wp\/v2\/types\/post"}],"author":[{"embeddable":true,"href":"https:\/\/mbsniezna.rzeszow.pl\/index.php\/wp-json\/wp\/v2\/users\/1"}],"replies":[{"embeddable":true,"href":"https:\/\/mbsniezna.rzeszow.pl\/index.php\/wp-json\/wp\/v2\/comments?post=8899"}],"version-history":[{"count":1,"href":"https:\/\/mbsniezna.rzeszow.pl\/index.php\/wp-json\/wp\/v2\/posts\/8899\/revisions"}],"predecessor-version":[{"id":8900,"href":"https:\/\/mbsniezna.rzeszow.pl\/index.php\/wp-json\/wp\/v2\/posts\/8899\/revisions\/8900"}],"wp:featuredmedia":[{"embeddable":true,"href":"https:\/\/mbsniezna.rzeszow.pl\/index.php\/wp-json\/wp\/v2\/media\/7666"}],"wp:attachment":[{"href":"https:\/\/mbsniezna.rzeszow.pl\/index.php\/wp-json\/wp\/v2\/media?parent=8899"}],"wp:term":[{"taxonomy":"category","embeddable":true,"href":"https:\/\/mbsniezna.rzeszow.pl\/index.php\/wp-json\/wp\/v2\/categories?post=8899"},{"taxonomy":"post_tag","embeddable":true,"href":"https:\/\/mbsniezna.rzeszow.pl\/index.php\/wp-json\/wp\/v2\/tags?post=8899"}],"curies":[{"name":"wp","href":"https:\/\/api.w.org\/{rel}","templated":true}]}}